{"id":2577,"date":"2024-10-31T21:17:31","date_gmt":"2024-10-31T21:17:31","guid":{"rendered":"https:\/\/deportodos.com.ar\/2023\/?p=2577"},"modified":"2024-10-31T21:17:32","modified_gmt":"2024-10-31T21:17:32","slug":"definidos-los-cuarto-de-final-de-la-liga-provincial-de-basquet","status":"publish","type":"post","link":"https:\/\/deportodos.com.ar\/2023\/definidos-los-cuarto-de-final-de-la-liga-provincial-de-basquet\/","title":{"rendered":"DEFINIDOS LOS CUARTO DE FINAL DE LA LIGA PROVINCIAL DE BASQUET"},"content":{"rendered":"\n<p><strong>LA PRIMERA VEZ PARA URQUIZA, SANTA ROSA Y CICLISTA<\/strong><\/p>\n\n\n\n<p>Destacar que ser\u00e1 la primera vez que dos localidades muy basquetboleras como Santa Elena y Chajar\u00ed, con mucha historia dentro del b\u00e1squet de nuestra provincia, ser\u00e1n parte de una competencia nacional.<\/p>\n\n\n\n<p>La \u201cCiudad de Amigos\u201d con la participaci\u00f3n de Santa Rosa y V\u00e9lez regres\u00f3 este a\u00f1o a la Liga Provincial despu\u00e9s de 36 a\u00f1os, desde la intervenci\u00f3n de Uni\u00f3n de Chajar\u00ed en el certamen entrerriano de mayores de 1988.<\/p>\n\n\n\n<p>En tanto, Urquiza, luego de 11 a\u00f1os de su primera aparici\u00f3n en la \u00e9lite provincial, logr\u00f3 el ansiado ascenso al Federal. No solo ser\u00e1 el primer equipo de la ciudad en jugar el certamen nacional, sino del departamento La Paz.<\/p>\n\n\n\n<p>Por su parte, Ciclista de Paran\u00e1 tambi\u00e9n tendr\u00eda su debut a nivel nacional. El a\u00f1o pasado logr\u00f3 el lugar en la Liga Federal, pero por cuestiones organizativas desisti\u00f3 de jugar. El 2025 podr\u00eda ser definitivamente su estreno.<\/p>\n\n\n\n<p><strong>CUARTA FASE: 4tos DE FINAL \u2013 ZONA CAMPEONATO<\/strong><\/p>\n\n\n\n<p>En esta Fase se enfrentan los ocho ganadores de la Fase 3, al mejor de tres partidos.<\/p>\n\n\n\n<p><strong><em>1\u00ba REGATAS vs. 8\u00ba URQUIZA<\/em><\/strong><\/p>\n\n\n\n<p><strong><em>2\u00ba C. ENTRERRIANO vs. 7\u00ba BH<\/em><\/strong><\/p>\n\n\n\n<p><strong><em>3\u00ba SANTA ROSA vs. 6\u00ba SPORTIVO S.S.<\/em><\/strong><\/p>\n\n\n\n<p><strong><em>4\u00ba CICLISTA vs. 5\u00ba LUIS LUCIANO<\/em><\/strong><\/p>\n\n\n\n<p><strong><em>Partidos<\/em><\/strong><\/p>\n\n\n\n<p>1\u00ba juego: mi\u00e9rcoles 30\/10 a las 21 horas)<\/p>\n\n\n\n<p>2\u00ba juego: viernes 01\/11 a las 21.30 horas<\/p>\n\n\n\n<p>3\u00ba juego de ser necesario: domingo 3\/11 a las 21 horas)<\/p>\n\n\n\n<p><strong>CUARTA FASE: 4tos DE FINAL \u2013 ZONA REPECHAJE<\/strong><\/p>\n\n\n\n<p>En esta Fase se enfrentan los ocho perdedores de la Fase 3, al mejor de cinco partidos en busca de las cuatro plazas restantes para la Liga Federal 2025.- Los cambios de fecha, se originan por la disponibilidad de \u00e1rbitros.<\/p>\n\n\n\n<p><strong><em>9\u00ba ESTUDIANTES (Concordia) vs. 16\u00ba INDEPENDIENTE<\/em><\/strong><\/p>\n\n\n\n<p><strong><em>10\u00ba LA ARMONIA vs. 15\u00ba FERRO S.S.<\/em><\/strong><\/p>\n\n\n\n<p><strong><em>11\u00ba PE\u00d1AROL vs. 14\u00ba ESTUDIANTES (Paran\u00e1)<\/em><\/strong><\/p>\n\n\n\n<p><strong><em>12\u00ba ZANINETTI vs. 13\u00ba ATLETICO TALA<\/em><\/strong><\/p>\n\n\n\n<p><strong><em>Partidos<\/em><\/strong><\/p>\n\n\n\n<p>1\u00ba juego: mi\u00e9rcoles 30\/10 a las 21 horas.<\/p>\n\n\n\n<p>2\u00ba juego: viernes 01\/11 a las 21.30 horas.<\/p>\n\n\n\n<p>3\u00ba juego: mi\u00e9rcoles 06\/11 a las 21 horas.<\/p>\n\n\n\n<p>4\u00ba juego de ser necesario: viernes 08\/11 a las 21.30 horas.<\/p>\n\n\n\n<p>5\u00ba juego de ser necesario: mi\u00e9rcoles 13\/11 a las 21 horas.<\/p>\n\n\n\n<blockquote class=\"wp-block-quote is-layout-flow wp-block-quote-is-layout-flow\">\n<p>www.basquetentrerios.com<\/p>\n<\/blockquote>\n","protected":false},"excerpt":{"rendered":"<p>LA PRIMERA VEZ PARA URQUIZA, SANTA ROSA Y CICLISTA Destacar que ser\u00e1 la primera vez&#8230;<\/p>\n","protected":false},"author":2,"featured_media":2578,"comment_status":"open","ping_status":"open","sticky":false,"template":"","format":"standard","meta":{"footnotes":""},"categories":[9],"tags":[],"class_list":["post-2577","post","type-post","status-publish","format-standard","has-post-thumbnail","hentry","category-basquet"],"featured_image_urls":{"full":["https:\/\/deportodos.com.ar\/2023\/wp-content\/uploads\/2024\/10\/WhatsApp-Image-2024-10-28-at-4.46.05-PM-1-1024x774-1.jpeg",1024,774,false],"thumbnail":["https:\/\/deportodos.com.ar\/2023\/wp-content\/uploads\/2024\/10\/WhatsApp-Image-2024-10-28-at-4.46.05-PM-1-1024x774-1-150x150.jpeg",150,150,true],"medium":["https:\/\/deportodos.com.ar\/2023\/wp-content\/uploads\/2024\/10\/WhatsApp-Image-2024-10-28-at-4.46.05-PM-1-1024x774-1-300x227.jpeg",300,227,true],"medium_large":["https:\/\/deportodos.com.ar\/2023\/wp-content\/uploads\/2024\/10\/WhatsApp-Image-2024-10-28-at-4.46.05-PM-1-1024x774-1-768x581.jpeg",640,484,true],"large":["https:\/\/deportodos.com.ar\/2023\/wp-content\/uploads\/2024\/10\/WhatsApp-Image-2024-10-28-at-4.46.05-PM-1-1024x774-1.jpeg",640,484,false],"1536x1536":["https:\/\/deportodos.com.ar\/2023\/wp-content\/uploads\/2024\/10\/WhatsApp-Image-2024-10-28-at-4.46.05-PM-1-1024x774-1.jpeg",1024,774,false],"2048x2048":["https:\/\/deportodos.com.ar\/2023\/wp-content\/uploads\/2024\/10\/WhatsApp-Image-2024-10-28-at-4.46.05-PM-1-1024x774-1.jpeg",1024,774,false],"covernews-featured":["https:\/\/deportodos.com.ar\/2023\/wp-content\/uploads\/2024\/10\/WhatsApp-Image-2024-10-28-at-4.46.05-PM-1-1024x774-1.jpeg",1024,774,false],"covernews-medium":["https:\/\/deportodos.com.ar\/2023\/wp-content\/uploads\/2024\/10\/WhatsApp-Image-2024-10-28-at-4.46.05-PM-1-1024x774-1-540x340.jpeg",540,340,true]},"author_info":{"display_name":"c2530142","author_link":"https:\/\/deportodos.com.ar\/2023\/author\/c2530142\/"},"category_info":"<a href=\"https:\/\/deportodos.com.ar\/2023\/category\/basquet\/\" rel=\"category tag\">Basquet<\/a>","tag_info":"Basquet","comment_count":"0","_links":{"self":[{"href":"https:\/\/deportodos.com.ar\/2023\/wp-json\/wp\/v2\/posts\/2577","targetHints":{"allow":["GET"]}}],"collection":[{"href":"https:\/\/deportodos.com.ar\/2023\/wp-json\/wp\/v2\/posts"}],"about":[{"href":"https:\/\/deportodos.com.ar\/2023\/wp-json\/wp\/v2\/types\/post"}],"author":[{"embeddable":true,"href":"https:\/\/deportodos.com.ar\/2023\/wp-json\/wp\/v2\/users\/2"}],"replies":[{"embeddable":true,"href":"https:\/\/deportodos.com.ar\/2023\/wp-json\/wp\/v2\/comments?post=2577"}],"version-history":[{"count":1,"href":"https:\/\/deportodos.com.ar\/2023\/wp-json\/wp\/v2\/posts\/2577\/revisions"}],"predecessor-version":[{"id":2579,"href":"https:\/\/deportodos.com.ar\/2023\/wp-json\/wp\/v2\/posts\/2577\/revisions\/2579"}],"wp:featuredmedia":[{"embeddable":true,"href":"https:\/\/deportodos.com.ar\/2023\/wp-json\/wp\/v2\/media\/2578"}],"wp:attachment":[{"href":"https:\/\/deportodos.com.ar\/2023\/wp-json\/wp\/v2\/media?parent=2577"}],"wp:term":[{"taxonomy":"category","embeddable":true,"href":"https:\/\/deportodos.com.ar\/2023\/wp-json\/wp\/v2\/categories?post=2577"},{"taxonomy":"post_tag","embeddable":true,"href":"https:\/\/deportodos.com.ar\/2023\/wp-json\/wp\/v2\/tags?post=2577"}],"curies":[{"name":"wp","href":"https:\/\/api.w.org\/{rel}","templated":true}]}}