{"id":259,"date":"2023-11-11T18:39:59","date_gmt":"2023-11-11T18:39:59","guid":{"rendered":"https:\/\/deportodos.com.ar\/2023\/?p=259"},"modified":"2023-11-11T18:39:59","modified_gmt":"2023-11-11T18:39:59","slug":"otro-doble-de-conferencia-1","status":"publish","type":"post","link":"https:\/\/deportodos.com.ar\/2023\/otro-doble-de-conferencia-1\/","title":{"rendered":"OTRO \u201cDOBLE\u201d DE CONFERENCIA 1"},"content":{"rendered":"\n<p>La Conferencia 1 del Pre Federal de B\u00e1squetbol tiene nuevamente doble fecha este fin de semana, jug\u00e1ndose la Fecha 15 este viernes 3 de noviembre y la 16 el domingo 4.<br>El l\u00edder de dicha conferencia, Parque Sur, viajar\u00e1 a San Jos\u00e9 para medirse con el conjunto local este viernes y el domingo va a recibir a Central Entrerriano para tratar de seguir en lo m\u00e1s alto de la tabla. Se destaca tambi\u00e9n para el domingo el cl\u00e1sico gualeyo entre Bancario y BH.<br>Los partidos ser\u00e1n los siguientes:<\/p>\n\n\n\n<p>FECHA 15 \u2013 Viernes 3 de noviembre<br>Regatas vs. Racing de Gualeguaych\u00fa.<br>Ferrocarril Concordia vs. Bancario Gualeguay.<br>BH Gualeguay vs. Estudiantes Concordia.<br>San Jos\u00e9 vs. Parque Sur.<br>Central Entrerriano vs. Atl. Tala.<br>Libre: Sp. San Salvador.<br>Nota: Todos los partidos est\u00e1n estipulados para las 21.30 horas, pero cada club local puede modificarlos, llegado el caso.<\/p>\n\n\n\n<p>FECHA 16 \u2013 Domingo 5 de noviembre<br>Parque Sur vs. Central Entrerriano.<br>Estudiantes Concordia vs. San Jos\u00e9.<br>Bancario Gualeguay vs. BH de Gualeguay.<br>Racing de Gualeguaych\u00fa vs. Ferrocarril.<br>Sp. San Salvador vs. Regatas.<br>Libre: Atl. Tala.<br>Nota: Todos los partidos est\u00e1n dispuestos para la hora 20, pero cada club puede modificar el mismo, previo aviso a la Confederaci\u00f3n Entrerriana.<br>Posiciones: Parque Sur 24, Regatas 22, Sp. San Salvador 21, Central Entrerriano, Atl. Tala y BH Gualeguay 20, Bancario 19, Ferrocarril 18, Racing y San Jos\u00e9 16, Estudiantes Concordia 14.<\/p>\n","protected":false},"excerpt":{"rendered":"<p>La Conferencia 1 del Pre Federal de B\u00e1squetbol tiene nuevamente doble fecha este fin de&#8230;<\/p>\n","protected":false},"author":2,"featured_media":260,"comment_status":"open","ping_status":"open","sticky":false,"template":"","format":"standard","meta":{"footnotes":""},"categories":[9],"tags":[],"class_list":["post-259","post","type-post","status-publish","format-standard","has-post-thumbnail","hentry","category-basquet"],"featured_image_urls":{"full":["https:\/\/deportodos.com.ar\/2023\/wp-content\/uploads\/2023\/11\/WhatsApp-Image-2023-11-01-at-2.54.27-PM.jpeg",1599,1063,false],"thumbnail":["https:\/\/deportodos.com.ar\/2023\/wp-content\/uploads\/2023\/11\/WhatsApp-Image-2023-11-01-at-2.54.27-PM-150x150.jpeg",150,150,true],"medium":["https:\/\/deportodos.com.ar\/2023\/wp-content\/uploads\/2023\/11\/WhatsApp-Image-2023-11-01-at-2.54.27-PM-300x199.jpeg",300,199,true],"medium_large":["https:\/\/deportodos.com.ar\/2023\/wp-content\/uploads\/2023\/11\/WhatsApp-Image-2023-11-01-at-2.54.27-PM-768x511.jpeg",640,426,true],"large":["https:\/\/deportodos.com.ar\/2023\/wp-content\/uploads\/2023\/11\/WhatsApp-Image-2023-11-01-at-2.54.27-PM-1024x681.jpeg",640,426,true],"1536x1536":["https:\/\/deportodos.com.ar\/2023\/wp-content\/uploads\/2023\/11\/WhatsApp-Image-2023-11-01-at-2.54.27-PM-1536x1021.jpeg",1536,1021,true],"2048x2048":["https:\/\/deportodos.com.ar\/2023\/wp-content\/uploads\/2023\/11\/WhatsApp-Image-2023-11-01-at-2.54.27-PM.jpeg",1599,1063,false],"covernews-featured":["https:\/\/deportodos.com.ar\/2023\/wp-content\/uploads\/2023\/11\/WhatsApp-Image-2023-11-01-at-2.54.27-PM-1024x681.jpeg",1024,681,true],"covernews-medium":["https:\/\/deportodos.com.ar\/2023\/wp-content\/uploads\/2023\/11\/WhatsApp-Image-2023-11-01-at-2.54.27-PM-540x340.jpeg",540,340,true]},"author_info":{"display_name":"c2530142","author_link":"https:\/\/deportodos.com.ar\/2023\/author\/c2530142\/"},"category_info":"<a href=\"https:\/\/deportodos.com.ar\/2023\/category\/basquet\/\" rel=\"category tag\">Basquet<\/a>","tag_info":"Basquet","comment_count":"0","_links":{"self":[{"href":"https:\/\/deportodos.com.ar\/2023\/wp-json\/wp\/v2\/posts\/259","targetHints":{"allow":["GET"]}}],"collection":[{"href":"https:\/\/deportodos.com.ar\/2023\/wp-json\/wp\/v2\/posts"}],"about":[{"href":"https:\/\/deportodos.com.ar\/2023\/wp-json\/wp\/v2\/types\/post"}],"author":[{"embeddable":true,"href":"https:\/\/deportodos.com.ar\/2023\/wp-json\/wp\/v2\/users\/2"}],"replies":[{"embeddable":true,"href":"https:\/\/deportodos.com.ar\/2023\/wp-json\/wp\/v2\/comments?post=259"}],"version-history":[{"count":1,"href":"https:\/\/deportodos.com.ar\/2023\/wp-json\/wp\/v2\/posts\/259\/revisions"}],"predecessor-version":[{"id":261,"href":"https:\/\/deportodos.com.ar\/2023\/wp-json\/wp\/v2\/posts\/259\/revisions\/261"}],"wp:featuredmedia":[{"embeddable":true,"href":"https:\/\/deportodos.com.ar\/2023\/wp-json\/wp\/v2\/media\/260"}],"wp:attachment":[{"href":"https:\/\/deportodos.com.ar\/2023\/wp-json\/wp\/v2\/media?parent=259"}],"wp:term":[{"taxonomy":"category","embeddable":true,"href":"https:\/\/deportodos.com.ar\/2023\/wp-json\/wp\/v2\/categories?post=259"},{"taxonomy":"post_tag","embeddable":true,"href":"https:\/\/deportodos.com.ar\/2023\/wp-json\/wp\/v2\/tags?post=259"}],"curies":[{"name":"wp","href":"https:\/\/api.w.org\/{rel}","templated":true}]}}