{"id":265,"date":"2023-11-11T18:39:59","date_gmt":"2023-11-11T18:39:59","guid":{"rendered":"https:\/\/deportodos.com.ar\/2023\/?p=265"},"modified":"2023-11-11T18:39:59","modified_gmt":"2023-11-11T18:39:59","slug":"7ma-edicion-maraton-aniversario-los-charruas","status":"publish","type":"post","link":"https:\/\/deportodos.com.ar\/2023\/7ma-edicion-maraton-aniversario-los-charruas\/","title":{"rendered":"7MA EDICI\u00d3N MARAT\u00d3N ANIVERSARIO LOS CHARRUAS"},"content":{"rendered":"\n<p>Ya arrancaron las inscripciones para lo que ser\u00e1 una nueva edici\u00f3n de la Ya tradicional Marat\u00f3n Los Charr\u00faas.<br>La prueba atl\u00e9tica se llevar\u00e1 adelante el d\u00eda domingo 3 de diciembre con horario de largada 9hs.<br>Como todos los a\u00f1os con el pag\u00f3 de la inscripci\u00f3n que tiene un valor de $ 5000, los atletas contar\u00e1n con la remera de la prueba, medalla de finisher para todos los que arriban a la meta, mesa de frutas, power, y toda la buena atenci\u00f3n que nos caracteriza.<br>Ya se puede pasar por la Direcci\u00f3n de Deportes de la Municipalidad de Los Charr\u00faas para abonar.<br>Para los atletas de Concordia se va a disponer de varios d\u00edas para que puedan abonar en forma presencial.<\/p>\n","protected":false},"excerpt":{"rendered":"<p>Ya arrancaron las inscripciones para lo que ser\u00e1 una nueva edici\u00f3n de la Ya tradicional&#8230;<\/p>\n","protected":false},"author":2,"featured_media":266,"comment_status":"open","ping_status":"open","sticky":false,"template":"","format":"standard","meta":{"footnotes":""},"categories":[5],"tags":[],"class_list":["post-265","post","type-post","status-publish","format-standard","has-post-thumbnail","hentry","category-atletismo"],"featured_image_urls":{"full":["https:\/\/deportodos.com.ar\/2023\/wp-content\/uploads\/2023\/11\/WhatsApp-Image-2023-11-02-at-1.10.28-AM.jpeg",720,1011,false],"thumbnail":["https:\/\/deportodos.com.ar\/2023\/wp-content\/uploads\/2023\/11\/WhatsApp-Image-2023-11-02-at-1.10.28-AM-150x150.jpeg",150,150,true],"medium":["https:\/\/deportodos.com.ar\/2023\/wp-content\/uploads\/2023\/11\/WhatsApp-Image-2023-11-02-at-1.10.28-AM-214x300.jpeg",214,300,true],"medium_large":["https:\/\/deportodos.com.ar\/2023\/wp-content\/uploads\/2023\/11\/WhatsApp-Image-2023-11-02-at-1.10.28-AM.jpeg",640,899,false],"large":["https:\/\/deportodos.com.ar\/2023\/wp-content\/uploads\/2023\/11\/WhatsApp-Image-2023-11-02-at-1.10.28-AM.jpeg",640,899,false],"1536x1536":["https:\/\/deportodos.com.ar\/2023\/wp-content\/uploads\/2023\/11\/WhatsApp-Image-2023-11-02-at-1.10.28-AM.jpeg",720,1011,false],"2048x2048":["https:\/\/deportodos.com.ar\/2023\/wp-content\/uploads\/2023\/11\/WhatsApp-Image-2023-11-02-at-1.10.28-AM.jpeg",720,1011,false],"covernews-featured":["https:\/\/deportodos.com.ar\/2023\/wp-content\/uploads\/2023\/11\/WhatsApp-Image-2023-11-02-at-1.10.28-AM.jpeg",720,1011,false],"covernews-medium":["https:\/\/deportodos.com.ar\/2023\/wp-content\/uploads\/2023\/11\/WhatsApp-Image-2023-11-02-at-1.10.28-AM-540x340.jpeg",540,340,true]},"author_info":{"display_name":"c2530142","author_link":"https:\/\/deportodos.com.ar\/2023\/author\/c2530142\/"},"category_info":"<a href=\"https:\/\/deportodos.com.ar\/2023\/category\/atletismo\/\" rel=\"category tag\">Atletismo<\/a>","tag_info":"Atletismo","comment_count":"0","_links":{"self":[{"href":"https:\/\/deportodos.com.ar\/2023\/wp-json\/wp\/v2\/posts\/265","targetHints":{"allow":["GET"]}}],"collection":[{"href":"https:\/\/deportodos.com.ar\/2023\/wp-json\/wp\/v2\/posts"}],"about":[{"href":"https:\/\/deportodos.com.ar\/2023\/wp-json\/wp\/v2\/types\/post"}],"author":[{"embeddable":true,"href":"https:\/\/deportodos.com.ar\/2023\/wp-json\/wp\/v2\/users\/2"}],"replies":[{"embeddable":true,"href":"https:\/\/deportodos.com.ar\/2023\/wp-json\/wp\/v2\/comments?post=265"}],"version-history":[{"count":1,"href":"https:\/\/deportodos.com.ar\/2023\/wp-json\/wp\/v2\/posts\/265\/revisions"}],"predecessor-version":[{"id":267,"href":"https:\/\/deportodos.com.ar\/2023\/wp-json\/wp\/v2\/posts\/265\/revisions\/267"}],"wp:featuredmedia":[{"embeddable":true,"href":"https:\/\/deportodos.com.ar\/2023\/wp-json\/wp\/v2\/media\/266"}],"wp:attachment":[{"href":"https:\/\/deportodos.com.ar\/2023\/wp-json\/wp\/v2\/media?parent=265"}],"wp:term":[{"taxonomy":"category","embeddable":true,"href":"https:\/\/deportodos.com.ar\/2023\/wp-json\/wp\/v2\/categories?post=265"},{"taxonomy":"post_tag","embeddable":true,"href":"https:\/\/deportodos.com.ar\/2023\/wp-json\/wp\/v2\/tags?post=265"}],"curies":[{"name":"wp","href":"https:\/\/api.w.org\/{rel}","templated":true}]}}