{"id":2711,"date":"2024-12-02T12:10:35","date_gmt":"2024-12-02T12:10:35","guid":{"rendered":"https:\/\/deportodos.com.ar\/2023\/?p=2711"},"modified":"2024-12-04T12:19:19","modified_gmt":"2024-12-04T12:19:19","slug":"la-copa-se-juega-en-la-provincia","status":"publish","type":"post","link":"https:\/\/deportodos.com.ar\/2023\/la-copa-se-juega-en-la-provincia\/","title":{"rendered":"LA COPA SE JUEGA EN LA PROVINCIA"},"content":{"rendered":"\n<p>Tal como estaba previsto, se produjo la presentaci\u00f3n y el lanzamiento de las Copas Entre R\u00edos, en sus versiones masculinas y femeninas, correspondientes a la temporada 2024\/25.<\/p>\n\n\n\n<p>En el Auditorio Arturo Humberto Illia de la ciudad de Concepci\u00f3n del Uruguay, autoridades deportivas y gubernamentales, adem\u00e1s del p\u00fablico en general, fueron testigos del lanzamiento de la competencia, como as\u00ed tambi\u00e9n del sorteo de los grupos de las fases iniciales.<\/p>\n\n\n\n<p>Un centenar de personas presenciaron el evento, que estuvo encabezado por el Presidente de la Federaci\u00f3n Entrerriana de F\u00fatbol, Nelson Casis, y el intendente de Concepci\u00f3n del Uruguay, Jos\u00e9 Lauritto.<\/p>\n\n\n\n<p>Adem\u00e1s, en el recinto se hicieron presentes los dem\u00e1s miembros de la Mesa Directiva de la FEF, como as\u00ed tambi\u00e9n de las diferentes Ligas y clubes participantes. En representaci\u00f3n de la Secretar\u00eda de Deportes de la Provincia, se hizo presente Mart\u00edn Andem, quien comparti\u00f3 el sal\u00f3n con las autoridades policiales encargadas de la seguridad en los estadios.<\/p>\n\n\n\n<p>Luego de las palabras de bienvenida, a cargo de Casis y Laurito, tambi\u00e9n se dirigi\u00f3 a los presentes Facundo Garmendia, en calidad de anfitri\u00f3n, al ser el presidente de la Liga local. Por \u00faltimo, fue presentada Carina Batalla, flamante presidenta del futbol femenino entrerriano.<\/p>\n\n\n\n<p>Luego de los discursos pertinentes, se dio paso al sorteo de ambas competencias. Primeramente, quedaron organizados los cuatro grupos que le dar\u00e1n forma a la fase de grupos del torneo femenino, en tanto que, en el cierre de la ceremonia, se armaron las once zonas con las que comenzar\u00e1 la Copa masculina.<\/p>\n\n\n\n<p>Desde la Federaci\u00f3n Entrerriana de F\u00fatbol se hace llegar una especial menci\u00f3n y agradecimiento al \u00e1rea de Cultura y Deportes del Municipio de Concepci\u00f3n del Uruguay, por la organizaci\u00f3n y log\u00edstica para garantizar el \u00e9xito en un evento de estas caracter\u00edsticas.<\/p>\n\n\n\n<p>Fotograf\u00eda: Elbio P\u00e9rez<\/p>\n\n\n\n<figure class=\"wp-block-image size-full\"><a href=\"https:\/\/deportodos.com.ar\/2023\/wp-content\/uploads\/2024\/12\/1000308015.png\"><img fetchpriority=\"high\" decoding=\"async\" width=\"1024\" height=\"576\" src=\"https:\/\/deportodos.com.ar\/2023\/wp-content\/uploads\/2024\/12\/1000308015.png\" alt=\"\" class=\"wp-image-2712\" srcset=\"https:\/\/deportodos.com.ar\/2023\/wp-content\/uploads\/2024\/12\/1000308015.png 1024w, https:\/\/deportodos.com.ar\/2023\/wp-content\/uploads\/2024\/12\/1000308015-300x169.png 300w, https:\/\/deportodos.com.ar\/2023\/wp-content\/uploads\/2024\/12\/1000308015-768x432.png 768w\" sizes=\"(max-width: 1024px) 100vw, 1024px\" \/><\/a><\/figure>\n\n\n\n<figure class=\"wp-block-image size-full\"><a href=\"https:\/\/deportodos.com.ar\/2023\/wp-content\/uploads\/2024\/12\/1000308016.png\"><img decoding=\"async\" width=\"1024\" height=\"576\" src=\"https:\/\/deportodos.com.ar\/2023\/wp-content\/uploads\/2024\/12\/1000308016.png\" alt=\"\" class=\"wp-image-2713\" srcset=\"https:\/\/deportodos.com.ar\/2023\/wp-content\/uploads\/2024\/12\/1000308016.png 1024w, https:\/\/deportodos.com.ar\/2023\/wp-content\/uploads\/2024\/12\/1000308016-300x169.png 300w, https:\/\/deportodos.com.ar\/2023\/wp-content\/uploads\/2024\/12\/1000308016-768x432.png 768w\" sizes=\"(max-width: 1024px) 100vw, 1024px\" \/><\/a><\/figure>\n\n\n\n<blockquote class=\"wp-block-quote is-layout-flow wp-block-quote-is-layout-flow\">\n<p>www.federacionentrerrianadefutbol.org.ar<\/p>\n<\/blockquote>\n","protected":false},"excerpt":{"rendered":"<p>Tal como estaba previsto, se produjo la presentaci\u00f3n y el lanzamiento de las Copas Entre&#8230;<\/p>\n","protected":false},"author":2,"featured_media":2714,"comment_status":"open","ping_status":"open","sticky":false,"template":"","format":"standard","meta":{"footnotes":""},"categories":[36],"tags":[],"class_list":["post-2711","post","type-post","status-publish","format-standard","has-post-thumbnail","hentry","category-futbol"],"featured_image_urls":{"full":["https:\/\/deportodos.com.ar\/2023\/wp-content\/uploads\/2024\/12\/FEF-19.png",600,380,false],"thumbnail":["https:\/\/deportodos.com.ar\/2023\/wp-content\/uploads\/2024\/12\/FEF-19-150x150.png",150,150,true],"medium":["https:\/\/deportodos.com.ar\/2023\/wp-content\/uploads\/2024\/12\/FEF-19-300x190.png",300,190,true],"medium_large":["https:\/\/deportodos.com.ar\/2023\/wp-content\/uploads\/2024\/12\/FEF-19.png",600,380,false],"large":["https:\/\/deportodos.com.ar\/2023\/wp-content\/uploads\/2024\/12\/FEF-19.png",600,380,false],"1536x1536":["https:\/\/deportodos.com.ar\/2023\/wp-content\/uploads\/2024\/12\/FEF-19.png",600,380,false],"2048x2048":["https:\/\/deportodos.com.ar\/2023\/wp-content\/uploads\/2024\/12\/FEF-19.png",600,380,false],"covernews-featured":["https:\/\/deportodos.com.ar\/2023\/wp-content\/uploads\/2024\/12\/FEF-19.png",600,380,false],"covernews-medium":["https:\/\/deportodos.com.ar\/2023\/wp-content\/uploads\/2024\/12\/FEF-19-540x340.png",540,340,true]},"author_info":{"display_name":"c2530142","author_link":"https:\/\/deportodos.com.ar\/2023\/author\/c2530142\/"},"category_info":"<a href=\"https:\/\/deportodos.com.ar\/2023\/category\/futbol\/\" rel=\"category tag\">Futbol<\/a>","tag_info":"Futbol","comment_count":"0","_links":{"self":[{"href":"https:\/\/deportodos.com.ar\/2023\/wp-json\/wp\/v2\/posts\/2711","targetHints":{"allow":["GET"]}}],"collection":[{"href":"https:\/\/deportodos.com.ar\/2023\/wp-json\/wp\/v2\/posts"}],"about":[{"href":"https:\/\/deportodos.com.ar\/2023\/wp-json\/wp\/v2\/types\/post"}],"author":[{"embeddable":true,"href":"https:\/\/deportodos.com.ar\/2023\/wp-json\/wp\/v2\/users\/2"}],"replies":[{"embeddable":true,"href":"https:\/\/deportodos.com.ar\/2023\/wp-json\/wp\/v2\/comments?post=2711"}],"version-history":[{"count":1,"href":"https:\/\/deportodos.com.ar\/2023\/wp-json\/wp\/v2\/posts\/2711\/revisions"}],"predecessor-version":[{"id":2715,"href":"https:\/\/deportodos.com.ar\/2023\/wp-json\/wp\/v2\/posts\/2711\/revisions\/2715"}],"wp:featuredmedia":[{"embeddable":true,"href":"https:\/\/deportodos.com.ar\/2023\/wp-json\/wp\/v2\/media\/2714"}],"wp:attachment":[{"href":"https:\/\/deportodos.com.ar\/2023\/wp-json\/wp\/v2\/media?parent=2711"}],"wp:term":[{"taxonomy":"category","embeddable":true,"href":"https:\/\/deportodos.com.ar\/2023\/wp-json\/wp\/v2\/categories?post=2711"},{"taxonomy":"post_tag","embeddable":true,"href":"https:\/\/deportodos.com.ar\/2023\/wp-json\/wp\/v2\/tags?post=2711"}],"curies":[{"name":"wp","href":"https:\/\/api.w.org\/{rel}","templated":true}]}}