{"id":2723,"date":"2024-12-06T00:37:17","date_gmt":"2024-12-06T00:37:17","guid":{"rendered":"https:\/\/deportodos.com.ar\/2023\/?p=2723"},"modified":"2024-12-06T00:37:19","modified_gmt":"2024-12-06T00:37:19","slug":"se-presento-oficialmente-la-15-maraton-acuatica-villa-urquiza-parana","status":"publish","type":"post","link":"https:\/\/deportodos.com.ar\/2023\/se-presento-oficialmente-la-15-maraton-acuatica-villa-urquiza-parana\/","title":{"rendered":"SE PRESENT\u00d3 OFICIALMENTE LA 15\u00b0 MARAT\u00d3N ACU\u00c1TICA VILLA URQUIZA-PARANA"},"content":{"rendered":"\n<p>Esta ma\u00f1ana, en la Sala Mayo de Paran\u00e1, se llev\u00f3 a cabo la conferencia de prensa oficial de la 15\u00b0 Marat\u00f3n Acu\u00e1tica Villa Urquiza-Paran\u00e1, uno de los eventos deportivos m\u00e1s destacados de la regi\u00f3n.<\/p>\n\n\n\n<p>La ceremonia cont\u00f3 con la participaci\u00f3n de Andr\u00e9s Solioz, presidente de la Asociaci\u00f3n Barrancas del Paran\u00e1; Juan Arbitelli, subsecretario de Deportes de la Municipalidad de Paran\u00e1; y Santiago Halle, secretario de Gobierno de la misma ciudad.<\/p>\n\n\n\n<p>Tambi\u00e9n estuvieron presentes Valentina Rivero, secretaria de Gobierno y Gesti\u00f3n Administrativa de Villa Urquiza; y Alberto Sampayo, miembro de la organizaci\u00f3n; nadadores, remeros y otros representantes organizativos del evento.<\/p>\n\n\n\n<p>Durante el acto, se vivi\u00f3 un momento muy emotivo cuando Andr\u00e9s Solioz hizo referencia a la figura de Jorge Dalotto, reconocido instructor de nataci\u00f3n cuyo nombre llevar\u00e1 la competencia 2024. En ese marco, la organizaci\u00f3n homenaje\u00f3 a la familia con una placa conmemorativa y Luciana Dalotto, su hija, ofreci\u00f3 unas palabras en recuerdo de su padre.<\/p>\n\n\n\n<p>Por otra parte, el Concejo Deliberante de Paran\u00e1 entreg\u00f3 un reconocimiento de Inter\u00e9s a la Marat\u00f3n de aguas abiertas.<\/p>\n\n\n\n<p>La competencia, que se realizar\u00e1 el pr\u00f3ximo s\u00e1bado, reunir\u00e1 a 104 nadadores provenientes de distintas provincias y pa\u00edses lim\u00edtrofes, quienes enfrentar\u00e1n el desaf\u00edo de los 21 kil\u00f3metros entre Villa Urquiza y el Balneario Municipal de Paran\u00e1. La largada est\u00e1 programada para las 15 horas, con un tiempo estimado de arribo a partir de las 17:30 hs.<\/p>\n","protected":false},"excerpt":{"rendered":"<p>Esta ma\u00f1ana, en la Sala Mayo de Paran\u00e1, se llev\u00f3 a cabo la conferencia de&#8230;<\/p>\n","protected":false},"author":2,"featured_media":2724,"comment_status":"open","ping_status":"open","sticky":false,"template":"","format":"standard","meta":{"footnotes":""},"categories":[54],"tags":[],"class_list":["post-2723","post","type-post","status-publish","format-standard","has-post-thumbnail","hentry","category-natacion"],"featured_image_urls":{"full":["https:\/\/deportodos.com.ar\/2023\/wp-content\/uploads\/2024\/12\/IMG-20241205-WA0156.jpg",1280,960,false],"thumbnail":["https:\/\/deportodos.com.ar\/2023\/wp-content\/uploads\/2024\/12\/IMG-20241205-WA0156-150x150.jpg",150,150,true],"medium":["https:\/\/deportodos.com.ar\/2023\/wp-content\/uploads\/2024\/12\/IMG-20241205-WA0156-300x225.jpg",300,225,true],"medium_large":["https:\/\/deportodos.com.ar\/2023\/wp-content\/uploads\/2024\/12\/IMG-20241205-WA0156-768x576.jpg",640,480,true],"large":["https:\/\/deportodos.com.ar\/2023\/wp-content\/uploads\/2024\/12\/IMG-20241205-WA0156-1024x768.jpg",640,480,true],"1536x1536":["https:\/\/deportodos.com.ar\/2023\/wp-content\/uploads\/2024\/12\/IMG-20241205-WA0156.jpg",1280,960,false],"2048x2048":["https:\/\/deportodos.com.ar\/2023\/wp-content\/uploads\/2024\/12\/IMG-20241205-WA0156.jpg",1280,960,false],"covernews-featured":["https:\/\/deportodos.com.ar\/2023\/wp-content\/uploads\/2024\/12\/IMG-20241205-WA0156-1024x768.jpg",1024,768,true],"covernews-medium":["https:\/\/deportodos.com.ar\/2023\/wp-content\/uploads\/2024\/12\/IMG-20241205-WA0156-540x340.jpg",540,340,true]},"author_info":{"display_name":"c2530142","author_link":"https:\/\/deportodos.com.ar\/2023\/author\/c2530142\/"},"category_info":"<a href=\"https:\/\/deportodos.com.ar\/2023\/category\/natacion\/\" rel=\"category tag\">Nataci\u00f3n<\/a>","tag_info":"Nataci\u00f3n","comment_count":"0","_links":{"self":[{"href":"https:\/\/deportodos.com.ar\/2023\/wp-json\/wp\/v2\/posts\/2723","targetHints":{"allow":["GET"]}}],"collection":[{"href":"https:\/\/deportodos.com.ar\/2023\/wp-json\/wp\/v2\/posts"}],"about":[{"href":"https:\/\/deportodos.com.ar\/2023\/wp-json\/wp\/v2\/types\/post"}],"author":[{"embeddable":true,"href":"https:\/\/deportodos.com.ar\/2023\/wp-json\/wp\/v2\/users\/2"}],"replies":[{"embeddable":true,"href":"https:\/\/deportodos.com.ar\/2023\/wp-json\/wp\/v2\/comments?post=2723"}],"version-history":[{"count":1,"href":"https:\/\/deportodos.com.ar\/2023\/wp-json\/wp\/v2\/posts\/2723\/revisions"}],"predecessor-version":[{"id":2725,"href":"https:\/\/deportodos.com.ar\/2023\/wp-json\/wp\/v2\/posts\/2723\/revisions\/2725"}],"wp:featuredmedia":[{"embeddable":true,"href":"https:\/\/deportodos.com.ar\/2023\/wp-json\/wp\/v2\/media\/2724"}],"wp:attachment":[{"href":"https:\/\/deportodos.com.ar\/2023\/wp-json\/wp\/v2\/media?parent=2723"}],"wp:term":[{"taxonomy":"category","embeddable":true,"href":"https:\/\/deportodos.com.ar\/2023\/wp-json\/wp\/v2\/categories?post=2723"},{"taxonomy":"post_tag","embeddable":true,"href":"https:\/\/deportodos.com.ar\/2023\/wp-json\/wp\/v2\/tags?post=2723"}],"curies":[{"name":"wp","href":"https:\/\/api.w.org\/{rel}","templated":true}]}}