{"id":2736,"date":"2024-12-06T02:08:06","date_gmt":"2024-12-06T02:08:06","guid":{"rendered":"https:\/\/deportodos.com.ar\/2023\/?p=2736"},"modified":"2024-12-06T02:08:08","modified_gmt":"2024-12-06T02:08:08","slug":"natacion-en-aguas-abiertas","status":"publish","type":"post","link":"https:\/\/deportodos.com.ar\/2023\/natacion-en-aguas-abiertas\/","title":{"rendered":"NATACION EN AGUAS ABIERTAS"},"content":{"rendered":"\n<p>En Federaci\u00f3n se inicia la temporada<br>Finalmente el pr\u00f3ximo domingo 8 del cte a partir de las 10hs. se realizara la prueba de nataci\u00f3n en aguas abiertas 3k y 1,2k LAGO DE FEDERACION que fuera suspendida el pasado fin de semana por las malas condiciones climaticas.<\/p>\n\n\n\n<p><br>El Circuito de Aguas Abiertas del Rio Uruguay, que en este verano cumple 15 a\u00f1os ininterrumpidos de eventos, como es habituales tendr\u00e1 su primera fecha en la ciudad Termal de Federaci\u00f3n sobre el espejo de agua del Lago de Salto Grande.<br>Circuito que se ha consolidado como uno de los m\u00e1s importantes y convocante de la especialidad a nivel pa\u00eds y l\u00edder indiscutido del litoral argentino-uruguayo. Merced a correctos protocolos de organizaci\u00f3n y seguridad para los nadadores que concurren desde diferentes provincias de nuestro pa\u00eds y de la Rca. Oriental del Uruguay.<\/p>\n\n\n\n<p><br>Est\u00e1 confirmada la concurrencia de casi 300 nadadores en las dos distancias que se disputaran 3k y 1,2k. Desde la Organizaci\u00f3n informan satisfactoriamente que pese la suspensi\u00f3n de la semana anterior la cantidad de nadadores se ha mantenido, pese a los inconvenientes que toda suspensi\u00f3n trae aparejada.<br>Para esta edici\u00f3n, con un lago en buena altura se volver\u00e1 a realizar la largada de la prueba principal (3k) en playa Sur, por lo que se recupera una emblem\u00e1tica postal, que es el paso de los nadadores por debajo del puente que une a la vieja con la nueva Federaci\u00f3n.<br>Est\u00e1 previsto realizar el d\u00eda s\u00e1bado una acreditaci\u00f3n presencial en la Direcci\u00f3n de Deportes de Federaci\u00f3n, Los Jazmines 75, entre las 19 y 21 horas.<br>En tanto el domingo la actividad comenzara a las 7:30 hs. con el cierre de las acreditaciones, pintado de n\u00fameros y charla t\u00e9cnica, para luego trasladar en colectivo los nadadores a los lugares de las respectivas largada lo que ocurrir\u00e1 a las 10 horas.<br>La llegada y posterior entrega de premios ser\u00e1 en el remozado sector del Paseo de Las Palmeras (ex Camping Las Palmeras), recientemente inaugurado.<\/p>\n\n\n\n<p>Es un objetivo del CIRCUITO DE AGUAS ABIERTAS DEL RIO URUGUAY m\u00e1s all\u00e1 de lo estrictamente deportivo generar un fen\u00f3meno tur\u00edstico-deportivo para nuestra regi\u00f3n, a trav\u00e9s de la generaci\u00f3n de acciones y servicios de calidad. Finalidad alcanzada dado la mayoritaria concurrencia de deportistas de otros lugares que pueden gozar tambi\u00e9n de las bondades naturales e infraestructura de la zona.<br>La organizaci\u00f3n corre bajo la responsabilidad de Nataci\u00f3n Rio Uruguay y Direcci\u00f3n de Deportes de Federaci\u00f3n que vienen trabajando en com\u00fan desde hace un buen tiempo preparando el inicio de la temporada de pruebas en aguas abiertas.<\/p>\n\n\n\n<p>La continuidad del Circuito tendr\u00e1 lugar el 23 de febrero en la prueba Liebig-San Jos\u00e9. En tanto en enero se realizara una prueba de larga distancia entre Concordia y Puerto Yeru\u00e1 de 21k, para la cual ya hace casi un mes est\u00e1 agotado el Cupo.<\/p>\n","protected":false},"excerpt":{"rendered":"<p>En Federaci\u00f3n se inicia la temporadaFinalmente el pr\u00f3ximo domingo 8 del cte a partir de&#8230;<\/p>\n","protected":false},"author":2,"featured_media":2737,"comment_status":"open","ping_status":"open","sticky":false,"template":"","format":"standard","meta":{"footnotes":""},"categories":[54],"tags":[],"class_list":["post-2736","post","type-post","status-publish","format-standard","has-post-thumbnail","hentry","category-natacion"],"featured_image_urls":{"full":["https:\/\/deportodos.com.ar\/2023\/wp-content\/uploads\/2024\/12\/IMG-20241205-WA0168.jpg",1300,1367,false],"thumbnail":["https:\/\/deportodos.com.ar\/2023\/wp-content\/uploads\/2024\/12\/IMG-20241205-WA0168-150x150.jpg",150,150,true],"medium":["https:\/\/deportodos.com.ar\/2023\/wp-content\/uploads\/2024\/12\/IMG-20241205-WA0168-285x300.jpg",285,300,true],"medium_large":["https:\/\/deportodos.com.ar\/2023\/wp-content\/uploads\/2024\/12\/IMG-20241205-WA0168-768x808.jpg",640,673,true],"large":["https:\/\/deportodos.com.ar\/2023\/wp-content\/uploads\/2024\/12\/IMG-20241205-WA0168-974x1024.jpg",640,673,true],"1536x1536":["https:\/\/deportodos.com.ar\/2023\/wp-content\/uploads\/2024\/12\/IMG-20241205-WA0168.jpg",1300,1367,false],"2048x2048":["https:\/\/deportodos.com.ar\/2023\/wp-content\/uploads\/2024\/12\/IMG-20241205-WA0168.jpg",1300,1367,false],"covernews-featured":["https:\/\/deportodos.com.ar\/2023\/wp-content\/uploads\/2024\/12\/IMG-20241205-WA0168-1024x1077.jpg",1024,1077,true],"covernews-medium":["https:\/\/deportodos.com.ar\/2023\/wp-content\/uploads\/2024\/12\/IMG-20241205-WA0168-540x340.jpg",540,340,true]},"author_info":{"display_name":"c2530142","author_link":"https:\/\/deportodos.com.ar\/2023\/author\/c2530142\/"},"category_info":"<a href=\"https:\/\/deportodos.com.ar\/2023\/category\/natacion\/\" rel=\"category tag\">Nataci\u00f3n<\/a>","tag_info":"Nataci\u00f3n","comment_count":"0","_links":{"self":[{"href":"https:\/\/deportodos.com.ar\/2023\/wp-json\/wp\/v2\/posts\/2736","targetHints":{"allow":["GET"]}}],"collection":[{"href":"https:\/\/deportodos.com.ar\/2023\/wp-json\/wp\/v2\/posts"}],"about":[{"href":"https:\/\/deportodos.com.ar\/2023\/wp-json\/wp\/v2\/types\/post"}],"author":[{"embeddable":true,"href":"https:\/\/deportodos.com.ar\/2023\/wp-json\/wp\/v2\/users\/2"}],"replies":[{"embeddable":true,"href":"https:\/\/deportodos.com.ar\/2023\/wp-json\/wp\/v2\/comments?post=2736"}],"version-history":[{"count":1,"href":"https:\/\/deportodos.com.ar\/2023\/wp-json\/wp\/v2\/posts\/2736\/revisions"}],"predecessor-version":[{"id":2738,"href":"https:\/\/deportodos.com.ar\/2023\/wp-json\/wp\/v2\/posts\/2736\/revisions\/2738"}],"wp:featuredmedia":[{"embeddable":true,"href":"https:\/\/deportodos.com.ar\/2023\/wp-json\/wp\/v2\/media\/2737"}],"wp:attachment":[{"href":"https:\/\/deportodos.com.ar\/2023\/wp-json\/wp\/v2\/media?parent=2736"}],"wp:term":[{"taxonomy":"category","embeddable":true,"href":"https:\/\/deportodos.com.ar\/2023\/wp-json\/wp\/v2\/categories?post=2736"},{"taxonomy":"post_tag","embeddable":true,"href":"https:\/\/deportodos.com.ar\/2023\/wp-json\/wp\/v2\/tags?post=2736"}],"curies":[{"name":"wp","href":"https:\/\/api.w.org\/{rel}","templated":true}]}}