{"id":2746,"date":"2024-12-08T00:31:50","date_gmt":"2024-12-08T00:31:50","guid":{"rendered":"https:\/\/deportodos.com.ar\/2023\/?p=2746"},"modified":"2024-12-08T00:31:51","modified_gmt":"2024-12-08T00:31:51","slug":"abel-chesaux-se-impuso-en-la-15-edicion-de-la-villa-urquiza-parana","status":"publish","type":"post","link":"https:\/\/deportodos.com.ar\/2023\/abel-chesaux-se-impuso-en-la-15-edicion-de-la-villa-urquiza-parana\/","title":{"rendered":"ABEL CHESAUX SE IMPUSO EN LA 15\u00b0 EDICI\u00d3N DE LA VILLA URQUIZA-PARAN\u00c1"},"content":{"rendered":"\n<p>Este s\u00e1bado por la tarde se desarroll\u00f3 una nueva edici\u00f3n de la marat\u00f3n acu\u00e1tica Villa Urquiza &#8211; Paran\u00e1. Luego de poco m\u00e1s de dos horas y media de competencia, la carrera que reuni\u00f3 grandes rendimientos de los 103 nadadores que formaron parte del desaf\u00edo, finaliz\u00f3 con la victoria de Abel Cheseaux.<\/p>\n\n\n\n<p>El experimentado nadador oriundo de Arroyo Seco le gan\u00f3 por escasos metros de distancia a la aut\u00e9ntica sorpresa de la competencia: Miranda Lescano Doce. La joven nadadora de apenas 12 a\u00f1os y representante del Paran\u00e1 Rowing Club finaliz\u00f3 en el segundo lugar de la general y se qued\u00f3 con la carrera de Damas.<\/p>\n\n\n\n<p>En el tercer puesto de la competencia qued\u00f3 el tambi\u00e9n paranaense Marcos Petrucci. El nadador de 18 a\u00f1os del Club Estudiantes se impuso en un mano a mano muy luchado con el joven Cristian Garato, de 15 a\u00f1os y oriundo de San Javier.<\/p>\n\n\n\n<p>La competencia comenz\u00f3 a las 15.30 y finaliz\u00f3 a poco de las 18 con la llegada de Cheseaux a la meta. De esa manera le puso punto final a la 15\u00b0 edici\u00f3n de la marat\u00f3n Villa Urquiza &#8211; Paran\u00e1 \u201cJorge Dalotto\u201d.<\/p>\n\n\n\n<p>Esta edici\u00f3n cont\u00f3 con un trayecto de 21 kil\u00f3metros con punto de partida en la playa de Villa Urquiza y llegada en la playa del Balneario Municipal. Un importante oleaje en el Paran\u00e1 present\u00f3 una aut\u00e9ntica dificultad para los nadadores, que con gran esfuerzo consiguieron completar el recorrido para culminar la competencia.<\/p>\n\n\n\n<p>\u200b\u200b\u200b\u200b\u200b\u200b\u200b<strong>Resultados Generales &#8211; Marat\u00f3n Acu\u00e1tica Villa Urquiza-Paran\u00e1 \u201cJorge Dalotto\u201d<\/strong><br>1\u00b0) Abel Cheseaux (Arroyo Seco).<br>2\u00b0) Miranda Lescano Doce (Paran\u00e1).<br>3\u00b0) Marcos Petrucci (Paran\u00e1).<br>4\u00b0) Cristian Garato (San Javier).<br>5\u00b0) Gianluca Vivandelli (Bah\u00eda Blanca).<br>6\u00b0) Diego Boviez (Paran\u00e1).<br>7\u00b0) Lola Merlo Frida (Paran\u00e1).<br>8\u00b0) Gheraldine Schmidt (Paran\u00e1).<\/p>\n\n\n\n<p><strong>-Caballeros:<\/strong><br>1\u00b0) Abel Cheseaux.<br>2\u00b0) Marcos Petrucci.<br>3\u00b0) Cristian Garato.<\/p>\n\n\n\n<p><strong>-Damas:<\/strong><br>1\u00b0) Miranda Lescano Doce.<br>2\u00b0) Lola Merlo Frida.<br>3\u00b0) Gheraldine Schmidt.<\/p>\n\n\n\n<blockquote class=\"wp-block-quote is-layout-flow wp-block-quote-is-layout-flow\">\n<p>www.analisisdigital.com.ar<\/p>\n<\/blockquote>\n","protected":false},"excerpt":{"rendered":"<p>Este s\u00e1bado por la tarde se desarroll\u00f3 una nueva edici\u00f3n de la marat\u00f3n acu\u00e1tica Villa&#8230;<\/p>\n","protected":false},"author":2,"featured_media":2747,"comment_status":"open","ping_status":"open","sticky":false,"template":"","format":"standard","meta":{"footnotes":""},"categories":[54],"tags":[],"class_list":["post-2746","post","type-post","status-publish","format-standard","has-post-thumbnail","hentry","category-natacion"],"featured_image_urls":{"full":["https:\/\/deportodos.com.ar\/2023\/wp-content\/uploads\/2024\/12\/abel_cheseaux.jpg",1360,900,false],"thumbnail":["https:\/\/deportodos.com.ar\/2023\/wp-content\/uploads\/2024\/12\/abel_cheseaux-150x150.jpg",150,150,true],"medium":["https:\/\/deportodos.com.ar\/2023\/wp-content\/uploads\/2024\/12\/abel_cheseaux-300x199.jpg",300,199,true],"medium_large":["https:\/\/deportodos.com.ar\/2023\/wp-content\/uploads\/2024\/12\/abel_cheseaux-768x508.jpg",640,423,true],"large":["https:\/\/deportodos.com.ar\/2023\/wp-content\/uploads\/2024\/12\/abel_cheseaux-1024x678.jpg",640,424,true],"1536x1536":["https:\/\/deportodos.com.ar\/2023\/wp-content\/uploads\/2024\/12\/abel_cheseaux.jpg",1360,900,false],"2048x2048":["https:\/\/deportodos.com.ar\/2023\/wp-content\/uploads\/2024\/12\/abel_cheseaux.jpg",1360,900,false],"covernews-featured":["https:\/\/deportodos.com.ar\/2023\/wp-content\/uploads\/2024\/12\/abel_cheseaux-1024x678.jpg",1024,678,true],"covernews-medium":["https:\/\/deportodos.com.ar\/2023\/wp-content\/uploads\/2024\/12\/abel_cheseaux-540x340.jpg",540,340,true]},"author_info":{"display_name":"c2530142","author_link":"https:\/\/deportodos.com.ar\/2023\/author\/c2530142\/"},"category_info":"<a href=\"https:\/\/deportodos.com.ar\/2023\/category\/natacion\/\" rel=\"category tag\">Nataci\u00f3n<\/a>","tag_info":"Nataci\u00f3n","comment_count":"0","_links":{"self":[{"href":"https:\/\/deportodos.com.ar\/2023\/wp-json\/wp\/v2\/posts\/2746","targetHints":{"allow":["GET"]}}],"collection":[{"href":"https:\/\/deportodos.com.ar\/2023\/wp-json\/wp\/v2\/posts"}],"about":[{"href":"https:\/\/deportodos.com.ar\/2023\/wp-json\/wp\/v2\/types\/post"}],"author":[{"embeddable":true,"href":"https:\/\/deportodos.com.ar\/2023\/wp-json\/wp\/v2\/users\/2"}],"replies":[{"embeddable":true,"href":"https:\/\/deportodos.com.ar\/2023\/wp-json\/wp\/v2\/comments?post=2746"}],"version-history":[{"count":1,"href":"https:\/\/deportodos.com.ar\/2023\/wp-json\/wp\/v2\/posts\/2746\/revisions"}],"predecessor-version":[{"id":2748,"href":"https:\/\/deportodos.com.ar\/2023\/wp-json\/wp\/v2\/posts\/2746\/revisions\/2748"}],"wp:featuredmedia":[{"embeddable":true,"href":"https:\/\/deportodos.com.ar\/2023\/wp-json\/wp\/v2\/media\/2747"}],"wp:attachment":[{"href":"https:\/\/deportodos.com.ar\/2023\/wp-json\/wp\/v2\/media?parent=2746"}],"wp:term":[{"taxonomy":"category","embeddable":true,"href":"https:\/\/deportodos.com.ar\/2023\/wp-json\/wp\/v2\/categories?post=2746"},{"taxonomy":"post_tag","embeddable":true,"href":"https:\/\/deportodos.com.ar\/2023\/wp-json\/wp\/v2\/tags?post=2746"}],"curies":[{"name":"wp","href":"https:\/\/api.w.org\/{rel}","templated":true}]}}