{"id":2750,"date":"2024-12-09T13:12:11","date_gmt":"2024-12-09T13:12:11","guid":{"rendered":"https:\/\/deportodos.com.ar\/2023\/?p=2750"},"modified":"2024-12-09T13:12:13","modified_gmt":"2024-12-09T13:12:13","slug":"el-parque-de-la-velocidad-entrego-a-los-reyes-de-la-temporada","status":"publish","type":"post","link":"https:\/\/deportodos.com.ar\/2023\/el-parque-de-la-velocidad-entrego-a-los-reyes-de-la-temporada\/","title":{"rendered":"EL \u00abPARQUE DE LA VELOCIDAD\u00bb ENTREG\u00d3 A LOS REYES DE LA TEMPORADA"},"content":{"rendered":"\n<p><em>El Campeonato Entrerriano de Karting complet\u00f3 exitosamente su 2024 en Villaguay, donde conocimos el nombre de los cinco pilotos que se sumaron a Uriel Rodr\u00edguez como flamantes campeones provinciales: Pablo Zapata, Mart\u00edn Palavecino, Franco Balbuena, Tiziano Cantero y Benjam\u00edn Iglesias.<\/em><\/p>\n\n\n\n<p>Luego de una larga espera, aumentada por la postergaci\u00f3n de la \u00faltima cita, finalmente lleg\u00f3 el momento del Coronaci\u00f3n 2024 y, con \u00e9l, de vislumbrar a los restantes campeones entrerrianos de karting, que se sumar\u00edan a Uriel Rodr\u00edguez, consagrado anticipadamente dentro de la 150cc Junior \u201cA\u201d.<\/p>\n\n\n\n<p>Ayer fue d\u00eda de pruebas libres y clasificaciones, mientras que este domingo se disputaron las once series y siete pruebas finales, inauguradas con la correspondiente a la 150cc Promocional. All\u00ed prevaleci\u00f3 Jerem\u00edas Esquivel, pero los ojos estuvieron puestos en quien arrib\u00f3 noveno, Tiziano Cantero, que se convirti\u00f3 en el nuevo campe\u00f3n por apenas cuatro unidades sobre Juan Manuel Wiesner, segundo en pista.<\/p>\n\n\n\n<p>Sigui\u00f3 la 150cc Mayores \u201cB\u201d con sus dos carrerones. El primero fue ganado en pista por Lucas Ronconi, quien ser\u00eda sancionado (apel\u00f3) luego por toque a Franco Cecchini, entregando el triunfo a Alejo Weiss. Mientras que la restante prueba tuvo a la primeriza Sof\u00eda Percara como vencedora y a Franco Balbuena como tercero y nuevo monarca de la divisional.<\/p>\n\n\n\n<p>M\u00e1s tarde vendr\u00eda la Escuela, de desenlace en suspenso en cuanto a su rey. Es que en pista se hab\u00eda consagrado Gonzalo Callejas, pero fue sancionado por no respetar el trazado original y decidi\u00f3 apelar la decisi\u00f3n deportiva. Como resultado de ese recargo, el t\u00edtulo quedar\u00eda para el ajustado ganador de hoy, Benjam\u00edn Iglesias, por s\u00f3lo seis puntos.<\/p>\n\n\n\n<p>A continuaci\u00f3n, la 150cc Junior \u201cA\u201d, en donde Joaqu\u00edn Pagola Jacob se llev\u00f3 la victoria final y el subcampeonato, mientras que el campe\u00f3n anticipado, Uriel Rodr\u00edguez, concluy\u00f3 tercero.<\/p>\n\n\n\n<p>Por \u00faltimo fue el turno de la 150cc Mayores \u201cC\u201d, con Mart\u00edn Palavecino, ganador del t\u00edtulo de la Copa M\u00e1ster, adue\u00f1\u00e1ndose del tremendo espect\u00e1culo inicial, en el que Pablo Zapata finaliz\u00f3 cuarto y recuper\u00f3 el cetro que supo conseguir en el 2022 y donde siete pilotos arribaron a la cuadriculada encerrados en menos de cinco d\u00e9cimas. Por su parte, Leandro Gonz\u00e1lez venci\u00f3 en la segunda carrera y se adjudic\u00f3 el subcampeonato.<\/p>\n\n\n\n<p>Resultados finales EXTRAOFICIALES sujetos a verificaci\u00f3n t\u00e9cnica, resoluciones deportivas y apelaciones:<\/p>\n\n\n\n<p>\u2013 <em>150cc Promocional (17 karts)<\/em> : 1\u00b0Jerem\u00edas Esquivel, 2\u00b0Juan Manuel Wiesner, 3\u00b0Gaspar Maschio\/\/ 4\u00b0Emilio L\u00f3pez Ferro, 5\u00b0Mateo Fern\u00e1ndez, 6\u00b0Felipe Beade, 7\u00b0I\u00f1aki Antivero, 8\u00b0Valentino Premaries, 9\u00b0Tiziano Cantero (campe\u00f3n), 10\u00b0Ger\u00f3nimo Zilloni.<\/p>\n\n\n\n<p>\u2013 <em>150cc Mayores \u201cB\u201d- Final 1 (19):<\/em> 1\u00b0Alejo Weiss, 2\u00b0Agust\u00edn De Zan, 3\u00b0Franco Cecchini\/\/ 4\u00b0Lucas Ronconi, 5\u00b0Manuel Milera, 6\u00b0Octavio De Zan, 7\u00b0Daian Favre, 8\u00b0Alexis Dobler, 9\u00b0Diego Gevera Stivanello, 10\u00b0Juan Angerosa.<\/p>\n\n\n\n<p>\u2013 <em>150cc Mayores \u201cB\u201d- Final 2 (18):<\/em> 1\u00b0Sof\u00eda Percara, 2\u00b0Gast\u00f3n Bon\u00edn, 3\u00b0Franco Balbuena (campe\u00f3n)\/\/ 4\u00b0Facundo Pierini, 5\u00b0Malco Estebenet, 6\u00b0Joaqu\u00edn Blanc, 7\u00b0Fabi\u00e1n Frene, 8\u00b0Lucas Romero, 9\u00b0Enzo Conte, 10\u00b0Juan Palacio.<\/p>\n\n\n\n<p>\u2013 <em>110cc Escuela (12):<\/em> 1\u00b0Benjam\u00edn Iglesias (campe\u00f3n*), 2\u00b0Santiago Secchi, 3\u00b0Santino St\u00fcber\/\/ 4\u00b0Lorenzo Piacenza, 5\u00b0Alejandro Pralong, 6\u00b0\u00c1lvaro Sabisky, 7\u00b0M\u00e1ximo Montiel, 8\u00b0Gonzalo Callejas, 9\u00b0Luis Barrientos, 10\u00b0Manuel Tapia.<\/p>\n\n\n\n<p>\u2013 <em>150cc Junior \u201cA\u201d (20):<\/em> 1\u00b0Joaqu\u00edn Pagola Jacob, 2\u00b0Benjam\u00edn Cordani, 3\u00b0Uriel Rodr\u00edguez (campe\u00f3n)\/\/ 4\u00b0Ignacio Sachs, 5\u00b0Valentino Beade, 6\u00b0Bautista Milevcic, 7\u00b0Ayrton Bernay, 8\u00b0Santino Schonfeld, 9\u00b0Thom\u00e1s Carrancio, 10\u00b0Mateo Cazaux.<\/p>\n\n\n\n<p>\u2013 <em>150cc Mayores \u201cC\u201d- Final 1 (18):<\/em> 1\u00b0Mart\u00edn Palavecino, 2\u00b0Paulo Alfaro, 3\u00b0Mario G\u00f3mez\/\/ 4\u00b0Pablo Zapata (campe\u00f3n), 5\u00b0Jos\u00e9 Mar\u00eda Gaspar\u00edn, 6\u00b0Francisco Michelli, 7\u00b0Eugenio Manassero, 8\u00b0Leonardo Palombizio, 9\u00b0Luciano Den Dauw, 10\u00b0Juan Augusto Bilbao.<\/p>\n\n\n\n<p>\u2013 <em>150cc Mayores \u201cC\u201d- Final 2 (18):<\/em> 1\u00b0Leandro Gonz\u00e1lez, 2\u00b0Santiago Antivero 3\u00b0Federico Solda\/\/ 4\u00b0Ricardo Narcisi, 5\u00b0Nicol\u00e1s Broggi, 6\u00b0Cristian Quir\u00f3s, 7\u00b0Manuel Cretton, 8\u00b0Jonathan Loskin, 9\u00b0Pablo Gabas, 10\u00b0Mat\u00edas Iriarte.<\/p>\n\n\n\n<p>\u2013 <em>Copa M\u00e1ster 150cc (9):<\/em> 1\u00b0Mart\u00edn Palavecino (campe\u00f3n), 2\u00b0Santiago Antivero, 3\u00b0Francisco Michelli\/\/ 4\u00b0Cristian Quir\u00f3s, 5\u00b0Mat\u00edas Iriarte, 6\u00b0Carlos Jos\u00e9 L\u00f3pez, 7\u00b0Mart\u00edn Tecco, 8\u00b0Luis Viviani, 9\u00b0Omar Mart\u00ednez.<\/p>\n\n\n\n<p>INFORME: Rodrigo Bouvet<\/p>\n","protected":false},"excerpt":{"rendered":"<p>El Campeonato Entrerriano de Karting complet\u00f3 exitosamente su 2024 en Villaguay, donde conocimos el nombre&#8230;<\/p>\n","protected":false},"author":2,"featured_media":2751,"comment_status":"open","ping_status":"open","sticky":false,"template":"","format":"standard","meta":{"footnotes":""},"categories":[48],"tags":[],"class_list":["post-2750","post","type-post","status-publish","format-standard","has-post-thumbnail","hentry","category-karting"],"featured_image_urls":{"full":["https:\/\/deportodos.com.ar\/2023\/wp-content\/uploads\/2024\/12\/IMG-20241209-WA0006.jpg",1600,1066,false],"thumbnail":["https:\/\/deportodos.com.ar\/2023\/wp-content\/uploads\/2024\/12\/IMG-20241209-WA0006-150x150.jpg",150,150,true],"medium":["https:\/\/deportodos.com.ar\/2023\/wp-content\/uploads\/2024\/12\/IMG-20241209-WA0006-300x200.jpg",300,200,true],"medium_large":["https:\/\/deportodos.com.ar\/2023\/wp-content\/uploads\/2024\/12\/IMG-20241209-WA0006-768x512.jpg",640,427,true],"large":["https:\/\/deportodos.com.ar\/2023\/wp-content\/uploads\/2024\/12\/IMG-20241209-WA0006-1024x682.jpg",640,426,true],"1536x1536":["https:\/\/deportodos.com.ar\/2023\/wp-content\/uploads\/2024\/12\/IMG-20241209-WA0006-1536x1023.jpg",1536,1023,true],"2048x2048":["https:\/\/deportodos.com.ar\/2023\/wp-content\/uploads\/2024\/12\/IMG-20241209-WA0006.jpg",1600,1066,false],"covernews-featured":["https:\/\/deportodos.com.ar\/2023\/wp-content\/uploads\/2024\/12\/IMG-20241209-WA0006-1024x682.jpg",1024,682,true],"covernews-medium":["https:\/\/deportodos.com.ar\/2023\/wp-content\/uploads\/2024\/12\/IMG-20241209-WA0006-540x340.jpg",540,340,true]},"author_info":{"display_name":"c2530142","author_link":"https:\/\/deportodos.com.ar\/2023\/author\/c2530142\/"},"category_info":"<a href=\"https:\/\/deportodos.com.ar\/2023\/category\/karting\/\" rel=\"category tag\">Karting<\/a>","tag_info":"Karting","comment_count":"0","_links":{"self":[{"href":"https:\/\/deportodos.com.ar\/2023\/wp-json\/wp\/v2\/posts\/2750","targetHints":{"allow":["GET"]}}],"collection":[{"href":"https:\/\/deportodos.com.ar\/2023\/wp-json\/wp\/v2\/posts"}],"about":[{"href":"https:\/\/deportodos.com.ar\/2023\/wp-json\/wp\/v2\/types\/post"}],"author":[{"embeddable":true,"href":"https:\/\/deportodos.com.ar\/2023\/wp-json\/wp\/v2\/users\/2"}],"replies":[{"embeddable":true,"href":"https:\/\/deportodos.com.ar\/2023\/wp-json\/wp\/v2\/comments?post=2750"}],"version-history":[{"count":1,"href":"https:\/\/deportodos.com.ar\/2023\/wp-json\/wp\/v2\/posts\/2750\/revisions"}],"predecessor-version":[{"id":2752,"href":"https:\/\/deportodos.com.ar\/2023\/wp-json\/wp\/v2\/posts\/2750\/revisions\/2752"}],"wp:featuredmedia":[{"embeddable":true,"href":"https:\/\/deportodos.com.ar\/2023\/wp-json\/wp\/v2\/media\/2751"}],"wp:attachment":[{"href":"https:\/\/deportodos.com.ar\/2023\/wp-json\/wp\/v2\/media?parent=2750"}],"wp:term":[{"taxonomy":"category","embeddable":true,"href":"https:\/\/deportodos.com.ar\/2023\/wp-json\/wp\/v2\/categories?post=2750"},{"taxonomy":"post_tag","embeddable":true,"href":"https:\/\/deportodos.com.ar\/2023\/wp-json\/wp\/v2\/tags?post=2750"}],"curies":[{"name":"wp","href":"https:\/\/api.w.org\/{rel}","templated":true}]}}