{"id":2753,"date":"2024-12-09T22:38:07","date_gmt":"2024-12-09T22:38:07","guid":{"rendered":"https:\/\/deportodos.com.ar\/2023\/?p=2753"},"modified":"2024-12-09T22:38:10","modified_gmt":"2024-12-09T22:38:10","slug":"un-campeon-brillante-con-el-peso-de-la-historia","status":"publish","type":"post","link":"https:\/\/deportodos.com.ar\/2023\/un-campeon-brillante-con-el-peso-de-la-historia\/","title":{"rendered":"UN CAMPE\u00d3N BRILLANTE, CON EL PESO DE LA HISTORIA"},"content":{"rendered":"\n<p>La campa\u00f1a de Central Entrerriano en la Liga Provincial 2024 fue impresionante, acumulando un r\u00e9cord de 20 triunfos y solo cuatro derrotas. Desde la Primera Fase, en la que domin\u00f3 el Grupo 4 con un registro de 10-2, hasta una final en la que despleg\u00f3 un juego s\u00f3lido, el equipo dirigido por Mart\u00edn Pascal mostr\u00f3 un nivel consistente y superior al de sus rivales.<\/p>\n\n\n\n<p>De la mano de su capit\u00e1n Leandro Quarroz, la capacidad anotadora de Mauricio Pane, la experiencia de Mario Ghersetti y Ariel Hillebrand, la formidable contribuci\u00f3n de Lautaro Pividori y Cristian P\u00e9rez, y todo un plantel de juveniles que aport\u00f3 cuando las incidencias lo requirieron, el \u201cRojinegro\u201d firm\u00f3 una campa\u00f1a inolvidable.<\/p>\n\n\n\n<p>El t\u00edtulo de Central no fue casualidad, sino el resultado de un recorrido marcado por el buen b\u00e1squet. En los playoffs, el equipo super\u00f3 en octavos a Ferro de San Salvador (2-0), en cuartos a BH de Gualeguay (2-1), y en semifinales, con un categ\u00f3rico 3-0, a Urquiza de Santa Elena. La final contra Santa Rosa consolid\u00f3 el gran trabajo del plantel y del cuerpo t\u00e9cnico, ante un rival que nunca baj\u00f3 los brazos y protagoniz\u00f3 una serie intensa y vibrante (3-1).<\/p>\n\n\n\n<p><strong>EL PESO DE LA HISTORIA<\/strong><\/p>\n\n\n\n<p>Este campeonato es una nueva p\u00e1gina dorada en la rica historia de Central Entrerriano, que ya hab\u00eda alcanzado la gloria provincial en 1951, 1956, 1982, 1983 y 2014. El recuerdo de aquella \u00faltima consagraci\u00f3n, hace diez a\u00f1os, resuena a\u00fan entre los amantes del b\u00e1squet provincial por los cl\u00e1sicos de o de final ante Racing y la definici\u00f3n ante Juventud Unida.<\/p>\n\n\n\n<p>En aquella ocasi\u00f3n, el equipo liderado por el uruguayo Juan Carlos Cordatti y figuras como Gabriel D\u00edaz, Maximiliano Morel, Juan de Dios Cansina, Mart\u00edn Pascal y Erick Topino dej\u00f3 su huella. Hoy, bajo la conducci\u00f3n del propio Pascal, Central revive esa emoci\u00f3n y refuerza su lugar como uno de los grandes del deporte en la provincia.<\/p>\n\n\n\n<blockquote class=\"wp-block-quote is-layout-flow wp-block-quote-is-layout-flow\">\n<p>www.basquetentrerios.com<\/p>\n<\/blockquote>\n","protected":false},"excerpt":{"rendered":"<p>La campa\u00f1a de Central Entrerriano en la Liga Provincial 2024 fue impresionante, acumulando un r\u00e9cord&#8230;<\/p>\n","protected":false},"author":2,"featured_media":2754,"comment_status":"open","ping_status":"open","sticky":false,"template":"","format":"standard","meta":{"footnotes":""},"categories":[9],"tags":[],"class_list":["post-2753","post","type-post","status-publish","format-standard","has-post-thumbnail","hentry","category-basquet"],"featured_image_urls":{"full":["https:\/\/deportodos.com.ar\/2023\/wp-content\/uploads\/2024\/12\/IMG-20241209-WA0150.jpg",972,644,false],"thumbnail":["https:\/\/deportodos.com.ar\/2023\/wp-content\/uploads\/2024\/12\/IMG-20241209-WA0150-150x150.jpg",150,150,true],"medium":["https:\/\/deportodos.com.ar\/2023\/wp-content\/uploads\/2024\/12\/IMG-20241209-WA0150-300x199.jpg",300,199,true],"medium_large":["https:\/\/deportodos.com.ar\/2023\/wp-content\/uploads\/2024\/12\/IMG-20241209-WA0150-768x509.jpg",640,424,true],"large":["https:\/\/deportodos.com.ar\/2023\/wp-content\/uploads\/2024\/12\/IMG-20241209-WA0150.jpg",640,424,false],"1536x1536":["https:\/\/deportodos.com.ar\/2023\/wp-content\/uploads\/2024\/12\/IMG-20241209-WA0150.jpg",972,644,false],"2048x2048":["https:\/\/deportodos.com.ar\/2023\/wp-content\/uploads\/2024\/12\/IMG-20241209-WA0150.jpg",972,644,false],"covernews-featured":["https:\/\/deportodos.com.ar\/2023\/wp-content\/uploads\/2024\/12\/IMG-20241209-WA0150.jpg",972,644,false],"covernews-medium":["https:\/\/deportodos.com.ar\/2023\/wp-content\/uploads\/2024\/12\/IMG-20241209-WA0150-540x340.jpg",540,340,true]},"author_info":{"display_name":"c2530142","author_link":"https:\/\/deportodos.com.ar\/2023\/author\/c2530142\/"},"category_info":"<a href=\"https:\/\/deportodos.com.ar\/2023\/category\/basquet\/\" rel=\"category tag\">Basquet<\/a>","tag_info":"Basquet","comment_count":"0","_links":{"self":[{"href":"https:\/\/deportodos.com.ar\/2023\/wp-json\/wp\/v2\/posts\/2753","targetHints":{"allow":["GET"]}}],"collection":[{"href":"https:\/\/deportodos.com.ar\/2023\/wp-json\/wp\/v2\/posts"}],"about":[{"href":"https:\/\/deportodos.com.ar\/2023\/wp-json\/wp\/v2\/types\/post"}],"author":[{"embeddable":true,"href":"https:\/\/deportodos.com.ar\/2023\/wp-json\/wp\/v2\/users\/2"}],"replies":[{"embeddable":true,"href":"https:\/\/deportodos.com.ar\/2023\/wp-json\/wp\/v2\/comments?post=2753"}],"version-history":[{"count":1,"href":"https:\/\/deportodos.com.ar\/2023\/wp-json\/wp\/v2\/posts\/2753\/revisions"}],"predecessor-version":[{"id":2755,"href":"https:\/\/deportodos.com.ar\/2023\/wp-json\/wp\/v2\/posts\/2753\/revisions\/2755"}],"wp:featuredmedia":[{"embeddable":true,"href":"https:\/\/deportodos.com.ar\/2023\/wp-json\/wp\/v2\/media\/2754"}],"wp:attachment":[{"href":"https:\/\/deportodos.com.ar\/2023\/wp-json\/wp\/v2\/media?parent=2753"}],"wp:term":[{"taxonomy":"category","embeddable":true,"href":"https:\/\/deportodos.com.ar\/2023\/wp-json\/wp\/v2\/categories?post=2753"},{"taxonomy":"post_tag","embeddable":true,"href":"https:\/\/deportodos.com.ar\/2023\/wp-json\/wp\/v2\/tags?post=2753"}],"curies":[{"name":"wp","href":"https:\/\/api.w.org\/{rel}","templated":true}]}}