{"id":2759,"date":"2024-12-12T10:22:45","date_gmt":"2024-12-12T10:22:45","guid":{"rendered":"https:\/\/deportodos.com.ar\/2023\/?p=2759"},"modified":"2024-12-12T10:22:46","modified_gmt":"2024-12-12T10:22:46","slug":"la-provincia-juega","status":"publish","type":"post","link":"https:\/\/deportodos.com.ar\/2023\/la-provincia-juega\/","title":{"rendered":"LA PROVINCIA JUEGA"},"content":{"rendered":"\n<p>Finalmente, este fin de semana se pondr\u00e1 en marcha una nueva edici\u00f3n de la Copa Entre R\u00edos de f\u00fatbol masculino.<\/p>\n\n\n\n<p>El certamen que organiza la Federaci\u00f3n Entrerriana de F\u00fatbol contar\u00e1 la participaci\u00f3n de treinta y nueve equipos en esta temporada.<\/p>\n\n\n\n<p>Desde este viernes y hasta el pr\u00f3ximo mi\u00e9rcoles, habr\u00e1 actividad continua durante cinco d\u00edas, mediante la cual se dar\u00e1 desarrollo a la primera fecha de la competencia.<\/p>\n\n\n\n<p>Ser\u00e1n diecisiete los encuentros en los que treinta y cuatro equipos dar\u00e1n el puntapi\u00e9 inicial al certamen entrerriano. Otros cinco representantes liguistas tendr\u00e1n fecha libre y deber\u00e1n esperar una semana m\u00e1s para salir a la cancha.<\/p>\n\n\n\n<p>En s\u00edntesis, esta es la programaci\u00f3n completa de todos los encuentros a disputarse:<\/p>\n\n\n\n<p><em>Zona 1<\/em><\/p>\n\n\n\n<p><strong>Argentino Jrs. (Paran\u00e1) \u2013 Def de Belgrano (Diamante)<\/strong><\/p>\n\n\n\n<p>Domingo 15\/12 \u2013 17 hs. Cancha de Argentinos Jrs.<\/p>\n\n\n\n<p><em>Zona 2<\/em><\/p>\n\n\n\n<p><strong>Atl\u00e9tico Mar\u00eda Grande \u2013 Uni\u00f3n (Crespo)<\/strong><\/p>\n\n\n\n<p>S\u00e1bado 14\/12 \u2013 20 hs. Cancha de Atl\u00e9tico Mar\u00eda Grande<\/p>\n\n\n\n<p><em>Zona 3<\/em><\/p>\n\n\n\n<p><strong>Patronato (LP) \u2013 Malvinas (LP)<\/strong><\/p>\n\n\n\n<p>Domingo 15\/12 \u2013 17 hs. Cancha de Patronato<\/p>\n\n\n\n<p><em>Zona 4<\/em><\/p>\n\n\n\n<p><strong>El Silbido (Federal) \u2013 Los Teros (Feliciano)<\/strong><\/p>\n\n\n\n<p>Domingo 15\/12 \u2013 17 hs. Cancha de Las Flores<\/p>\n\n\n\n<p><em>Zona 5<\/em><\/p>\n\n\n\n<p><strong>Juventud Unida (Gualeguaych\u00fa) \u2013 Deportivo Mantero<\/strong><\/p>\n\n\n\n<p>Viernes 13\/12 \u2013 21 hs. Cancha de Juventud Unida<\/p>\n\n\n\n<p><em>Zona 6<\/em><\/p>\n\n\n\n<p><strong>Comercio e Industria (LP) \u2013 Santa Marta (SE)<\/strong><\/p>\n\n\n\n<p>S\u00e1bado 14\/12 \u2013 20 hs. Cancha de Comercio<\/p>\n\n\n\n<p><strong>Camba Cu\u00e1 (SE) \u2013 Caball\u00fa (LP)<\/strong><\/p>\n\n\n\n<p>Domingo 15\/12 \u2013 17.30 hs. Cancha de Camba Cu\u00e1<\/p>\n\n\n\n<p><em>Zona 7<\/em><\/p>\n\n\n\n<p><strong>Pe\u00f1arol (Basavilbaso) \u2013 Lan\u00fas (CdU)<\/strong><\/p>\n\n\n\n<p>Domingo 15\/12 \u2013 17.30 hs. Cancha de Pe\u00f1arol<\/p>\n\n\n\n<p><strong>Atl\u00e9tico Colonia El\u00eda \u2013 Uni\u00f3n y Recreo (San Justo)<\/strong><\/p>\n\n\n\n<p>Mi\u00e9rcoles 18\/12 \u2013 21 hs. Cancha de Atl\u00e9tico Colonia El\u00eda<\/p>\n\n\n\n<p><em>Zona 8<\/em><\/p>\n\n\n\n<p><strong>Juventud Urdinarrain \u2013 Defensores del Oeste (Basavilbaso)<\/strong><\/p>\n\n\n\n<p>Domingo 15\/12 \u2013 21 hs. Cancha de Juventud Urdinarrain<\/p>\n\n\n\n<p><strong>Deportivo Urdinarrain \u2013 Ramsar Jrs. (Basavilbaso)<\/strong><\/p>\n\n\n\n<p>Martes 17\/12 \u2013 21 hs. Cancha de Deportivo Urdinarrain<\/p>\n\n\n\n<p><em>Zona 9<\/em><\/p>\n\n\n\n<p><strong>Defensores de Col\u00f3n \u2013 ADEV (Villaguay)<\/strong><\/p>\n\n\n\n<p>Domingo 15\/12 \u2013 20 hs. Cancha de Defensores de Col\u00f3n<\/p>\n\n\n\n<p><strong>Uni\u00f3n y Fraternidad (SS) \u2013 Unidos (Liebig)<\/strong><\/p>\n\n\n\n<p>Domingo 15\/12 \u2013 19 hs. Cancha de Uni\u00f3n y Fraternidad<\/p>\n\n\n\n<p><em>Zona 10<\/em><\/p>\n\n\n\n<p><strong>1ro de Mayo (Chajar\u00ed) \u2013 Los Pumas (Federaci\u00f3n)<\/strong><\/p>\n\n\n\n<p>Mi\u00e9rcoles 18\/12 \u2013 21 hs. Cancha de 1ro. de Mayo<\/p>\n\n\n\n<p><strong>Atl. Mocoret\u00e1&nbsp;\u2013<\/strong>&nbsp;<strong>Independiente (VdR)<\/strong><\/p>\n\n\n\n<p>Domingo 15\/12 \u2013 17 hs. Cancha de Atl\u00e9tico Mocoret\u00e1<\/p>\n\n\n\n<p><em>Zona 11<\/em><\/p>\n\n\n\n<p><strong>Defensores de la Constituci\u00f3n (Concordia) \u2013 Santa Mar\u00eda de Oro (Concordia)<\/strong><\/p>\n\n\n\n<p>Lunes 16\/12 \u2013 20:30 hs. Estadio Ciudad de Concordia<\/p>\n\n\n\n<p><strong>Colegiales (Concordia) \u2013 Libertad (Concordia)<\/strong><\/p>\n\n\n\n<p>Martes 17\/12 \u2013 20.30 hs. Estadio Ciudad de Concordia<\/p>\n\n\n\n<blockquote class=\"wp-block-quote is-layout-flow wp-block-quote-is-layout-flow\">\n<p>www.federacionentrerrianadefutbol.org.ar<\/p>\n<\/blockquote>\n","protected":false},"excerpt":{"rendered":"<p>Finalmente, este fin de semana se pondr\u00e1 en marcha una nueva edici\u00f3n de la Copa&#8230;<\/p>\n","protected":false},"author":2,"featured_media":2760,"comment_status":"open","ping_status":"open","sticky":false,"template":"","format":"standard","meta":{"footnotes":""},"categories":[36],"tags":[],"class_list":["post-2759","post","type-post","status-publish","format-standard","has-post-thumbnail","hentry","category-futbol"],"featured_image_urls":{"full":["https:\/\/deportodos.com.ar\/2023\/wp-content\/uploads\/2024\/12\/FEF-17.png",600,380,false],"thumbnail":["https:\/\/deportodos.com.ar\/2023\/wp-content\/uploads\/2024\/12\/FEF-17-150x150.png",150,150,true],"medium":["https:\/\/deportodos.com.ar\/2023\/wp-content\/uploads\/2024\/12\/FEF-17-300x190.png",300,190,true],"medium_large":["https:\/\/deportodos.com.ar\/2023\/wp-content\/uploads\/2024\/12\/FEF-17.png",600,380,false],"large":["https:\/\/deportodos.com.ar\/2023\/wp-content\/uploads\/2024\/12\/FEF-17.png",600,380,false],"1536x1536":["https:\/\/deportodos.com.ar\/2023\/wp-content\/uploads\/2024\/12\/FEF-17.png",600,380,false],"2048x2048":["https:\/\/deportodos.com.ar\/2023\/wp-content\/uploads\/2024\/12\/FEF-17.png",600,380,false],"covernews-featured":["https:\/\/deportodos.com.ar\/2023\/wp-content\/uploads\/2024\/12\/FEF-17.png",600,380,false],"covernews-medium":["https:\/\/deportodos.com.ar\/2023\/wp-content\/uploads\/2024\/12\/FEF-17-540x340.png",540,340,true]},"author_info":{"display_name":"c2530142","author_link":"https:\/\/deportodos.com.ar\/2023\/author\/c2530142\/"},"category_info":"<a href=\"https:\/\/deportodos.com.ar\/2023\/category\/futbol\/\" rel=\"category tag\">Futbol<\/a>","tag_info":"Futbol","comment_count":"0","_links":{"self":[{"href":"https:\/\/deportodos.com.ar\/2023\/wp-json\/wp\/v2\/posts\/2759","targetHints":{"allow":["GET"]}}],"collection":[{"href":"https:\/\/deportodos.com.ar\/2023\/wp-json\/wp\/v2\/posts"}],"about":[{"href":"https:\/\/deportodos.com.ar\/2023\/wp-json\/wp\/v2\/types\/post"}],"author":[{"embeddable":true,"href":"https:\/\/deportodos.com.ar\/2023\/wp-json\/wp\/v2\/users\/2"}],"replies":[{"embeddable":true,"href":"https:\/\/deportodos.com.ar\/2023\/wp-json\/wp\/v2\/comments?post=2759"}],"version-history":[{"count":1,"href":"https:\/\/deportodos.com.ar\/2023\/wp-json\/wp\/v2\/posts\/2759\/revisions"}],"predecessor-version":[{"id":2761,"href":"https:\/\/deportodos.com.ar\/2023\/wp-json\/wp\/v2\/posts\/2759\/revisions\/2761"}],"wp:featuredmedia":[{"embeddable":true,"href":"https:\/\/deportodos.com.ar\/2023\/wp-json\/wp\/v2\/media\/2760"}],"wp:attachment":[{"href":"https:\/\/deportodos.com.ar\/2023\/wp-json\/wp\/v2\/media?parent=2759"}],"wp:term":[{"taxonomy":"category","embeddable":true,"href":"https:\/\/deportodos.com.ar\/2023\/wp-json\/wp\/v2\/categories?post=2759"},{"taxonomy":"post_tag","embeddable":true,"href":"https:\/\/deportodos.com.ar\/2023\/wp-json\/wp\/v2\/tags?post=2759"}],"curies":[{"name":"wp","href":"https:\/\/api.w.org\/{rel}","templated":true}]}}