{"id":2765,"date":"2024-12-12T10:24:59","date_gmt":"2024-12-12T10:24:59","guid":{"rendered":"https:\/\/deportodos.com.ar\/2023\/?p=2765"},"modified":"2024-12-12T10:25:00","modified_gmt":"2024-12-12T10:25:00","slug":"todo-listo-para-el-arranque-femenino","status":"publish","type":"post","link":"https:\/\/deportodos.com.ar\/2023\/todo-listo-para-el-arranque-femenino\/","title":{"rendered":"TODO LISTO PARA EL ARRANQUE FEMENINO"},"content":{"rendered":"\n<p>Este fin de semana se pondr\u00e1 en marcha la Copa Entre R\u00edos de f\u00fatbol femenino, que, en esta edici\u00f3n, cuenta con la participaci\u00f3n de trece equipos.<\/p>\n\n\n\n<p>Diez de ellos har\u00e1n su debut en la competencia entre s\u00e1bado y domingo, cuando se lleven a cabo los cinco encuentros que le dan forma a la fecha inaugural.<\/p>\n\n\n\n<p>Tres encuentros abrir\u00e1n la jornada el d\u00eda s\u00e1bado, en tanto que los dos restantes tendr\u00e1n desarrollo durante la tarde y noche del domingo.<\/p>\n\n\n\n<p>En esta oportunidad, ser\u00e1n sede de esta fecha las ciudades de Chajar\u00ed, Victoria, Crespo, Gualeguaych\u00fa y Col\u00f3n.<\/p>\n\n\n\n<p>Cabe recordar que la presente edici\u00f3n ser\u00e1 la sexta en disputarse de manera consecutiva, siendo Santa Mar\u00eda de Oro el \u00faltimo campe\u00f3n y, adem\u00e1s, el \u00fanico de los que alguna vez levantaron el trofeo que participe este a\u00f1o.<\/p>\n\n\n\n<p>La programaci\u00f3n completa para este fin de semana es la siguiente:<\/p>\n\n\n\n<p><em>Zona 1<\/em><\/p>\n\n\n\n<p><strong>Juventud Unida (Gualeguaych\u00fa) \u2013 Uni\u00f3n del Suburbio (Gualeguaych\u00fa)<\/strong><\/p>\n\n\n\n<p>Domingo 15\/12 \u2013 21 hs. Cancha de Juventud Unida<\/p>\n\n\n\n<p><strong>Costa del Uruguay (San Jos\u00e9) \u2013 Atl\u00e9tico Liebig<\/strong><\/p>\n\n\n\n<p>Domingo 15\/12 \u2013 17 hs. Cancha de Sauce<\/p>\n\n\n\n<p><em>Zona 2<\/em><\/p>\n\n\n\n<p><strong>Santa Rosa (Chajar\u00ed) \u2013 Estudiantes (Concordia)<\/strong><\/p>\n\n\n\n<p>S\u00e1bado 14\/12 \u2013 19 hs. Cancha de Santa Rosa<\/p>\n\n\n\n<p><em>Zona 3<\/em><\/p>\n\n\n\n<p><strong>San Benito (Victoria) \u2013 G.I.F. (Victoria)<\/strong><\/p>\n\n\n\n<p>S\u00e1bado 14\/12 \u2013 17 hs. Cancha de San Benito<\/p>\n\n\n\n<p><em>Zona 4<\/em><\/p>\n\n\n\n<p><strong>Uni\u00f3n (Crespo) \u2013 Barrio Sud (Villaguay)<\/strong><\/p>\n\n\n\n<p>S\u00e1bado 14\/12 \u2013 17 hs. Cancha de Uni\u00f3n<\/p>\n\n\n\n<blockquote class=\"wp-block-quote is-layout-flow wp-block-quote-is-layout-flow\">\n<p>www.federacionentrerrianadefutbol.org.ar<\/p>\n<\/blockquote>\n","protected":false},"excerpt":{"rendered":"<p>Este fin de semana se pondr\u00e1 en marcha la Copa Entre R\u00edos de f\u00fatbol femenino,&#8230;<\/p>\n","protected":false},"author":2,"featured_media":2766,"comment_status":"open","ping_status":"open","sticky":false,"template":"","format":"standard","meta":{"footnotes":""},"categories":[36],"tags":[],"class_list":["post-2765","post","type-post","status-publish","format-standard","has-post-thumbnail","hentry","category-futbol"],"featured_image_urls":{"full":["https:\/\/deportodos.com.ar\/2023\/wp-content\/uploads\/2024\/12\/FEF-16.png",600,380,false],"thumbnail":["https:\/\/deportodos.com.ar\/2023\/wp-content\/uploads\/2024\/12\/FEF-16-150x150.png",150,150,true],"medium":["https:\/\/deportodos.com.ar\/2023\/wp-content\/uploads\/2024\/12\/FEF-16-300x190.png",300,190,true],"medium_large":["https:\/\/deportodos.com.ar\/2023\/wp-content\/uploads\/2024\/12\/FEF-16.png",600,380,false],"large":["https:\/\/deportodos.com.ar\/2023\/wp-content\/uploads\/2024\/12\/FEF-16.png",600,380,false],"1536x1536":["https:\/\/deportodos.com.ar\/2023\/wp-content\/uploads\/2024\/12\/FEF-16.png",600,380,false],"2048x2048":["https:\/\/deportodos.com.ar\/2023\/wp-content\/uploads\/2024\/12\/FEF-16.png",600,380,false],"covernews-featured":["https:\/\/deportodos.com.ar\/2023\/wp-content\/uploads\/2024\/12\/FEF-16.png",600,380,false],"covernews-medium":["https:\/\/deportodos.com.ar\/2023\/wp-content\/uploads\/2024\/12\/FEF-16-540x340.png",540,340,true]},"author_info":{"display_name":"c2530142","author_link":"https:\/\/deportodos.com.ar\/2023\/author\/c2530142\/"},"category_info":"<a href=\"https:\/\/deportodos.com.ar\/2023\/category\/futbol\/\" rel=\"category tag\">Futbol<\/a>","tag_info":"Futbol","comment_count":"0","_links":{"self":[{"href":"https:\/\/deportodos.com.ar\/2023\/wp-json\/wp\/v2\/posts\/2765","targetHints":{"allow":["GET"]}}],"collection":[{"href":"https:\/\/deportodos.com.ar\/2023\/wp-json\/wp\/v2\/posts"}],"about":[{"href":"https:\/\/deportodos.com.ar\/2023\/wp-json\/wp\/v2\/types\/post"}],"author":[{"embeddable":true,"href":"https:\/\/deportodos.com.ar\/2023\/wp-json\/wp\/v2\/users\/2"}],"replies":[{"embeddable":true,"href":"https:\/\/deportodos.com.ar\/2023\/wp-json\/wp\/v2\/comments?post=2765"}],"version-history":[{"count":1,"href":"https:\/\/deportodos.com.ar\/2023\/wp-json\/wp\/v2\/posts\/2765\/revisions"}],"predecessor-version":[{"id":2767,"href":"https:\/\/deportodos.com.ar\/2023\/wp-json\/wp\/v2\/posts\/2765\/revisions\/2767"}],"wp:featuredmedia":[{"embeddable":true,"href":"https:\/\/deportodos.com.ar\/2023\/wp-json\/wp\/v2\/media\/2766"}],"wp:attachment":[{"href":"https:\/\/deportodos.com.ar\/2023\/wp-json\/wp\/v2\/media?parent=2765"}],"wp:term":[{"taxonomy":"category","embeddable":true,"href":"https:\/\/deportodos.com.ar\/2023\/wp-json\/wp\/v2\/categories?post=2765"},{"taxonomy":"post_tag","embeddable":true,"href":"https:\/\/deportodos.com.ar\/2023\/wp-json\/wp\/v2\/tags?post=2765"}],"curies":[{"name":"wp","href":"https:\/\/api.w.org\/{rel}","templated":true}]}}