{"id":2777,"date":"2024-12-15T00:41:29","date_gmt":"2024-12-15T00:41:29","guid":{"rendered":"https:\/\/deportodos.com.ar\/2023\/?p=2777"},"modified":"2024-12-16T01:22:49","modified_gmt":"2024-12-16T01:22:49","slug":"los-pacenos-coparon-federacion","status":"publish","type":"post","link":"https:\/\/deportodos.com.ar\/2023\/los-pacenos-coparon-federacion\/","title":{"rendered":"LOS PACE\u00d1OS COPARON FEDERACI\u00d3N"},"content":{"rendered":"\n<p>Adem\u00e1s de ser la segunda delegaci\u00f3n m\u00e1s numerosa despu\u00e9s de Concordia, se llev\u00f3 un gran triunfo de sus representantes MAXIMILIANO CAINO y ANAHI DIAZ que demostraron un gran desempe\u00f1o y con 1h01m20s y 1h 19m03s respectivamente, fueron los grandes protagonistas entre los 220 corredores que asistieron a la ciudad jardin y que fue cifra r\u00e9cord para este Circuito que culmina as\u00ed un a\u00f1o brillante y espera con mucha ansiedad el comienzo del 2025 en Victoria con la tercera fecha.<\/p>\n\n\n\n<p>La fecha fue organizada en forma conjunta entre la Direcci\u00f3n de Deportes de Federaci\u00f3n y la A.C.P.C. y cont\u00f3 con una gran puesta en escena y una carrera sumamente prolija en todos sus detalles.<\/p>\n\n\n\n<p>Damas:<\/p>\n\n\n\n<ol class=\"wp-block-list\">\n<li>Anah\u00ed Diaz , La Paz, 1h19m03s<\/li>\n\n\n\n<li>Victoria Roman, Concordia, 1h21m38s.<\/li>\n\n\n\n<li>Natalia Mendez, Colon, 1h22m30s<\/li>\n\n\n\n<li>Cecilia Almada, Concordia, 1h23m00s<\/li>\n\n\n\n<li>Constanza Ricagno, Concordia, 1h23m56s<\/li>\n<\/ol>\n\n\n\n<p>Varones:<\/p>\n\n\n\n<ol class=\"wp-block-list\">\n<li>Maximiliano Caino , La Paz, 1h01m20s<\/li>\n\n\n\n<li>Federico Ruiz, La Paz, 1h01m34s.<\/li>\n\n\n\n<li>Alejandro Ricagno, Concordia, 1h01m47s<\/li>\n\n\n\n<li>Lucas Tellado, Villa Celina, 1h02m39s<\/li>\n\n\n\n<li>Bruno Baldini, La Paz, 1h02m51s<\/li>\n<\/ol>\n\n\n\n<p>En postas primero Jos\u00e9 Carlos Loza, Luis Izaguirre y Marcelo Casado de Concepci\u00f3n del Urugay.<br>Segundo Martin Segovia, Roberto R\u00edos y Martin Caummado de Concordia y tercero Benjamin Sebastian Bouchet, Dario Galeano y Cristian Araujo de Federaci\u00f3n<\/p>\n","protected":false},"excerpt":{"rendered":"<p>Adem\u00e1s de ser la segunda delegaci\u00f3n m\u00e1s numerosa despu\u00e9s de Concordia, se llev\u00f3 un gran&#8230;<\/p>\n","protected":false},"author":2,"featured_media":2778,"comment_status":"open","ping_status":"open","sticky":false,"template":"","format":"standard","meta":{"footnotes":""},"categories":[33],"tags":[],"class_list":["post-2777","post","type-post","status-publish","format-standard","has-post-thumbnail","hentry","category-triatlon"],"featured_image_urls":{"full":["https:\/\/deportodos.com.ar\/2023\/wp-content\/uploads\/2024\/12\/FB_IMG_1734223168507.jpg",1050,1574,false],"thumbnail":["https:\/\/deportodos.com.ar\/2023\/wp-content\/uploads\/2024\/12\/FB_IMG_1734223168507-150x150.jpg",150,150,true],"medium":["https:\/\/deportodos.com.ar\/2023\/wp-content\/uploads\/2024\/12\/FB_IMG_1734223168507-200x300.jpg",200,300,true],"medium_large":["https:\/\/deportodos.com.ar\/2023\/wp-content\/uploads\/2024\/12\/FB_IMG_1734223168507-768x1151.jpg",640,959,true],"large":["https:\/\/deportodos.com.ar\/2023\/wp-content\/uploads\/2024\/12\/FB_IMG_1734223168507-683x1024.jpg",640,960,true],"1536x1536":["https:\/\/deportodos.com.ar\/2023\/wp-content\/uploads\/2024\/12\/FB_IMG_1734223168507-1025x1536.jpg",1025,1536,true],"2048x2048":["https:\/\/deportodos.com.ar\/2023\/wp-content\/uploads\/2024\/12\/FB_IMG_1734223168507.jpg",1050,1574,false],"covernews-featured":["https:\/\/deportodos.com.ar\/2023\/wp-content\/uploads\/2024\/12\/FB_IMG_1734223168507-1024x1535.jpg",1024,1535,true],"covernews-medium":["https:\/\/deportodos.com.ar\/2023\/wp-content\/uploads\/2024\/12\/FB_IMG_1734223168507-540x340.jpg",540,340,true]},"author_info":{"display_name":"c2530142","author_link":"https:\/\/deportodos.com.ar\/2023\/author\/c2530142\/"},"category_info":"<a href=\"https:\/\/deportodos.com.ar\/2023\/category\/triatlon\/\" rel=\"category tag\">Triatlon<\/a>","tag_info":"Triatlon","comment_count":"0","_links":{"self":[{"href":"https:\/\/deportodos.com.ar\/2023\/wp-json\/wp\/v2\/posts\/2777","targetHints":{"allow":["GET"]}}],"collection":[{"href":"https:\/\/deportodos.com.ar\/2023\/wp-json\/wp\/v2\/posts"}],"about":[{"href":"https:\/\/deportodos.com.ar\/2023\/wp-json\/wp\/v2\/types\/post"}],"author":[{"embeddable":true,"href":"https:\/\/deportodos.com.ar\/2023\/wp-json\/wp\/v2\/users\/2"}],"replies":[{"embeddable":true,"href":"https:\/\/deportodos.com.ar\/2023\/wp-json\/wp\/v2\/comments?post=2777"}],"version-history":[{"count":3,"href":"https:\/\/deportodos.com.ar\/2023\/wp-json\/wp\/v2\/posts\/2777\/revisions"}],"predecessor-version":[{"id":2787,"href":"https:\/\/deportodos.com.ar\/2023\/wp-json\/wp\/v2\/posts\/2777\/revisions\/2787"}],"wp:featuredmedia":[{"embeddable":true,"href":"https:\/\/deportodos.com.ar\/2023\/wp-json\/wp\/v2\/media\/2778"}],"wp:attachment":[{"href":"https:\/\/deportodos.com.ar\/2023\/wp-json\/wp\/v2\/media?parent=2777"}],"wp:term":[{"taxonomy":"category","embeddable":true,"href":"https:\/\/deportodos.com.ar\/2023\/wp-json\/wp\/v2\/categories?post=2777"},{"taxonomy":"post_tag","embeddable":true,"href":"https:\/\/deportodos.com.ar\/2023\/wp-json\/wp\/v2\/tags?post=2777"}],"curies":[{"name":"wp","href":"https:\/\/api.w.org\/{rel}","templated":true}]}}