{"id":2781,"date":"2024-12-15T23:05:37","date_gmt":"2024-12-15T23:05:37","guid":{"rendered":"https:\/\/deportodos.com.ar\/2023\/?p=2781"},"modified":"2024-12-15T23:05:37","modified_gmt":"2024-12-15T23:05:37","slug":"el-entrerriano-manuel-borgert-es-subcampeon-de-tc-pista-mouras","status":"publish","type":"post","link":"https:\/\/deportodos.com.ar\/2023\/el-entrerriano-manuel-borgert-es-subcampeon-de-tc-pista-mouras\/","title":{"rendered":"EL ENTRERRIANO MANUEL BORGERT ES SUBCAMPE\u00d3N DE TC PISTA MOURAS"},"content":{"rendered":"\n<p>El ramirense Manuel Borgert, quien hab\u00eda llegado como l\u00edder, sufri\u00f3 varios incidentes que lo retrasaron y finaliz\u00f3 en el 11\u00b0 lugar, sin poder consagrarse tras un gran a\u00f1o en la categor\u00eda. Lucas Bohdanowicz gan\u00f3 y grit\u00f3 campe\u00f3n en La Plata.<\/p>\n\n\n\n<p>Lucas Bohdanowicz (Dodge) prevaleci\u00f3 en la Final de la 14\u00aa fecha del campeonato del TC Pista Mouras. En esta oportunidad, la carrera se disput\u00f3 sobre la variante sin chicana del Aut\u00f3dromo Roberto Mouras de La Plata. Denis Cifre (Ford) y Leandro Gonz\u00e1lez (Chevrolet) completaron, en ese orden, el podio de triunfadores. Cumplida la temporada 2024 de la categor\u00eda, el piloto del Galarza Racing se llev\u00f3 la Copa Coronaci\u00f3n de Plata.<\/p>\n\n\n\n<p>El chaque\u00f1o inici\u00f3 la Final como perseguidor de Manuel Borgert (Ford) a 11 puntos. Incluso el entrerriano larg\u00f3 2\u00b0, por lo que pr\u00e1cticamente ten\u00eda el t\u00edtulo en sus manos. Sin embargo, en una maniobra pis\u00f3 la banquina y se releg\u00f3 hasta el 5\u00b0 puesto, cuando necesitaba terminar -al menos- 3\u00b0 para salir campe\u00f3n.<\/p>\n\n\n\n<p>Posteriormente, en el af\u00e1n de recuperar posiciones, Borgert se despist\u00f3 luego de recibir un toque de Marcelo Berardi (Ford), quien marchaba 4\u00b0. Fue as\u00ed como Bohdanowicz tuvo v\u00eda libre para cruzar la bandera a cuadros y adjudicarse la copa. El chaque\u00f1o sell\u00f3 un excelente fin de semana en donde logr\u00f3 la pole position, gan\u00f3 la serie m\u00e1s r\u00e1pida y se impuso en la carrera de punta a punta.<\/p>\n\n\n\n<h3 class=\"wp-block-heading\">Manu Borgert, triste y dolido<\/h3>\n\n\n\n<p>\u201cEstoy muy triste. Perder el campeonato as\u00ed me duele mucho. Yo sab\u00eda que ten\u00eda que salir tercero para lograr el t\u00edtulo, as\u00ed que cuando me tocaron de atr\u00e1s sab\u00eda que estaba todo perdido. M\u00e1s all\u00e1 de todo esto, estoy muy agradecido con el equipo. Solamente les pido disculpas por no haber conseguido el campeonato\u201d, dijo Borgert, quien finalmente fue subcampe\u00f3n.<\/p>\n\n\n\n<blockquote class=\"wp-block-quote is-layout-flow wp-block-quote-is-layout-flow\">\n<p>www.elonce.com<\/p>\n<\/blockquote>\n","protected":false},"excerpt":{"rendered":"<p>El ramirense Manuel Borgert, quien hab\u00eda llegado como l\u00edder, sufri\u00f3 varios incidentes que lo retrasaron&#8230;<\/p>\n","protected":false},"author":2,"featured_media":2782,"comment_status":"open","ping_status":"open","sticky":false,"template":"","format":"standard","meta":{"footnotes":""},"categories":[6],"tags":[],"class_list":["post-2781","post","type-post","status-publish","format-standard","has-post-thumbnail","hentry","category-automovilismo"],"featured_image_urls":{"full":["https:\/\/deportodos.com.ar\/2023\/wp-content\/uploads\/2024\/12\/l_1734283511_83049.webp",1200,800,false],"thumbnail":["https:\/\/deportodos.com.ar\/2023\/wp-content\/uploads\/2024\/12\/l_1734283511_83049-150x150.webp",150,150,true],"medium":["https:\/\/deportodos.com.ar\/2023\/wp-content\/uploads\/2024\/12\/l_1734283511_83049-300x200.webp",300,200,true],"medium_large":["https:\/\/deportodos.com.ar\/2023\/wp-content\/uploads\/2024\/12\/l_1734283511_83049-768x512.webp",640,427,true],"large":["https:\/\/deportodos.com.ar\/2023\/wp-content\/uploads\/2024\/12\/l_1734283511_83049-1024x683.webp",640,427,true],"1536x1536":["https:\/\/deportodos.com.ar\/2023\/wp-content\/uploads\/2024\/12\/l_1734283511_83049.webp",1200,800,false],"2048x2048":["https:\/\/deportodos.com.ar\/2023\/wp-content\/uploads\/2024\/12\/l_1734283511_83049.webp",1200,800,false],"covernews-featured":["https:\/\/deportodos.com.ar\/2023\/wp-content\/uploads\/2024\/12\/l_1734283511_83049-1024x683.webp",1024,683,true],"covernews-medium":["https:\/\/deportodos.com.ar\/2023\/wp-content\/uploads\/2024\/12\/l_1734283511_83049-540x340.webp",540,340,true]},"author_info":{"display_name":"c2530142","author_link":"https:\/\/deportodos.com.ar\/2023\/author\/c2530142\/"},"category_info":"<a href=\"https:\/\/deportodos.com.ar\/2023\/category\/automovilismo\/\" rel=\"category tag\">Automovilismo<\/a>","tag_info":"Automovilismo","comment_count":"0","_links":{"self":[{"href":"https:\/\/deportodos.com.ar\/2023\/wp-json\/wp\/v2\/posts\/2781","targetHints":{"allow":["GET"]}}],"collection":[{"href":"https:\/\/deportodos.com.ar\/2023\/wp-json\/wp\/v2\/posts"}],"about":[{"href":"https:\/\/deportodos.com.ar\/2023\/wp-json\/wp\/v2\/types\/post"}],"author":[{"embeddable":true,"href":"https:\/\/deportodos.com.ar\/2023\/wp-json\/wp\/v2\/users\/2"}],"replies":[{"embeddable":true,"href":"https:\/\/deportodos.com.ar\/2023\/wp-json\/wp\/v2\/comments?post=2781"}],"version-history":[{"count":1,"href":"https:\/\/deportodos.com.ar\/2023\/wp-json\/wp\/v2\/posts\/2781\/revisions"}],"predecessor-version":[{"id":2783,"href":"https:\/\/deportodos.com.ar\/2023\/wp-json\/wp\/v2\/posts\/2781\/revisions\/2783"}],"wp:featuredmedia":[{"embeddable":true,"href":"https:\/\/deportodos.com.ar\/2023\/wp-json\/wp\/v2\/media\/2782"}],"wp:attachment":[{"href":"https:\/\/deportodos.com.ar\/2023\/wp-json\/wp\/v2\/media?parent=2781"}],"wp:term":[{"taxonomy":"category","embeddable":true,"href":"https:\/\/deportodos.com.ar\/2023\/wp-json\/wp\/v2\/categories?post=2781"},{"taxonomy":"post_tag","embeddable":true,"href":"https:\/\/deportodos.com.ar\/2023\/wp-json\/wp\/v2\/tags?post=2781"}],"curies":[{"name":"wp","href":"https:\/\/api.w.org\/{rel}","templated":true}]}}