{"id":2822,"date":"2024-12-23T11:24:43","date_gmt":"2024-12-23T11:24:43","guid":{"rendered":"https:\/\/deportodos.com.ar\/2023\/?p=2822"},"modified":"2024-12-23T11:24:45","modified_gmt":"2024-12-23T11:24:45","slug":"ana-gallay-estara-al-frentr-de-la-seleccion-femenina-de-beach-voley","status":"publish","type":"post","link":"https:\/\/deportodos.com.ar\/2023\/ana-gallay-estara-al-frentr-de-la-seleccion-femenina-de-beach-voley\/","title":{"rendered":"ANA GALLAY ESTAR\u00c1 AL FRENTR DE LA SELECCI\u00d3N FEMENINA DE BEACH VOLEY"},"content":{"rendered":"\n<p>A &nbsp;trav\u00e9s de un comunicado oficial, la Federaci\u00f3n de Voleibol Argentino (FeVA) confirm\u00f3 la designaci\u00f3n de la entrerriana Ana Gallay como responsable de la selecci\u00f3n femenina de Beach Volley. Esta decisi\u00f3n surgi\u00f3 de reuniones llevadas a cabo entre la nogoyaense y autoridades de FeVA en el Centro de Desarrollo ubicado en Rosario.<\/p>\n\n\n\n<p>La entrerriana estar\u00e1 a cargo del equipo femenino; mientras que el responsable de las selecciones masculinas ser\u00e1 Giuliano Mezzagno. El responsable de la selecci\u00f3n de varones se desempe\u00f1\u00f3 en el desarrollo de talentos en la rama masculina, \u00e1mbito en el que hizo su experiencia.<\/p>\n\n\n\n<p>Gallay es la figura m\u00e1s destacada de este deporte a nivel nacional, con la participaci\u00f3n en tres Juegos Ol\u00edmpicos y la obtenci\u00f3n del oro en los Juegos Panamericanos de R\u00edo en 2015 junto a la santafesina Georgina Klug.<\/p>\n\n\n\n<p>Tanto Gallay como Mezzagno se encuentran trabajando en la planificaci\u00f3n de la nueva temporada. El objetivo es posicionar a la Argentina entre los mejores equipos del mundo. Actualmente, el equipo argentino est\u00e1 13\u00b0 en varones con 5.440 puntos; y 34\u00b0 en mujeres, con 3.448 puntos.<\/p>\n\n\n\n<blockquote class=\"wp-block-quote is-layout-flow wp-block-quote-is-layout-flow\">\n<p>www.analisisdigital.com.ar<\/p>\n<\/blockquote>\n","protected":false},"excerpt":{"rendered":"<p>A &nbsp;trav\u00e9s de un comunicado oficial, la Federaci\u00f3n de Voleibol Argentino (FeVA) confirm\u00f3 la designaci\u00f3n&#8230;<\/p>\n","protected":false},"author":2,"featured_media":2824,"comment_status":"open","ping_status":"open","sticky":false,"template":"","format":"standard","meta":{"footnotes":""},"categories":[10],"tags":[],"class_list":["post-2822","post","type-post","status-publish","format-standard","has-post-thumbnail","hentry","category-beach-voley"],"featured_image_urls":{"full":["https:\/\/deportodos.com.ar\/2023\/wp-content\/uploads\/2024\/12\/ana_gallay_y_giuliano_mezzagno.jpg",450,300,false],"thumbnail":["https:\/\/deportodos.com.ar\/2023\/wp-content\/uploads\/2024\/12\/ana_gallay_y_giuliano_mezzagno-150x150.jpg",150,150,true],"medium":["https:\/\/deportodos.com.ar\/2023\/wp-content\/uploads\/2024\/12\/ana_gallay_y_giuliano_mezzagno-300x200.jpg",300,200,true],"medium_large":["https:\/\/deportodos.com.ar\/2023\/wp-content\/uploads\/2024\/12\/ana_gallay_y_giuliano_mezzagno.jpg",450,300,false],"large":["https:\/\/deportodos.com.ar\/2023\/wp-content\/uploads\/2024\/12\/ana_gallay_y_giuliano_mezzagno.jpg",450,300,false],"1536x1536":["https:\/\/deportodos.com.ar\/2023\/wp-content\/uploads\/2024\/12\/ana_gallay_y_giuliano_mezzagno.jpg",450,300,false],"2048x2048":["https:\/\/deportodos.com.ar\/2023\/wp-content\/uploads\/2024\/12\/ana_gallay_y_giuliano_mezzagno.jpg",450,300,false],"covernews-featured":["https:\/\/deportodos.com.ar\/2023\/wp-content\/uploads\/2024\/12\/ana_gallay_y_giuliano_mezzagno.jpg",450,300,false],"covernews-medium":["https:\/\/deportodos.com.ar\/2023\/wp-content\/uploads\/2024\/12\/ana_gallay_y_giuliano_mezzagno.jpg",450,300,false]},"author_info":{"display_name":"c2530142","author_link":"https:\/\/deportodos.com.ar\/2023\/author\/c2530142\/"},"category_info":"<a href=\"https:\/\/deportodos.com.ar\/2023\/category\/beach-voley\/\" rel=\"category tag\">Beach Voley<\/a>","tag_info":"Beach Voley","comment_count":"0","_links":{"self":[{"href":"https:\/\/deportodos.com.ar\/2023\/wp-json\/wp\/v2\/posts\/2822","targetHints":{"allow":["GET"]}}],"collection":[{"href":"https:\/\/deportodos.com.ar\/2023\/wp-json\/wp\/v2\/posts"}],"about":[{"href":"https:\/\/deportodos.com.ar\/2023\/wp-json\/wp\/v2\/types\/post"}],"author":[{"embeddable":true,"href":"https:\/\/deportodos.com.ar\/2023\/wp-json\/wp\/v2\/users\/2"}],"replies":[{"embeddable":true,"href":"https:\/\/deportodos.com.ar\/2023\/wp-json\/wp\/v2\/comments?post=2822"}],"version-history":[{"count":1,"href":"https:\/\/deportodos.com.ar\/2023\/wp-json\/wp\/v2\/posts\/2822\/revisions"}],"predecessor-version":[{"id":2825,"href":"https:\/\/deportodos.com.ar\/2023\/wp-json\/wp\/v2\/posts\/2822\/revisions\/2825"}],"wp:featuredmedia":[{"embeddable":true,"href":"https:\/\/deportodos.com.ar\/2023\/wp-json\/wp\/v2\/media\/2824"}],"wp:attachment":[{"href":"https:\/\/deportodos.com.ar\/2023\/wp-json\/wp\/v2\/media?parent=2822"}],"wp:term":[{"taxonomy":"category","embeddable":true,"href":"https:\/\/deportodos.com.ar\/2023\/wp-json\/wp\/v2\/categories?post=2822"},{"taxonomy":"post_tag","embeddable":true,"href":"https:\/\/deportodos.com.ar\/2023\/wp-json\/wp\/v2\/tags?post=2822"}],"curies":[{"name":"wp","href":"https:\/\/api.w.org\/{rel}","templated":true}]}}