{"id":2829,"date":"2024-12-23T11:30:02","date_gmt":"2024-12-23T11:30:02","guid":{"rendered":"https:\/\/deportodos.com.ar\/2023\/?p=2829"},"modified":"2024-12-23T11:30:05","modified_gmt":"2024-12-23T11:30:05","slug":"deportivo-viedma-gano-su-final-y-paso-de-ronda","status":"publish","type":"post","link":"https:\/\/deportodos.com.ar\/2023\/deportivo-viedma-gano-su-final-y-paso-de-ronda\/","title":{"rendered":"DEPORTIVO VIEDMA GAN\u00d3 SU FINAL Y PAS\u00d3 DE RONDA"},"content":{"rendered":"\n<p>El encuentro entre El Talar y Ciclista tuvo un arranque parejo hasta que los de Capital aprovecharon su efectividad para posicionarse arriba en el tablero por 28-19. En el segundo per\u00edodo, El Talar solo aprovech\u00f3 para mantener su juego, sumar y alejarse en el tanteador para irse al descanso liderando tranquilo por 45-33.<\/p>\n\n\n\n<p>Ciclista despert\u00f3 en el tercer cuarto. Fue dominante, fuerte en defensa y efectivo en la conversi\u00f3n para evitar que El Talar sume, y llevar el tablero a su favor por 53-61. La clave de solo haber permitido que el rival convierta ocho puntos, fue important\u00edsima para que los de Jun\u00edn reviertan el dominio para su lado. El final potenci\u00f3 el poder\u00edo de los de Saita que ingresaron al segundo tiempo con otro juego, otra cara y lograron cerrar su participaci\u00f3n con un triunfo por 88-78.<\/p>\n\n\n\n<p>En segundo turno lleg\u00f3 el plato fuerte de la noche, por que se enfrentaron los dos invictos en un duelo directo por la clasificaci\u00f3n al Cuadrangular Final.&nbsp;El partido entre La Uni\u00f3n y Viedma fue una monta\u00f1a rusa de emociones.<\/p>\n\n\n\n<p>El primer cuarto se lo llev\u00f3 el local por 23-22 con un triple sobre la chicharra. El segundo per\u00edodo fue para Viedma que ajust\u00f3 errores, cerr\u00f3 espacios y us\u00f3 su efectividad en lanzamientos para sacar ventaja e irse al descanso arriba por 42 a 34.<\/p>\n\n\n\n<p>La vuelta del entretiempo fue intensa. El Rojo, que corri\u00f3 de atr\u00e1s, se puso a tono, convirti\u00f3 y dej\u00f3 sin respuestas a Viedma que sufr\u00eda, pero segu\u00eda arriba por la m\u00ednima: 56-55. El final fue todo lo que se esperaba de este cruce, peleado, con un marco estupendo. Ambos dieron batalla y se dio un cierre para cualquiera.<\/p>\n\n\n\n<p>Se prestaron el liderazgo en el \u00faltimo minuto, hasta que los de Bogliacino festejaron en el final por 74-73 gracias a un doble de Nicol\u00e1s Paletta a falta de 19 segundos tras un rebote ofensivo. La Uni\u00f3n de Col\u00f3n tuvo la bola para ganarlo pero el triple de Emilio Gim\u00e9nez sali\u00f3 de adentro. Deportivo Viedma finaliz\u00f3 invicto y sac\u00f3 pasaje al Cuadrangular Final. C\u00e1ceres se llev\u00f3 los aplausos para el ganador con 21 puntos, 2 rebotes y 1 asistencia.<\/p>\n\n\n\n<blockquote class=\"wp-block-quote is-layout-flow wp-block-quote-is-layout-flow\">\n<p>www.laliganacional.com.ar<\/p>\n<\/blockquote>\n\n\n\n<p><br><\/p>\n","protected":false},"excerpt":{"rendered":"<p>El encuentro entre El Talar y Ciclista tuvo un arranque parejo hasta que los de&#8230;<\/p>\n","protected":false},"author":2,"featured_media":2830,"comment_status":"open","ping_status":"open","sticky":false,"template":"","format":"standard","meta":{"footnotes":""},"categories":[9],"tags":[],"class_list":["post-2829","post","type-post","status-publish","format-standard","has-post-thumbnail","hentry","category-basquet"],"featured_image_urls":{"full":["https:\/\/deportodos.com.ar\/2023\/wp-content\/uploads\/2024\/12\/f29e7f00-0dc3-40f8-901e-5599e9ed7c61.jpg",1599,1066,false],"thumbnail":["https:\/\/deportodos.com.ar\/2023\/wp-content\/uploads\/2024\/12\/f29e7f00-0dc3-40f8-901e-5599e9ed7c61-150x150.jpg",150,150,true],"medium":["https:\/\/deportodos.com.ar\/2023\/wp-content\/uploads\/2024\/12\/f29e7f00-0dc3-40f8-901e-5599e9ed7c61-300x200.jpg",300,200,true],"medium_large":["https:\/\/deportodos.com.ar\/2023\/wp-content\/uploads\/2024\/12\/f29e7f00-0dc3-40f8-901e-5599e9ed7c61-768x512.jpg",640,427,true],"large":["https:\/\/deportodos.com.ar\/2023\/wp-content\/uploads\/2024\/12\/f29e7f00-0dc3-40f8-901e-5599e9ed7c61-1024x683.jpg",640,427,true],"1536x1536":["https:\/\/deportodos.com.ar\/2023\/wp-content\/uploads\/2024\/12\/f29e7f00-0dc3-40f8-901e-5599e9ed7c61-1536x1024.jpg",1536,1024,true],"2048x2048":["https:\/\/deportodos.com.ar\/2023\/wp-content\/uploads\/2024\/12\/f29e7f00-0dc3-40f8-901e-5599e9ed7c61.jpg",1599,1066,false],"covernews-featured":["https:\/\/deportodos.com.ar\/2023\/wp-content\/uploads\/2024\/12\/f29e7f00-0dc3-40f8-901e-5599e9ed7c61-1024x683.jpg",1024,683,true],"covernews-medium":["https:\/\/deportodos.com.ar\/2023\/wp-content\/uploads\/2024\/12\/f29e7f00-0dc3-40f8-901e-5599e9ed7c61-540x340.jpg",540,340,true]},"author_info":{"display_name":"c2530142","author_link":"https:\/\/deportodos.com.ar\/2023\/author\/c2530142\/"},"category_info":"<a href=\"https:\/\/deportodos.com.ar\/2023\/category\/basquet\/\" rel=\"category tag\">Basquet<\/a>","tag_info":"Basquet","comment_count":"0","_links":{"self":[{"href":"https:\/\/deportodos.com.ar\/2023\/wp-json\/wp\/v2\/posts\/2829","targetHints":{"allow":["GET"]}}],"collection":[{"href":"https:\/\/deportodos.com.ar\/2023\/wp-json\/wp\/v2\/posts"}],"about":[{"href":"https:\/\/deportodos.com.ar\/2023\/wp-json\/wp\/v2\/types\/post"}],"author":[{"embeddable":true,"href":"https:\/\/deportodos.com.ar\/2023\/wp-json\/wp\/v2\/users\/2"}],"replies":[{"embeddable":true,"href":"https:\/\/deportodos.com.ar\/2023\/wp-json\/wp\/v2\/comments?post=2829"}],"version-history":[{"count":1,"href":"https:\/\/deportodos.com.ar\/2023\/wp-json\/wp\/v2\/posts\/2829\/revisions"}],"predecessor-version":[{"id":2831,"href":"https:\/\/deportodos.com.ar\/2023\/wp-json\/wp\/v2\/posts\/2829\/revisions\/2831"}],"wp:featuredmedia":[{"embeddable":true,"href":"https:\/\/deportodos.com.ar\/2023\/wp-json\/wp\/v2\/media\/2830"}],"wp:attachment":[{"href":"https:\/\/deportodos.com.ar\/2023\/wp-json\/wp\/v2\/media?parent=2829"}],"wp:term":[{"taxonomy":"category","embeddable":true,"href":"https:\/\/deportodos.com.ar\/2023\/wp-json\/wp\/v2\/categories?post=2829"},{"taxonomy":"post_tag","embeddable":true,"href":"https:\/\/deportodos.com.ar\/2023\/wp-json\/wp\/v2\/tags?post=2829"}],"curies":[{"name":"wp","href":"https:\/\/api.w.org\/{rel}","templated":true}]}}