{"id":2838,"date":"2024-12-27T16:29:43","date_gmt":"2024-12-27T16:29:43","guid":{"rendered":"https:\/\/deportodos.com.ar\/2023\/?p=2838"},"modified":"2024-12-27T16:29:44","modified_gmt":"2024-12-27T16:29:44","slug":"tercer-capitulo-para-la-copa-femenina","status":"publish","type":"post","link":"https:\/\/deportodos.com.ar\/2023\/tercer-capitulo-para-la-copa-femenina\/","title":{"rendered":"TERCER CAPITULO PARA LA COPA FEMENINA"},"content":{"rendered":"\n<p>Entre s\u00e1bado y domingo se desarrollar\u00e1 la fecha que dar\u00e1 cierre a la primera rueda de la fase de grupos en la Copa Entre R\u00edos de mujeres.<\/p>\n\n\n\n<p>En esta oportunidad, dos de los encuentros tendr\u00e1n fecha durante la primera jornada del fin de semana, en tanto que, en la tarde dominical, se disputar\u00e1n los tres restantes.<\/p>\n\n\n\n<p>La tercera fecha de la competencia tendr\u00e1 sede en Gualeguaych\u00fa, donde habr\u00e1 juegos por partida doble, Concordia, La Paz y Gualeguay.<\/p>\n\n\n\n<p>Con la disputa de esta fecha, los equipos llegar\u00e1n a la mitad del camino, en lo que hace a la ronda clasificatoria.<\/p>\n\n\n\n<p>La programaci\u00f3n completa para s\u00e1bado y domingo es la siguiente:<\/p>\n\n\n\n<p><em>Zona 1<\/em><\/p>\n\n\n\n<p><strong>Uni\u00f3n del Suburbio (Gualeguaych\u00fa) \u2013 Atl\u00e9tico Liebig &nbsp;<\/strong><\/p>\n\n\n\n<p>S\u00e1bado 28\/12 \u2013 18 hs. Cancha de Uni\u00f3n del Suburbio<\/p>\n\n\n\n<p><strong>Juventud Unida (Gualeguaych\u00fa) \u2013 Costa del Uruguay (San Jos\u00e9)<\/strong><\/p>\n\n\n\n<p>Domingo 29\/12 \u2013 18 hs. Cancha de Juventud Unida<\/p>\n\n\n\n<p><em>Zona 2<\/em><\/p>\n\n\n\n<p><strong>Santa Mar\u00eda de Oro (Concordia) \u2013 Santa Rosa (Chajar\u00ed)<\/strong><\/p>\n\n\n\n<p>S\u00e1bado 28\/12 \u2013 17 hs. Cancha de Santa Mar\u00eda de Oro<\/p>\n\n\n\n<p><em>Zona 3<\/em><\/p>\n\n\n\n<p><strong>Libertad (Gualeguay) \u2013 San Benito (Victoria)<\/strong><\/p>\n\n\n\n<p>Domingo 29\/12 \u2013 18 hs. Cancha de Libertad<\/p>\n\n\n\n<p><em>Zona 4<\/em><\/p>\n\n\n\n<p><strong>Malvinas (LP) \u2013 Uni\u00f3n (Crespo)<\/strong><\/p>\n\n\n\n<p>Domingo 29\/12 \u2013 17 hs. Cancha de Comercio e Industria<\/p>\n\n\n\n<p>Fotograf\u00eda: Mariano Lukacs<\/p>\n\n\n\n<blockquote class=\"wp-block-quote is-layout-flow wp-block-quote-is-layout-flow\">\n<p>www.federacionentrerrianadefutbol.org.ar<\/p>\n<\/blockquote>\n","protected":false},"excerpt":{"rendered":"<p>Entre s\u00e1bado y domingo se desarrollar\u00e1 la fecha que dar\u00e1 cierre a la primera rueda&#8230;<\/p>\n","protected":false},"author":2,"featured_media":2839,"comment_status":"open","ping_status":"open","sticky":false,"template":"","format":"standard","meta":{"footnotes":""},"categories":[36],"tags":[],"class_list":["post-2838","post","type-post","status-publish","format-standard","has-post-thumbnail","hentry","category-futbol"],"featured_image_urls":{"full":["https:\/\/deportodos.com.ar\/2023\/wp-content\/uploads\/2024\/12\/IMG-20241227-WA0017.jpg",909,560,false],"thumbnail":["https:\/\/deportodos.com.ar\/2023\/wp-content\/uploads\/2024\/12\/IMG-20241227-WA0017-150x150.jpg",150,150,true],"medium":["https:\/\/deportodos.com.ar\/2023\/wp-content\/uploads\/2024\/12\/IMG-20241227-WA0017-300x185.jpg",300,185,true],"medium_large":["https:\/\/deportodos.com.ar\/2023\/wp-content\/uploads\/2024\/12\/IMG-20241227-WA0017-768x473.jpg",640,394,true],"large":["https:\/\/deportodos.com.ar\/2023\/wp-content\/uploads\/2024\/12\/IMG-20241227-WA0017.jpg",640,394,false],"1536x1536":["https:\/\/deportodos.com.ar\/2023\/wp-content\/uploads\/2024\/12\/IMG-20241227-WA0017.jpg",909,560,false],"2048x2048":["https:\/\/deportodos.com.ar\/2023\/wp-content\/uploads\/2024\/12\/IMG-20241227-WA0017.jpg",909,560,false],"covernews-featured":["https:\/\/deportodos.com.ar\/2023\/wp-content\/uploads\/2024\/12\/IMG-20241227-WA0017.jpg",909,560,false],"covernews-medium":["https:\/\/deportodos.com.ar\/2023\/wp-content\/uploads\/2024\/12\/IMG-20241227-WA0017-540x340.jpg",540,340,true]},"author_info":{"display_name":"c2530142","author_link":"https:\/\/deportodos.com.ar\/2023\/author\/c2530142\/"},"category_info":"<a href=\"https:\/\/deportodos.com.ar\/2023\/category\/futbol\/\" rel=\"category tag\">Futbol<\/a>","tag_info":"Futbol","comment_count":"0","_links":{"self":[{"href":"https:\/\/deportodos.com.ar\/2023\/wp-json\/wp\/v2\/posts\/2838","targetHints":{"allow":["GET"]}}],"collection":[{"href":"https:\/\/deportodos.com.ar\/2023\/wp-json\/wp\/v2\/posts"}],"about":[{"href":"https:\/\/deportodos.com.ar\/2023\/wp-json\/wp\/v2\/types\/post"}],"author":[{"embeddable":true,"href":"https:\/\/deportodos.com.ar\/2023\/wp-json\/wp\/v2\/users\/2"}],"replies":[{"embeddable":true,"href":"https:\/\/deportodos.com.ar\/2023\/wp-json\/wp\/v2\/comments?post=2838"}],"version-history":[{"count":1,"href":"https:\/\/deportodos.com.ar\/2023\/wp-json\/wp\/v2\/posts\/2838\/revisions"}],"predecessor-version":[{"id":2840,"href":"https:\/\/deportodos.com.ar\/2023\/wp-json\/wp\/v2\/posts\/2838\/revisions\/2840"}],"wp:featuredmedia":[{"embeddable":true,"href":"https:\/\/deportodos.com.ar\/2023\/wp-json\/wp\/v2\/media\/2839"}],"wp:attachment":[{"href":"https:\/\/deportodos.com.ar\/2023\/wp-json\/wp\/v2\/media?parent=2838"}],"wp:term":[{"taxonomy":"category","embeddable":true,"href":"https:\/\/deportodos.com.ar\/2023\/wp-json\/wp\/v2\/categories?post=2838"},{"taxonomy":"post_tag","embeddable":true,"href":"https:\/\/deportodos.com.ar\/2023\/wp-json\/wp\/v2\/tags?post=2838"}],"curies":[{"name":"wp","href":"https:\/\/api.w.org\/{rel}","templated":true}]}}