{"id":2855,"date":"2025-01-01T21:59:02","date_gmt":"2025-01-01T21:59:02","guid":{"rendered":"https:\/\/deportodos.com.ar\/2023\/?p=2855"},"modified":"2025-01-01T21:59:03","modified_gmt":"2025-01-01T21:59:03","slug":"comienan-las-revanchas","status":"publish","type":"post","link":"https:\/\/deportodos.com.ar\/2023\/comienan-las-revanchas\/","title":{"rendered":"COMIENAN LAS REVANCHAS"},"content":{"rendered":"\n<p>Entre s\u00e1bado y domingo, se estar\u00e1n disputando los encuentros correspondientes a la cuarta fecha de la Copa Entre R\u00edos de f\u00fatbol femenino.<\/p>\n\n\n\n<p>Los cinco juegos programados para el fin de semana forman parte de la primera fecha de las revanchas en esta fase clasificatoria.<\/p>\n\n\n\n<p>En esta oportunidad, dos duelos tendr\u00e1n desarrollo durante la tarde del s\u00e1bado, mientras que los tres restantes se disputar\u00e1n en la jornada del domingo.<\/p>\n\n\n\n<p>Tras la finalizaci\u00f3n de esta fecha del certamen provincial, la misma podr\u00e1 arrojar a los primeros clasificados a la instancia de cuartos de final. En contrapartida, seg\u00fan c\u00f3mo se den algunos resultados, tambi\u00e9n podr\u00edan vislumbrarse los primeros eliminados.<\/p>\n\n\n\n<p>La cuarta jornada copera har\u00e1 base en las ciudades de Gualeguaych\u00fa, Liebig, Concordia, Victoria y Villaguay, con la siguiente programaci\u00f3n:<\/p>\n\n\n\n<p><em>Zona 1<\/em><\/p>\n\n\n\n<p><strong>Uni\u00f3n del Suburbio (Gualeguaych\u00fa) \u2013 Juventud Unida (Gualeguaych\u00fa)<\/strong><\/p>\n\n\n\n<p>Domingo 5\/1 \u2013 18 hs. Cancha de Uni\u00f3n del Suburbio<\/p>\n\n\n\n<p><strong>Atl\u00e9tico Liebig \u2013 Costa del Uruguay (San Jos\u00e9)<\/strong><\/p>\n\n\n\n<p>Domingo 5\/1 \u2013 17 hs. Cancha de Atl\u00e9tico Liebig<\/p>\n\n\n\n<p><em>Zona 2<\/em><\/p>\n\n\n\n<p><strong>Estudiantes (Concordia) \u2013 Santa Rosa (Chajar\u00ed)<\/strong><\/p>\n\n\n\n<p>S\u00e1bado 4\/1 \u2013 19 hs. Estadio Ciudad de Concordia<\/p>\n\n\n\n<p><em>Zona 3<\/em><\/p>\n\n\n\n<p><strong>G.I.F. (Victoria) \u2013 San Benito (Victoria)<\/strong><\/p>\n\n\n\n<p>Domingo 5\/1 \u2013 20 hs. Cancha de San Benito<\/p>\n\n\n\n<p><em>Zona 4<\/em><\/p>\n\n\n\n<p><strong>Barrio Sud (Villaguay) \u2013 Uni\u00f3n (Crespo)<\/strong><\/p>\n\n\n\n<p>S\u00e1bado 4\/1 \u2013 16.30 hs. hs. Cancha de Barrio Sud<\/p>\n\n\n\n<p>Fotograf\u00eda: Rub\u00e9n Jaime<\/p>\n\n\n\n<blockquote class=\"wp-block-quote is-layout-flow wp-block-quote-is-layout-flow\">\n<p>www.federacionentrerrianadefutbol.org.ar<\/p>\n<\/blockquote>\n","protected":false},"excerpt":{"rendered":"<p>Entre s\u00e1bado y domingo, se estar\u00e1n disputando los encuentros correspondientes a la cuarta fecha de&#8230;<\/p>\n","protected":false},"author":2,"featured_media":2856,"comment_status":"open","ping_status":"open","sticky":false,"template":"","format":"standard","meta":{"footnotes":""},"categories":[36],"tags":[],"class_list":["post-2855","post","type-post","status-publish","format-standard","has-post-thumbnail","hentry","category-futbol"],"featured_image_urls":{"full":["https:\/\/deportodos.com.ar\/2023\/wp-content\/uploads\/2025\/01\/IMG-20250101-WA0137.jpg",917,580,false],"thumbnail":["https:\/\/deportodos.com.ar\/2023\/wp-content\/uploads\/2025\/01\/IMG-20250101-WA0137-150x150.jpg",150,150,true],"medium":["https:\/\/deportodos.com.ar\/2023\/wp-content\/uploads\/2025\/01\/IMG-20250101-WA0137-300x190.jpg",300,190,true],"medium_large":["https:\/\/deportodos.com.ar\/2023\/wp-content\/uploads\/2025\/01\/IMG-20250101-WA0137-768x486.jpg",640,405,true],"large":["https:\/\/deportodos.com.ar\/2023\/wp-content\/uploads\/2025\/01\/IMG-20250101-WA0137.jpg",640,405,false],"1536x1536":["https:\/\/deportodos.com.ar\/2023\/wp-content\/uploads\/2025\/01\/IMG-20250101-WA0137.jpg",917,580,false],"2048x2048":["https:\/\/deportodos.com.ar\/2023\/wp-content\/uploads\/2025\/01\/IMG-20250101-WA0137.jpg",917,580,false],"covernews-featured":["https:\/\/deportodos.com.ar\/2023\/wp-content\/uploads\/2025\/01\/IMG-20250101-WA0137.jpg",917,580,false],"covernews-medium":["https:\/\/deportodos.com.ar\/2023\/wp-content\/uploads\/2025\/01\/IMG-20250101-WA0137-540x340.jpg",540,340,true]},"author_info":{"display_name":"c2530142","author_link":"https:\/\/deportodos.com.ar\/2023\/author\/c2530142\/"},"category_info":"<a href=\"https:\/\/deportodos.com.ar\/2023\/category\/futbol\/\" rel=\"category tag\">Futbol<\/a>","tag_info":"Futbol","comment_count":"0","_links":{"self":[{"href":"https:\/\/deportodos.com.ar\/2023\/wp-json\/wp\/v2\/posts\/2855","targetHints":{"allow":["GET"]}}],"collection":[{"href":"https:\/\/deportodos.com.ar\/2023\/wp-json\/wp\/v2\/posts"}],"about":[{"href":"https:\/\/deportodos.com.ar\/2023\/wp-json\/wp\/v2\/types\/post"}],"author":[{"embeddable":true,"href":"https:\/\/deportodos.com.ar\/2023\/wp-json\/wp\/v2\/users\/2"}],"replies":[{"embeddable":true,"href":"https:\/\/deportodos.com.ar\/2023\/wp-json\/wp\/v2\/comments?post=2855"}],"version-history":[{"count":1,"href":"https:\/\/deportodos.com.ar\/2023\/wp-json\/wp\/v2\/posts\/2855\/revisions"}],"predecessor-version":[{"id":2857,"href":"https:\/\/deportodos.com.ar\/2023\/wp-json\/wp\/v2\/posts\/2855\/revisions\/2857"}],"wp:featuredmedia":[{"embeddable":true,"href":"https:\/\/deportodos.com.ar\/2023\/wp-json\/wp\/v2\/media\/2856"}],"wp:attachment":[{"href":"https:\/\/deportodos.com.ar\/2023\/wp-json\/wp\/v2\/media?parent=2855"}],"wp:term":[{"taxonomy":"category","embeddable":true,"href":"https:\/\/deportodos.com.ar\/2023\/wp-json\/wp\/v2\/categories?post=2855"},{"taxonomy":"post_tag","embeddable":true,"href":"https:\/\/deportodos.com.ar\/2023\/wp-json\/wp\/v2\/tags?post=2855"}],"curies":[{"name":"wp","href":"https:\/\/api.w.org\/{rel}","templated":true}]}}