{"id":2861,"date":"2025-01-01T22:06:34","date_gmt":"2025-01-01T22:06:34","guid":{"rendered":"https:\/\/deportodos.com.ar\/2023\/?p=2861"},"modified":"2025-01-01T22:06:35","modified_gmt":"2025-01-01T22:06:35","slug":"tercera-fecha-del-triatlon-jeep","status":"publish","type":"post","link":"https:\/\/deportodos.com.ar\/2023\/tercera-fecha-del-triatlon-jeep\/","title":{"rendered":"TERCERA FECHA DEL TRIATL\u00d3N JEEP"},"content":{"rendered":"\n<p>Este domingo 5 de enero desde las 9 hs. se estar\u00e1 corriendo la tercera fecha del \u201cCircuito Provincial de Triatl\u00f3n Jeep\u201d en Victoria, ciudad que recibe por cuarta vez a&nbsp; este convocante circuito que ya tuvo con gran \u00e9xito sus dos primeras fechas en Col\u00f3n y Federaci\u00f3n.<\/p>\n\n\n\n<p>Ser\u00e1 sin dudas el inicio de temporada de un campeonato que disput\u00f3 las dos primeras en el 2024 y que a\u00fan le restan tres fechas para el 2025.<\/p>\n\n\n\n<p>Todos los protagonistas de esta tercera fecha estar\u00e1n tir\u00e1ndose a las nueve de la ma\u00f1ana al riacho Victoria, gajo del Paran\u00e1 que constituye un lindo sector para esta disciplina de la nataci\u00f3n que tendr\u00e1 un total de 750 metros. Luego ser\u00e1n los 20 kil\u00f3metros de ciclismo en tres vueltas recorriendo la caracter\u00edstica topograf\u00eda de la ciudad de las siete colinas con sus empinadas subidas y el sector llano de costanera, donde tambi\u00e9n se estar\u00e1 corriendo para culminar con los 5000 metros finales del pedestrismo en dos vueltas.<\/p>\n\n\n\n<p>Esta ser\u00e1 la primera incursi\u00f3n del Circuito por la costa del Paran\u00e1, y sin dudas que el campeonato se presenta apasionante porque seguramente aqu\u00ed ser\u00e1n distintos los protagonistas que den lucha en los primeros lugares, y habr\u00e1 que ver si desde la costa del r\u00edo Uruguay arriban a Victoria corredores que quieran estar ah\u00ed peleando bien arriba en las posiciones.<\/p>\n\n\n\n<p>Se da la particularidad tambi\u00e9n que en esta fecha habr\u00e1 muchos \u201cnuevos\u201d corredores que se integren a este campeonato, con la incursi\u00f3n de muchos participantes de la zona, referida especialmente a Rosario, Nogoy\u00e1, y otras localidades de la provincia de Santa Fe.<\/p>\n\n\n\n<p>Recordemos que en la \u00faltima fecha, realizada en Federaci\u00f3n, ganaron los pace\u00f1os&nbsp; Maximiliano \u00abPitu\u00bb Caino y Anah\u00ed D\u00edaz, mientras que en Col\u00f3n se hab\u00edan impuesto el concordiense Alejandro Ricagno y la representante de Concepci\u00f3n del Uruguay Karen Zagursky.<\/p>\n\n\n\n<p>El epicentro de la competencia ser\u00e1 en \u201cPlaya Alta\u201d donde estar\u00e1 ubicado el parque cerrado y la llegada, mientras que la largada con la nataci\u00f3n ser\u00e1 a la altura del comedor \u201cEl Balc\u00f3n de Pedro\u00bb en la zona costanera. &nbsp;Al finalizar la prueba habr\u00e1 entrega de premios y un excelente servicio post llegada como es habitual.<\/p>\n\n\n\n<p>A la organizaci\u00f3n de la prueba la encabeza el hist\u00f3rico Andr\u00e9s \u201cTachuela\u201d Giusto y la misma es auspiciada por la Municipalidad de Victoria, por la agencia Grand Car a trav\u00e9s de su marca Jeep, y fiscalizada por la Asociaci\u00f3n Concordiense de Pruebas Combinadas.<\/p>\n\n\n\n<p>Sin dudas una fecha que muchos aprovechar\u00e1n para arrancar el a\u00f1o compitiendo en el deporte que los apasiona y que es el puntapi\u00e9 inicial para el resto de la temporada, como as\u00ed tambi\u00e9n estar corriendo en otro terreno, en circuitos con distintas caracter\u00edsticas, que es lo que brinda tambi\u00e9n este circuito, la heterogeneidad y variedad de epicentros elegidos para el desarrollo del campeonato.<\/p>\n\n\n\n<p>&nbsp;PRENSA A.C.P.C.<br>&nbsp;<\/p>\n","protected":false},"excerpt":{"rendered":"<p>Este domingo 5 de enero desde las 9 hs. se estar\u00e1 corriendo la tercera fecha&#8230;<\/p>\n","protected":false},"author":2,"featured_media":2862,"comment_status":"open","ping_status":"open","sticky":false,"template":"","format":"standard","meta":{"footnotes":""},"categories":[33],"tags":[],"class_list":["post-2861","post","type-post","status-publish","format-standard","has-post-thumbnail","hentry","category-triatlon"],"featured_image_urls":{"full":["https:\/\/deportodos.com.ar\/2023\/wp-content\/uploads\/2025\/01\/FB_IMG_1735769159343.jpg",1080,774,false],"thumbnail":["https:\/\/deportodos.com.ar\/2023\/wp-content\/uploads\/2025\/01\/FB_IMG_1735769159343-150x150.jpg",150,150,true],"medium":["https:\/\/deportodos.com.ar\/2023\/wp-content\/uploads\/2025\/01\/FB_IMG_1735769159343-300x215.jpg",300,215,true],"medium_large":["https:\/\/deportodos.com.ar\/2023\/wp-content\/uploads\/2025\/01\/FB_IMG_1735769159343-768x550.jpg",640,458,true],"large":["https:\/\/deportodos.com.ar\/2023\/wp-content\/uploads\/2025\/01\/FB_IMG_1735769159343-1024x734.jpg",640,459,true],"1536x1536":["https:\/\/deportodos.com.ar\/2023\/wp-content\/uploads\/2025\/01\/FB_IMG_1735769159343.jpg",1080,774,false],"2048x2048":["https:\/\/deportodos.com.ar\/2023\/wp-content\/uploads\/2025\/01\/FB_IMG_1735769159343.jpg",1080,774,false],"covernews-featured":["https:\/\/deportodos.com.ar\/2023\/wp-content\/uploads\/2025\/01\/FB_IMG_1735769159343-1024x734.jpg",1024,734,true],"covernews-medium":["https:\/\/deportodos.com.ar\/2023\/wp-content\/uploads\/2025\/01\/FB_IMG_1735769159343-540x340.jpg",540,340,true]},"author_info":{"display_name":"c2530142","author_link":"https:\/\/deportodos.com.ar\/2023\/author\/c2530142\/"},"category_info":"<a href=\"https:\/\/deportodos.com.ar\/2023\/category\/triatlon\/\" rel=\"category tag\">Triatlon<\/a>","tag_info":"Triatlon","comment_count":"0","_links":{"self":[{"href":"https:\/\/deportodos.com.ar\/2023\/wp-json\/wp\/v2\/posts\/2861","targetHints":{"allow":["GET"]}}],"collection":[{"href":"https:\/\/deportodos.com.ar\/2023\/wp-json\/wp\/v2\/posts"}],"about":[{"href":"https:\/\/deportodos.com.ar\/2023\/wp-json\/wp\/v2\/types\/post"}],"author":[{"embeddable":true,"href":"https:\/\/deportodos.com.ar\/2023\/wp-json\/wp\/v2\/users\/2"}],"replies":[{"embeddable":true,"href":"https:\/\/deportodos.com.ar\/2023\/wp-json\/wp\/v2\/comments?post=2861"}],"version-history":[{"count":1,"href":"https:\/\/deportodos.com.ar\/2023\/wp-json\/wp\/v2\/posts\/2861\/revisions"}],"predecessor-version":[{"id":2863,"href":"https:\/\/deportodos.com.ar\/2023\/wp-json\/wp\/v2\/posts\/2861\/revisions\/2863"}],"wp:featuredmedia":[{"embeddable":true,"href":"https:\/\/deportodos.com.ar\/2023\/wp-json\/wp\/v2\/media\/2862"}],"wp:attachment":[{"href":"https:\/\/deportodos.com.ar\/2023\/wp-json\/wp\/v2\/media?parent=2861"}],"wp:term":[{"taxonomy":"category","embeddable":true,"href":"https:\/\/deportodos.com.ar\/2023\/wp-json\/wp\/v2\/categories?post=2861"},{"taxonomy":"post_tag","embeddable":true,"href":"https:\/\/deportodos.com.ar\/2023\/wp-json\/wp\/v2\/tags?post=2861"}],"curies":[{"name":"wp","href":"https:\/\/api.w.org\/{rel}","templated":true}]}}