{"id":2883,"date":"2025-01-07T12:42:41","date_gmt":"2025-01-07T12:42:41","guid":{"rendered":"https:\/\/deportodos.com.ar\/2023\/?p=2883"},"modified":"2025-01-07T12:42:43","modified_gmt":"2025-01-07T12:42:43","slug":"tres-en-cuartos","status":"publish","type":"post","link":"https:\/\/deportodos.com.ar\/2023\/tres-en-cuartos\/","title":{"rendered":"TRES EN CUARTOS"},"content":{"rendered":"\n<p>Este fin de semana se disput\u00f3 una nueva fecha de la Copa Entre R\u00edos femenina, que organiza la Federaci\u00f3n Entrerriana de F\u00fatbol.<\/p>\n\n\n\n<p>Con tres juegos durante la jornada del s\u00e1bado, y otros dos en el d\u00eda domingo, todos correspondientes a la cuarta jornada de la fase clasificatoria, la misma ingres\u00f3 en su segunda ronda.<\/p>\n\n\n\n<p>Tras los resultados registrados en los cinco juegos, algunas zonas ya arrojaron los primeros equipos clasificados a los cuartos de final de la competencia provincial.<\/p>\n\n\n\n<p>En la tarde del s\u00e1bado, Estudiantes de Concordia obtuvo un triunfo que lo meti\u00f3 en la pr\u00f3xima instancia y, adem\u00e1s, puso a Santa Mar\u00eda de Oro, tambi\u00e9n de la Capital del Citrus, en la misma condici\u00f3n.<\/p>\n\n\n\n<p>En tanto que el domingo, San Benito de Victoria tambi\u00e9n sum\u00f3 de a tres y se asegur\u00f3 el pasaje a los cuartos de final como uno de los representantes de la Zona 3.<\/p>\n\n\n\n<p>De esta manera, ya son tres los equipos que aseguraron su estad\u00eda en la segunda fase de la competencia. Se aguarda que el pr\u00f3ximo fin de semana pueda haber nuevos clasificados.<\/p>\n\n\n\n<p>Por otra parte, se supo que este mi\u00e9rcoles, desde las 18 hs, Atl\u00e9tico Liebig recibir\u00e1 a Juventud Unida de Gualeguaych\u00fa, en el encuentro postergado de la segunda fecha.<\/p>\n\n\n\n<p>El detalle de cada uno de los resultados es el siguiente:<\/p>\n\n\n\n<p><em>Zona 1<\/em><\/p>\n\n\n\n<p>Uni\u00f3n del Suburbio (Gualeguaych\u00fa) 1 \u2013 Juventud Unida (Gualeguaych\u00fa) 0<\/p>\n\n\n\n<p>Atl\u00e9tico Liebig 0 \u2013 &nbsp;Costa del Uruguay (San Jos\u00e9) 1<\/p>\n\n\n\n<p><em>Zona 2<\/em><\/p>\n\n\n\n<p>Estudiantes (Concordia) 4 \u2013 Santa Rosa (Chajar\u00ed) 2<\/p>\n\n\n\n<p><em>Zona 3<\/em><\/p>\n\n\n\n<p>G.I.F. (Victoria) 2 \u2013 San Benito (Victoria) 3<\/p>\n\n\n\n<p><em>Zona 4<\/em><\/p>\n\n\n\n<p>Barrio Sud (Villaguay) 1 \u2013 Uni\u00f3n (Crespo) 4<\/p>\n\n\n\n<p>Fotograf\u00eda: Super Mitre Deportivo Col\u00f3n<\/p>\n\n\n\n<blockquote class=\"wp-block-quote is-layout-flow wp-block-quote-is-layout-flow\">\n<p>www.federacionentrerrianadefutbol.org.ar<\/p>\n<\/blockquote>\n\n\n\n<p><\/p>\n","protected":false},"excerpt":{"rendered":"<p>Este fin de semana se disput\u00f3 una nueva fecha de la Copa Entre R\u00edos femenina,&#8230;<\/p>\n","protected":false},"author":2,"featured_media":2884,"comment_status":"open","ping_status":"open","sticky":false,"template":"","format":"standard","meta":{"footnotes":""},"categories":[36],"tags":[],"class_list":["post-2883","post","type-post","status-publish","format-standard","has-post-thumbnail","hentry","category-futbol"],"featured_image_urls":{"full":["https:\/\/deportodos.com.ar\/2023\/wp-content\/uploads\/2025\/01\/IMG-20250107-WA0006.jpg",926,575,false],"thumbnail":["https:\/\/deportodos.com.ar\/2023\/wp-content\/uploads\/2025\/01\/IMG-20250107-WA0006-150x150.jpg",150,150,true],"medium":["https:\/\/deportodos.com.ar\/2023\/wp-content\/uploads\/2025\/01\/IMG-20250107-WA0006-300x186.jpg",300,186,true],"medium_large":["https:\/\/deportodos.com.ar\/2023\/wp-content\/uploads\/2025\/01\/IMG-20250107-WA0006-768x477.jpg",640,398,true],"large":["https:\/\/deportodos.com.ar\/2023\/wp-content\/uploads\/2025\/01\/IMG-20250107-WA0006.jpg",640,397,false],"1536x1536":["https:\/\/deportodos.com.ar\/2023\/wp-content\/uploads\/2025\/01\/IMG-20250107-WA0006.jpg",926,575,false],"2048x2048":["https:\/\/deportodos.com.ar\/2023\/wp-content\/uploads\/2025\/01\/IMG-20250107-WA0006.jpg",926,575,false],"covernews-featured":["https:\/\/deportodos.com.ar\/2023\/wp-content\/uploads\/2025\/01\/IMG-20250107-WA0006.jpg",926,575,false],"covernews-medium":["https:\/\/deportodos.com.ar\/2023\/wp-content\/uploads\/2025\/01\/IMG-20250107-WA0006-540x340.jpg",540,340,true]},"author_info":{"display_name":"c2530142","author_link":"https:\/\/deportodos.com.ar\/2023\/author\/c2530142\/"},"category_info":"<a href=\"https:\/\/deportodos.com.ar\/2023\/category\/futbol\/\" rel=\"category tag\">Futbol<\/a>","tag_info":"Futbol","comment_count":"0","_links":{"self":[{"href":"https:\/\/deportodos.com.ar\/2023\/wp-json\/wp\/v2\/posts\/2883","targetHints":{"allow":["GET"]}}],"collection":[{"href":"https:\/\/deportodos.com.ar\/2023\/wp-json\/wp\/v2\/posts"}],"about":[{"href":"https:\/\/deportodos.com.ar\/2023\/wp-json\/wp\/v2\/types\/post"}],"author":[{"embeddable":true,"href":"https:\/\/deportodos.com.ar\/2023\/wp-json\/wp\/v2\/users\/2"}],"replies":[{"embeddable":true,"href":"https:\/\/deportodos.com.ar\/2023\/wp-json\/wp\/v2\/comments?post=2883"}],"version-history":[{"count":1,"href":"https:\/\/deportodos.com.ar\/2023\/wp-json\/wp\/v2\/posts\/2883\/revisions"}],"predecessor-version":[{"id":2885,"href":"https:\/\/deportodos.com.ar\/2023\/wp-json\/wp\/v2\/posts\/2883\/revisions\/2885"}],"wp:featuredmedia":[{"embeddable":true,"href":"https:\/\/deportodos.com.ar\/2023\/wp-json\/wp\/v2\/media\/2884"}],"wp:attachment":[{"href":"https:\/\/deportodos.com.ar\/2023\/wp-json\/wp\/v2\/media?parent=2883"}],"wp:term":[{"taxonomy":"category","embeddable":true,"href":"https:\/\/deportodos.com.ar\/2023\/wp-json\/wp\/v2\/categories?post=2883"},{"taxonomy":"post_tag","embeddable":true,"href":"https:\/\/deportodos.com.ar\/2023\/wp-json\/wp\/v2\/tags?post=2883"}],"curies":[{"name":"wp","href":"https:\/\/api.w.org\/{rel}","templated":true}]}}