{"id":2898,"date":"2025-01-08T22:40:40","date_gmt":"2025-01-08T22:40:40","guid":{"rendered":"https:\/\/deportodos.com.ar\/2023\/?p=2898"},"modified":"2025-01-08T22:40:42","modified_gmt":"2025-01-08T22:40:42","slug":"las-chicas-meten-quinta","status":"publish","type":"post","link":"https:\/\/deportodos.com.ar\/2023\/las-chicas-meten-quinta\/","title":{"rendered":"LAS CHICAS METEN QUINTA"},"content":{"rendered":"\n<p>Este fin de semana se disputar\u00e1 la pen\u00faltima fecha en la fase de grupos de la Copa Entre R\u00edos de f\u00fatbol femenino.<\/p>\n\n\n\n<p>Con el desarrollo de cinco juegos, entre viernes, s\u00e1bado y domingo, la competencia provincial de mujeres ingresar\u00e1 en su etapa decisiva.<\/p>\n\n\n\n<p>Si bien es cierto que Estudiantes y Santa Mar\u00eda de Oro, ambos de Concordia, y San Benito de Victoria ya han accedido anticipadamente a la segunda fase, se espera por los cinco cupos restantes.<\/p>\n\n\n\n<p>En tal sentido, algunos de ellos podr\u00edan quedar definidos este fin de semana. Uni\u00f3n del Suburbio de Gualeguaych\u00fa, G.I.F. de Victoria y Malvinas de La Paz aparecen con inmejorables chances, ya que un empate en esta jornada les alcanzar\u00eda para abrochar su pasaje.<\/p>\n\n\n\n<p>Durante la tarde de este mi\u00e9rcoles, Atl\u00e9tico Liebig recibir\u00e1 a Juventud unida de Gualeguaych\u00fa, en un duelo pendiente de la segunda fecha y que oportunamente fuera suspendido.<\/p>\n\n\n\n<p>Durante esta fecha, habr\u00e1 encuentros en las ciudades de Gualeguaych\u00fa, Concordia, Victoria y La Paz, con la siguiente programaci\u00f3n:<\/p>\n\n\n\n<p><em>Zona 1<\/em><\/p>\n\n\n\n<p><strong>Uni\u00f3n del Suburbio (Gualeguaych\u00fa) \u2013 Costa del Uruguay (San Jos\u00e9)<\/strong><\/p>\n\n\n\n<p>S\u00e1bado 11\/1 \u2013 17 hs. Cancha de Uni\u00f3n del Suburbio<\/p>\n\n\n\n<p><strong>Juventud Unida (Gualeguaych\u00fa) \u2013 Atl\u00e9tico Liebig<\/strong><\/p>\n\n\n\n<p>Domingo 12\/1 \u2013 17 hs. Estadio Municipal<\/p>\n\n\n\n<p><em>Zona 2<\/em><\/p>\n\n\n\n<p><strong>Estudiantes (Concordia) \u2013 Santa Mar\u00eda de Oro (Concordia)<\/strong><\/p>\n\n\n\n<p>Viernes 10\/1 \u2013 19 hs. Estadio Ciudad de Concordia<\/p>\n\n\n\n<p><em>Zona 3<\/em><\/p>\n\n\n\n<p><strong>G.I.F. (Victoria) \u2013 Libertad (Gualeguay)<\/strong><\/p>\n\n\n\n<p>Domingo 12\/1 \u2013 18.15 hs. Cancha de San Benito<\/p>\n\n\n\n<p><em>Zona 4<\/em><\/p>\n\n\n\n<p><strong>Malvinas (LP) \u2013 Barrio Sud (Villaguay)<\/strong><\/p>\n\n\n\n<p>S\u00e1bado 11\/1 \u2013 20.30 hs. Cancha de Comercio e Industria<\/p>\n\n\n\n<p>Fotograf\u00eda: Mariano Almeida Novelli<\/p>\n\n\n\n<blockquote class=\"wp-block-quote is-layout-flow wp-block-quote-is-layout-flow\">\n<p>www.federacionentrerrianadefutbol.org.ar<\/p>\n<\/blockquote>\n\n\n\n<p><\/p>\n","protected":false},"excerpt":{"rendered":"<p>Este fin de semana se disputar\u00e1 la pen\u00faltima fecha en la fase de grupos de&#8230;<\/p>\n","protected":false},"author":2,"featured_media":2899,"comment_status":"open","ping_status":"open","sticky":false,"template":"","format":"standard","meta":{"footnotes":""},"categories":[36],"tags":[],"class_list":["post-2898","post","type-post","status-publish","format-standard","has-post-thumbnail","hentry","category-futbol"],"featured_image_urls":{"full":["https:\/\/deportodos.com.ar\/2023\/wp-content\/uploads\/2025\/01\/IMG-20250108-WA0121.jpg",953,585,false],"thumbnail":["https:\/\/deportodos.com.ar\/2023\/wp-content\/uploads\/2025\/01\/IMG-20250108-WA0121-150x150.jpg",150,150,true],"medium":["https:\/\/deportodos.com.ar\/2023\/wp-content\/uploads\/2025\/01\/IMG-20250108-WA0121-300x184.jpg",300,184,true],"medium_large":["https:\/\/deportodos.com.ar\/2023\/wp-content\/uploads\/2025\/01\/IMG-20250108-WA0121-768x471.jpg",640,393,true],"large":["https:\/\/deportodos.com.ar\/2023\/wp-content\/uploads\/2025\/01\/IMG-20250108-WA0121.jpg",640,393,false],"1536x1536":["https:\/\/deportodos.com.ar\/2023\/wp-content\/uploads\/2025\/01\/IMG-20250108-WA0121.jpg",953,585,false],"2048x2048":["https:\/\/deportodos.com.ar\/2023\/wp-content\/uploads\/2025\/01\/IMG-20250108-WA0121.jpg",953,585,false],"covernews-featured":["https:\/\/deportodos.com.ar\/2023\/wp-content\/uploads\/2025\/01\/IMG-20250108-WA0121.jpg",953,585,false],"covernews-medium":["https:\/\/deportodos.com.ar\/2023\/wp-content\/uploads\/2025\/01\/IMG-20250108-WA0121-540x340.jpg",540,340,true]},"author_info":{"display_name":"c2530142","author_link":"https:\/\/deportodos.com.ar\/2023\/author\/c2530142\/"},"category_info":"<a href=\"https:\/\/deportodos.com.ar\/2023\/category\/futbol\/\" rel=\"category tag\">Futbol<\/a>","tag_info":"Futbol","comment_count":"0","_links":{"self":[{"href":"https:\/\/deportodos.com.ar\/2023\/wp-json\/wp\/v2\/posts\/2898","targetHints":{"allow":["GET"]}}],"collection":[{"href":"https:\/\/deportodos.com.ar\/2023\/wp-json\/wp\/v2\/posts"}],"about":[{"href":"https:\/\/deportodos.com.ar\/2023\/wp-json\/wp\/v2\/types\/post"}],"author":[{"embeddable":true,"href":"https:\/\/deportodos.com.ar\/2023\/wp-json\/wp\/v2\/users\/2"}],"replies":[{"embeddable":true,"href":"https:\/\/deportodos.com.ar\/2023\/wp-json\/wp\/v2\/comments?post=2898"}],"version-history":[{"count":1,"href":"https:\/\/deportodos.com.ar\/2023\/wp-json\/wp\/v2\/posts\/2898\/revisions"}],"predecessor-version":[{"id":2900,"href":"https:\/\/deportodos.com.ar\/2023\/wp-json\/wp\/v2\/posts\/2898\/revisions\/2900"}],"wp:featuredmedia":[{"embeddable":true,"href":"https:\/\/deportodos.com.ar\/2023\/wp-json\/wp\/v2\/media\/2899"}],"wp:attachment":[{"href":"https:\/\/deportodos.com.ar\/2023\/wp-json\/wp\/v2\/media?parent=2898"}],"wp:term":[{"taxonomy":"category","embeddable":true,"href":"https:\/\/deportodos.com.ar\/2023\/wp-json\/wp\/v2\/categories?post=2898"},{"taxonomy":"post_tag","embeddable":true,"href":"https:\/\/deportodos.com.ar\/2023\/wp-json\/wp\/v2\/tags?post=2898"}],"curies":[{"name":"wp","href":"https:\/\/api.w.org\/{rel}","templated":true}]}}