{"id":2907,"date":"2025-01-13T16:10:55","date_gmt":"2025-01-13T16:10:55","guid":{"rendered":"https:\/\/deportodos.com.ar\/2023\/?p=2907"},"modified":"2025-01-13T16:10:57","modified_gmt":"2025-01-13T16:10:57","slug":"el-grupo-de-los-ocho","status":"publish","type":"post","link":"https:\/\/deportodos.com.ar\/2023\/el-grupo-de-los-ocho\/","title":{"rendered":"EL GRUPO DE LOS OCHO"},"content":{"rendered":"\n<p>Entre s\u00e1bado y domingo, se disput\u00f3 la quinta fecha de la fase de grupos en la Copa Entre R\u00edos de f\u00fatbol femenino.<\/p>\n\n\n\n<p>Tras el desarrollo de la pen\u00faltima jornada de la primera fase, quedaron definidos los ocho equipos que ser\u00e1n parte de los cuartos de final.<\/p>\n\n\n\n<p>En la Zona A, Uni\u00f3n del Suburbio y Juventud Unida, ambos de Gualeguaych\u00fa, obtuvieron sendas victorias que sellaron su pasaje a la pr\u00f3xima instancia de la competencia.<\/p>\n\n\n\n<p>Por su parte, G.I.F. de Victoria tambi\u00e9n sum\u00f3 de a tres y complet\u00f3 el cupo de la Zona 3, que ya ten\u00eda a San Benito con pase asegurado desde la semana pasada.<\/p>\n\n\n\n<p>Por \u00faltimo, la goleada de Malvinas como local en La Paz, hizo que pueda abrochar su clasificaci\u00f3n. Adem\u00e1s, este resultado le sirvi\u00f3 tambi\u00e9n a Uni\u00f3n de Crespo para acceder a la segunda fase desde la Zona 4.<\/p>\n\n\n\n<p>Cabe recordar que, siete d\u00edas atr\u00e1s, los concordienses de Estudiantes y Santa Mar\u00eda de Oro, que este fin de semana se enfrentaron entre s\u00ed, hab\u00edan definido la Zona 2, clasific\u00e1ndose de manera anticipada.<\/p>\n\n\n\n<p>Con este panorama, la \u00faltima fecha, que se disputar\u00e1 el fin de semana venidero, servir\u00e1 para definir las posiciones finales de la tabla general, lo cual determinar\u00e1 los cruces y las local\u00edas de cara a la instancia del \u201cmata mata\u201d.<\/p>\n\n\n\n<p>A continuaci\u00f3n, los resultados registrados durante los dos d\u00edas de competencia:<\/p>\n\n\n\n<p><em>Zona 1<\/em><\/p>\n\n\n\n<p>Uni\u00f3n del Suburbio (Gualeguaych\u00fa) 2 \u2013 Costa del Uruguay (San Jos\u00e9) 1<\/p>\n\n\n\n<p>Juventud Unida (Gualeguaych\u00fa) 2 \u2013 Atl\u00e9tico Liebig 0<\/p>\n\n\n\n<p><em>Zona 2<\/em><\/p>\n\n\n\n<p>Estudiantes (Concordia) 1 \u2013 Santa Mar\u00eda de Oro (Concordia) 2<\/p>\n\n\n\n<p><em>Zona 3<\/em><\/p>\n\n\n\n<p>G.I.F. (Victoria) 1 \u2013 Libertad (Gualeguay) 0<\/p>\n\n\n\n<p><em>Zona 4<\/em><\/p>\n\n\n\n<p>Malvinas (LP) 5 \u2013 Barrio Sud (Villaguay) 2<\/p>\n\n\n\n<p>Fotograf\u00eda: Marcelo Gim\u00e9nez<\/p>\n\n\n\n<blockquote class=\"wp-block-quote is-layout-flow wp-block-quote-is-layout-flow\">\n<p>www.federacionentrerrianadefutbol.org.ar<\/p>\n<\/blockquote>\n","protected":false},"excerpt":{"rendered":"<p>Entre s\u00e1bado y domingo, se disput\u00f3 la quinta fecha de la fase de grupos en&#8230;<\/p>\n","protected":false},"author":2,"featured_media":2908,"comment_status":"open","ping_status":"open","sticky":false,"template":"","format":"standard","meta":{"footnotes":""},"categories":[36],"tags":[],"class_list":["post-2907","post","type-post","status-publish","format-standard","has-post-thumbnail","hentry","category-futbol"],"featured_image_urls":{"full":["https:\/\/deportodos.com.ar\/2023\/wp-content\/uploads\/2025\/01\/IMG-20250113-WA0020.jpg",942,578,false],"thumbnail":["https:\/\/deportodos.com.ar\/2023\/wp-content\/uploads\/2025\/01\/IMG-20250113-WA0020-150x150.jpg",150,150,true],"medium":["https:\/\/deportodos.com.ar\/2023\/wp-content\/uploads\/2025\/01\/IMG-20250113-WA0020-300x184.jpg",300,184,true],"medium_large":["https:\/\/deportodos.com.ar\/2023\/wp-content\/uploads\/2025\/01\/IMG-20250113-WA0020-768x471.jpg",640,393,true],"large":["https:\/\/deportodos.com.ar\/2023\/wp-content\/uploads\/2025\/01\/IMG-20250113-WA0020.jpg",640,393,false],"1536x1536":["https:\/\/deportodos.com.ar\/2023\/wp-content\/uploads\/2025\/01\/IMG-20250113-WA0020.jpg",942,578,false],"2048x2048":["https:\/\/deportodos.com.ar\/2023\/wp-content\/uploads\/2025\/01\/IMG-20250113-WA0020.jpg",942,578,false],"covernews-featured":["https:\/\/deportodos.com.ar\/2023\/wp-content\/uploads\/2025\/01\/IMG-20250113-WA0020.jpg",942,578,false],"covernews-medium":["https:\/\/deportodos.com.ar\/2023\/wp-content\/uploads\/2025\/01\/IMG-20250113-WA0020-540x340.jpg",540,340,true]},"author_info":{"display_name":"c2530142","author_link":"https:\/\/deportodos.com.ar\/2023\/author\/c2530142\/"},"category_info":"<a href=\"https:\/\/deportodos.com.ar\/2023\/category\/futbol\/\" rel=\"category tag\">Futbol<\/a>","tag_info":"Futbol","comment_count":"0","_links":{"self":[{"href":"https:\/\/deportodos.com.ar\/2023\/wp-json\/wp\/v2\/posts\/2907","targetHints":{"allow":["GET"]}}],"collection":[{"href":"https:\/\/deportodos.com.ar\/2023\/wp-json\/wp\/v2\/posts"}],"about":[{"href":"https:\/\/deportodos.com.ar\/2023\/wp-json\/wp\/v2\/types\/post"}],"author":[{"embeddable":true,"href":"https:\/\/deportodos.com.ar\/2023\/wp-json\/wp\/v2\/users\/2"}],"replies":[{"embeddable":true,"href":"https:\/\/deportodos.com.ar\/2023\/wp-json\/wp\/v2\/comments?post=2907"}],"version-history":[{"count":1,"href":"https:\/\/deportodos.com.ar\/2023\/wp-json\/wp\/v2\/posts\/2907\/revisions"}],"predecessor-version":[{"id":2909,"href":"https:\/\/deportodos.com.ar\/2023\/wp-json\/wp\/v2\/posts\/2907\/revisions\/2909"}],"wp:featuredmedia":[{"embeddable":true,"href":"https:\/\/deportodos.com.ar\/2023\/wp-json\/wp\/v2\/media\/2908"}],"wp:attachment":[{"href":"https:\/\/deportodos.com.ar\/2023\/wp-json\/wp\/v2\/media?parent=2907"}],"wp:term":[{"taxonomy":"category","embeddable":true,"href":"https:\/\/deportodos.com.ar\/2023\/wp-json\/wp\/v2\/categories?post=2907"},{"taxonomy":"post_tag","embeddable":true,"href":"https:\/\/deportodos.com.ar\/2023\/wp-json\/wp\/v2\/tags?post=2907"}],"curies":[{"name":"wp","href":"https:\/\/api.w.org\/{rel}","templated":true}]}}