{"id":2943,"date":"2025-01-20T03:03:47","date_gmt":"2025-01-20T03:03:47","guid":{"rendered":"https:\/\/deportodos.com.ar\/2023\/?p=2943"},"modified":"2025-01-20T03:03:48","modified_gmt":"2025-01-20T03:03:48","slug":"parcialmente-se-jugo-la-rama-masculina-de-la-copa-entre-rios-de-futbol","status":"publish","type":"post","link":"https:\/\/deportodos.com.ar\/2023\/parcialmente-se-jugo-la-rama-masculina-de-la-copa-entre-rios-de-futbol\/","title":{"rendered":"PARCIALMENTE SE JUG\u00d3 LA RAMA MASCULINA DE LA COPA ENTRE R\u00cdOS DE F\u00daTBOL"},"content":{"rendered":"\n<p>Resultados \u2013 Programaci\u00f3n<br>Fecha 6<br>De manera parcial se complet\u00f3 la sexta fecha de la Copa Entre R\u00edos ya que dos encuentros, que estaban programados para la jornada de domingo, debieron ser suspendidos por cuestiones climaticas &#x26c8;&#xfe0f;&#x26c8;&#xfe0f;<\/p>\n\n\n\n<p>Resultados de los encuentros jugados:<\/p>\n\n\n\n<p>&#x1f4c6; Viernes<br>Juventud Unida (Gch\u00fa) 1&#xfe0f;&#x20e3;&#x1f19a;1&#xfe0f;&#x20e3; Central Larroque<\/p>\n\n\n\n<p>Caball\u00fa (LP) 3&#xfe0f;&#x20e3;&#x1f19a;0&#xfe0f;&#x20e3; Santa Marta (SE)<\/p>\n\n\n\n<p>Deportivo Urdinarrain 4&#xfe0f;&#x20e3;&#x1f19a;0&#xfe0f;&#x20e3; Defensores del Oeste (Basso)<\/p>\n\n\n\n<p>Libertad (Cdia) 3&#xfe0f;&#x20e3;&#x1f19a;0&#xfe0f;&#x20e3; Santa Mar\u00eda de Oro (Cdia)<\/p>\n\n\n\n<p>Colegiales (Cdia) 2&#xfe0f;&#x20e3;&#x1f19a;0&#xfe0f;&#x20e3; Defensores de la Constituci\u00f3n (Cdia)<\/p>\n\n\n\n<p>&#x1f4c6; S\u00e1bado:<\/p>\n\n\n\n<p>Argentino Jrs. (Pn\u00e1) 3&#xfe0f;&#x20e3;&#x1f19a;3&#xfe0f;&#x20e3; Don Bosco (Pn\u00e1)<\/p>\n\n\n\n<p>Ramsar Jrs. (Basso) 0&#xfe0f;&#x20e3;&#x1f19a;2&#xfe0f;&#x20e3; Juv Urdinarrain (Suspendido)<\/p>\n\n\n\n<p>&#x1f4c6; Domingo:<br>Atl. Mar\u00eda Grande 2&#xfe0f;&#x20e3;&#x1f19a;0&#xfe0f;&#x20e3; Cultural (Crespo)<\/p>\n\n\n\n<p>El Silbido (Fral)0&#xfe0f;&#x20e3;&#x1f19a;1&#xfe0f;&#x20e3;Talleres (Fral)<\/p>\n\n\n\n<p>Uni\u00f3n y Recreo (SJ)2&#xfe0f;&#x20e3;&#x1f19a;2&#xfe0f;&#x20e3; Lan\u00fas (CdU)<\/p>\n\n\n\n<p>Atl. Colonia El\u00eda 1&#xfe0f;&#x20e3;&#x1f19a;0&#xfe0f;&#x20e3; Pe\u00f1arol (Basso)<\/p>\n\n\n\n<p>Unidos (L)1&#xfe0f;&#x20e3;&#x1f19a;3&#xfe0f;&#x20e3; ADEV (Vguay)<\/p>\n\n\n\n<p>Uni\u00f3n y Fraternidad (SS) 0&#xfe0f;&#x20e3;&#x1f19a;4&#xfe0f;&#x20e3; Def. de Col\u00f3n<\/p>\n\n\n\n<p>Atl. Mocoret\u00e1 4&#xfe0f;&#x20e3;&#x1f19a;3&#xfe0f;&#x20e3; Los Pumas (Fci\u00f3n)<\/p>\n\n\n\n<p>Independiente (VdR) 3&#xfe0f;&#x20e3;&#x1f19a;0&#xfe0f;&#x20e3; 1ro. de Mayo (Ch)<\/p>\n\n\n\n<p>&#x26a0;&#xfe0f; Reprogramados:<\/p>\n\n\n\n<p>Patronato (LP) &#x1f19a; Barrio Congo (LP)<br>&#x1f4c6; Martes 21\/1 \u2013 18 hs.<br>&#x1f3df;&#xfe0f; Cancha de Patronato<\/p>\n\n\n\n<p>Camba Cu\u00e1 (SE) &#x1f19a; Comercio (LP)<br>&#x1f4c6; Martes 21\/1 \u2013 18 hs.<br>&#x1f3df;&#xfe0f; Cancha de Camba Cu\u00e1<\/p>\n\n\n\n<p>Finalizada la etapa clasificatoria se conocer\u00e1n los cruces de octavos.<\/p>\n","protected":false},"excerpt":{"rendered":"<p>Resultados \u2013 Programaci\u00f3nFecha 6De manera parcial se complet\u00f3 la sexta fecha de la Copa Entre&#8230;<\/p>\n","protected":false},"author":2,"featured_media":2944,"comment_status":"open","ping_status":"open","sticky":false,"template":"","format":"standard","meta":{"footnotes":""},"categories":[36],"tags":[],"class_list":["post-2943","post","type-post","status-publish","format-standard","has-post-thumbnail","hentry","category-futbol"],"featured_image_urls":{"full":["https:\/\/deportodos.com.ar\/2023\/wp-content\/uploads\/2025\/01\/FB_IMG_1737342194878.jpg",1079,939,false],"thumbnail":["https:\/\/deportodos.com.ar\/2023\/wp-content\/uploads\/2025\/01\/FB_IMG_1737342194878-150x150.jpg",150,150,true],"medium":["https:\/\/deportodos.com.ar\/2023\/wp-content\/uploads\/2025\/01\/FB_IMG_1737342194878-300x261.jpg",300,261,true],"medium_large":["https:\/\/deportodos.com.ar\/2023\/wp-content\/uploads\/2025\/01\/FB_IMG_1737342194878-768x668.jpg",640,557,true],"large":["https:\/\/deportodos.com.ar\/2023\/wp-content\/uploads\/2025\/01\/FB_IMG_1737342194878-1024x891.jpg",640,557,true],"1536x1536":["https:\/\/deportodos.com.ar\/2023\/wp-content\/uploads\/2025\/01\/FB_IMG_1737342194878.jpg",1079,939,false],"2048x2048":["https:\/\/deportodos.com.ar\/2023\/wp-content\/uploads\/2025\/01\/FB_IMG_1737342194878.jpg",1079,939,false],"covernews-featured":["https:\/\/deportodos.com.ar\/2023\/wp-content\/uploads\/2025\/01\/FB_IMG_1737342194878-1024x891.jpg",1024,891,true],"covernews-medium":["https:\/\/deportodos.com.ar\/2023\/wp-content\/uploads\/2025\/01\/FB_IMG_1737342194878-540x340.jpg",540,340,true]},"author_info":{"display_name":"c2530142","author_link":"https:\/\/deportodos.com.ar\/2023\/author\/c2530142\/"},"category_info":"<a href=\"https:\/\/deportodos.com.ar\/2023\/category\/futbol\/\" rel=\"category tag\">Futbol<\/a>","tag_info":"Futbol","comment_count":"0","_links":{"self":[{"href":"https:\/\/deportodos.com.ar\/2023\/wp-json\/wp\/v2\/posts\/2943","targetHints":{"allow":["GET"]}}],"collection":[{"href":"https:\/\/deportodos.com.ar\/2023\/wp-json\/wp\/v2\/posts"}],"about":[{"href":"https:\/\/deportodos.com.ar\/2023\/wp-json\/wp\/v2\/types\/post"}],"author":[{"embeddable":true,"href":"https:\/\/deportodos.com.ar\/2023\/wp-json\/wp\/v2\/users\/2"}],"replies":[{"embeddable":true,"href":"https:\/\/deportodos.com.ar\/2023\/wp-json\/wp\/v2\/comments?post=2943"}],"version-history":[{"count":1,"href":"https:\/\/deportodos.com.ar\/2023\/wp-json\/wp\/v2\/posts\/2943\/revisions"}],"predecessor-version":[{"id":2945,"href":"https:\/\/deportodos.com.ar\/2023\/wp-json\/wp\/v2\/posts\/2943\/revisions\/2945"}],"wp:featuredmedia":[{"embeddable":true,"href":"https:\/\/deportodos.com.ar\/2023\/wp-json\/wp\/v2\/media\/2944"}],"wp:attachment":[{"href":"https:\/\/deportodos.com.ar\/2023\/wp-json\/wp\/v2\/media?parent=2943"}],"wp:term":[{"taxonomy":"category","embeddable":true,"href":"https:\/\/deportodos.com.ar\/2023\/wp-json\/wp\/v2\/categories?post=2943"},{"taxonomy":"post_tag","embeddable":true,"href":"https:\/\/deportodos.com.ar\/2023\/wp-json\/wp\/v2\/tags?post=2943"}],"curies":[{"name":"wp","href":"https:\/\/api.w.org\/{rel}","templated":true}]}}