{"id":2949,"date":"2025-01-20T03:14:16","date_gmt":"2025-01-20T03:14:16","guid":{"rendered":"https:\/\/deportodos.com.ar\/2023\/?p=2949"},"modified":"2025-01-20T03:14:17","modified_gmt":"2025-01-20T03:14:17","slug":"la-ciudad-de-la-paz-tuvo-su-gran-fiesta-del-triatlon-en-su-edicion-n40","status":"publish","type":"post","link":"https:\/\/deportodos.com.ar\/2023\/la-ciudad-de-la-paz-tuvo-su-gran-fiesta-del-triatlon-en-su-edicion-n40\/","title":{"rendered":"LA CIUDAD DE LA PAZ TUVO SU GRAN FIESTA DEL TRIATL\u00d3N EN SU EDICI\u00d3N N\u00b040"},"content":{"rendered":"\n<p><em>La ciudad de La Paz tuvo su gran fiesta del Triatl\u00f3n<\/em>. Pas\u00f3 la cuadrag\u00e9sima edici\u00f3n del Triatl\u00f3n m\u00e1s apasionante de Am\u00e9rica, tal vez con el sinsabor de no poder desarrollarse la carrera completa, debido a las inclemencias clim\u00e1ticas.<\/p>\n\n\n\n<p>En su segunda jornada, la competencia se desarrollaba con normalidad, tan calurosa y agobiante como lo fue el viernes.<\/p>\n\n\n\n<p>Finalizada la primera carrera m\u00e1s corta de 750 metros a nado, 20 km bicicleta y 5 km pedestrismo (Juveniles\/Sprint \/ MTB \/Paratriatlon personas con capacidades diferentes) con el triunfo del juvenil Maxi Andino, los competidores de la categor\u00eda Est\u00e1ndar, ya se aprontaban para la gran carrera, la que todos quieren ver por la cantidad de participantes y por lo desafiante de la prueba.<\/p>\n\n\n\n<p>Lamentable, el tiempo jug\u00f3 una mala pasada y no se pudo realizar con normalidad la prueba de la categor\u00eda est\u00e1ndar (que contaba con 667 participantes) y de la elite (26 participantes). Adem\u00e1s, se suspendieron las etapas de nataci\u00f3n 1500 metros y el ciclismo 40 km. Solamente se pudo correr el pedestrismo 10 km, indic\u00f3&nbsp;<em>FM R\u00edo de La Paz<\/em>.<\/p>\n\n\n\n<p>Con el paso de algunas horas, se decidi\u00f3 reducir la carrera solo a la etapa del pedestrismo respetando la misma distancia y recorrido.<\/p>\n\n\n\n<h3 class=\"wp-block-heading\">Mejores tiempos de competencia por categor\u00edas:<\/h3>\n\n\n\n<p><strong>PARATIATLON<\/strong><\/p>\n\n\n\n<p>-943 SAPPAG, LEONEL CRISTIAN MENDOZA PARATRIATLON PT3 01:52:07<\/p>\n\n\n\n<p>MTB MUJERES<\/p>\n\n\n\n<p>1081 SANCHEZ, ROCIO ING MASCHWITZ MTB MUJER 38\/48 01:38:54<\/p>\n\n\n\n<p><strong>MTB VARONES<\/strong><\/p>\n\n\n\n<p>995 GALVAN, LUCIO RIO GALLEGOS MTB VARON 38\/48 01:20:08<\/p>\n\n\n\n<p>-El primero en llegar en el corto fue 731 ANDINO, MAXIMO BAUTISTA VICTORIA JUVENILES VARON JUNIOR A 18\/19 Tiempo 01:10:58<\/p>\n\n\n\n<p><strong>SPRINT MUJERES<\/strong><\/p>\n\n\n\n<p>1 860 POZUETA, AILEN ITUZAINGO SPRINT MUJER 16\/26 01:23:42<\/p>\n\n\n\n<p>1 923 URRIOLABEYTIA CORDOBA, AGATA CHASCOMUS SPRINT MUJER 38\/48 01:27:28<\/p>\n\n\n\n<p>1 883 PASTORINO, LUCIA MARTINA CABA SPRINT MUJER 27\/37 01:29:04<\/p>\n\n\n\n<p><strong>EST\u00c1NDAR VARONES<\/strong><\/p>\n\n\n\n<p>1ero PEREZ, BENJAMIN LA PAZ ESTANDAR VARON 18\/24 tiempo 00:33:10 y el n\u00b0 34 LUQUI, JUAN CARLOS LA PAZ ESTANDAR VARON 30\/34 tiempo 00:33:10<\/p>\n\n\n\n<p>97 VERON, RENZO MORON ESTANDAR VARON 25\/29 tiempo 00:33:59<\/p>\n\n\n\n<p><strong>EST\u00c1NDAR MUJERES<\/strong><\/p>\n\n\n\n<p>595 ANTILLE, MARIA SANTA FE ESTANDAR MUJER 35\/39 00:39:20<\/p>\n\n\n\n<p>575 CORONEL, LOANA ESCOBAR ESTANDAR MUJER 25\/29 00:40:34<\/p>\n\n\n\n<p>609 MARSILLI, JUDITH CHAJARI ESTANDAR MUJER 35\/39 00:41:06<\/p>\n\n\n\n<p><strong>ELITE MUJERES<\/strong><\/p>\n\n\n\n<p>1 5 PALACIO BALENA, ROMINA HAEDO ELITE MUJER ELITE 00:39:59<\/p>\n\n\n\n<p><strong>ELITE VARONES<\/strong><\/p>\n\n\n\n<p>116 CORIA, MATEO LIBERTADOR SAN MARTIN ELITE VARON ELITE 00:34:36<\/p>\n\n\n\n<blockquote class=\"wp-block-quote is-layout-flow wp-block-quote-is-layout-flow\">\n<p>www.elonce.com<\/p>\n<\/blockquote>\n","protected":false},"excerpt":{"rendered":"<p>La ciudad de La Paz tuvo su gran fiesta del Triatl\u00f3n. Pas\u00f3 la cuadrag\u00e9sima edici\u00f3n&#8230;<\/p>\n","protected":false},"author":2,"featured_media":2950,"comment_status":"open","ping_status":"open","sticky":false,"template":"","format":"standard","meta":{"footnotes":""},"categories":[33],"tags":[],"class_list":["post-2949","post","type-post","status-publish","format-standard","has-post-thumbnail","hentry","category-triatlon"],"featured_image_urls":{"full":["https:\/\/deportodos.com.ar\/2023\/wp-content\/uploads\/2025\/01\/e_1737322689_59185.webp",900,600,false],"thumbnail":["https:\/\/deportodos.com.ar\/2023\/wp-content\/uploads\/2025\/01\/e_1737322689_59185-150x150.webp",150,150,true],"medium":["https:\/\/deportodos.com.ar\/2023\/wp-content\/uploads\/2025\/01\/e_1737322689_59185-300x200.webp",300,200,true],"medium_large":["https:\/\/deportodos.com.ar\/2023\/wp-content\/uploads\/2025\/01\/e_1737322689_59185-768x512.webp",640,427,true],"large":["https:\/\/deportodos.com.ar\/2023\/wp-content\/uploads\/2025\/01\/e_1737322689_59185.webp",640,427,false],"1536x1536":["https:\/\/deportodos.com.ar\/2023\/wp-content\/uploads\/2025\/01\/e_1737322689_59185.webp",900,600,false],"2048x2048":["https:\/\/deportodos.com.ar\/2023\/wp-content\/uploads\/2025\/01\/e_1737322689_59185.webp",900,600,false],"covernews-featured":["https:\/\/deportodos.com.ar\/2023\/wp-content\/uploads\/2025\/01\/e_1737322689_59185.webp",900,600,false],"covernews-medium":["https:\/\/deportodos.com.ar\/2023\/wp-content\/uploads\/2025\/01\/e_1737322689_59185-540x340.webp",540,340,true]},"author_info":{"display_name":"c2530142","author_link":"https:\/\/deportodos.com.ar\/2023\/author\/c2530142\/"},"category_info":"<a href=\"https:\/\/deportodos.com.ar\/2023\/category\/triatlon\/\" rel=\"category tag\">Triatlon<\/a>","tag_info":"Triatlon","comment_count":"0","_links":{"self":[{"href":"https:\/\/deportodos.com.ar\/2023\/wp-json\/wp\/v2\/posts\/2949","targetHints":{"allow":["GET"]}}],"collection":[{"href":"https:\/\/deportodos.com.ar\/2023\/wp-json\/wp\/v2\/posts"}],"about":[{"href":"https:\/\/deportodos.com.ar\/2023\/wp-json\/wp\/v2\/types\/post"}],"author":[{"embeddable":true,"href":"https:\/\/deportodos.com.ar\/2023\/wp-json\/wp\/v2\/users\/2"}],"replies":[{"embeddable":true,"href":"https:\/\/deportodos.com.ar\/2023\/wp-json\/wp\/v2\/comments?post=2949"}],"version-history":[{"count":1,"href":"https:\/\/deportodos.com.ar\/2023\/wp-json\/wp\/v2\/posts\/2949\/revisions"}],"predecessor-version":[{"id":2951,"href":"https:\/\/deportodos.com.ar\/2023\/wp-json\/wp\/v2\/posts\/2949\/revisions\/2951"}],"wp:featuredmedia":[{"embeddable":true,"href":"https:\/\/deportodos.com.ar\/2023\/wp-json\/wp\/v2\/media\/2950"}],"wp:attachment":[{"href":"https:\/\/deportodos.com.ar\/2023\/wp-json\/wp\/v2\/media?parent=2949"}],"wp:term":[{"taxonomy":"category","embeddable":true,"href":"https:\/\/deportodos.com.ar\/2023\/wp-json\/wp\/v2\/categories?post=2949"},{"taxonomy":"post_tag","embeddable":true,"href":"https:\/\/deportodos.com.ar\/2023\/wp-json\/wp\/v2\/tags?post=2949"}],"curies":[{"name":"wp","href":"https:\/\/api.w.org\/{rel}","templated":true}]}}