{"id":2958,"date":"2025-01-22T03:09:14","date_gmt":"2025-01-22T03:09:14","guid":{"rendered":"https:\/\/deportodos.com.ar\/2023\/?p=2958"},"modified":"2025-01-22T03:09:16","modified_gmt":"2025-01-22T03:09:16","slug":"se-cerro-la-primera-fase","status":"publish","type":"post","link":"https:\/\/deportodos.com.ar\/2023\/se-cerro-la-primera-fase\/","title":{"rendered":"SE CERRO LA PRIMERA FASE"},"content":{"rendered":"\n<p>Con dos encuentros disputados este martes, se complet\u00f3 la sexta y \u00faltima fecha de la fase de grupos en la Copa Entre R\u00edos masculina.<\/p>\n\n\n\n<p>El par de duelos que dio cierre a la fase clasificatoria debi\u00f3 haberse disputado el pasado domingo, como estaba programado originariamente, pero las inclemencias del tiempo en el noreste de la provincia hizo que los mismos fueran suspendidos.<\/p>\n\n\n\n<p>Lamentablemente, uno de los diecisiete encuentros que le daban forma a la tercera fecha de las revanchas no pudo finalizar. En Basavilbaso, el encuentro entre Ramsar Jrs. y Juventud Urdinarrain debi\u00f3 ser suspendido por el \u00e1rbitro del mismo debido a hechos de violencia.<\/p>\n\n\n\n<p>Por tal motivo, y hasta tanto el Tribunal de Disciplina no se expida sobre el mismo, el cuadro de octavos de Final en la competencia provincial contin\u00faa sin poder armarse de manera definitiva.<\/p>\n\n\n\n<p>M\u00e1s all\u00e1 de este lamentable suceso, se vivieron muy buenos espect\u00e1culos con una gran cantidad de goles a lo largo y a lo ancho de nuestra provincia: cincuenta y dos gritos en total, lo cual hace un promedio de 3,058 por juego.<\/p>\n\n\n\n<p>A lo largo de las seis jornadas desarrolladas, Deportivo Urdinarrain fue el equipo de mejor rendimiento, obteniendo diecis\u00e9is puntos en seis partidos jugados. Con un promedio de 2,666, el club que m\u00e1s veces logr\u00f3 el t\u00edtulo provincial es el \u00fanico que se asegur\u00f3 definir todas las series venideras como local.<\/p>\n\n\n\n<p>En s\u00edntesis, estos fueron todos los resultados registrados durante el desarrollo de la fecha:<\/p>\n\n\n\n<p><em>Zona 1<\/em><\/p>\n\n\n\n<p>Argentino Jrs. (Paran\u00e1) 3 \u2013 Don Bosco (Paran\u00e1) 3<\/p>\n\n\n\n<p><em>Zona 2<\/em><\/p>\n\n\n\n<p>Atl\u00e9tico Mar\u00eda Grande 2 \u2013 Cultural (Crespo) 0<\/p>\n\n\n\n<p><em>Zona 3<\/em><\/p>\n\n\n\n<p>Patronato (LP) 1 \u2013 Barrio Congo (LP) 2<\/p>\n\n\n\n<p><em>Zona 4<\/em><\/p>\n\n\n\n<p>El Silbido (Federal) 0 \u2013 Talleres (Federal) 1<\/p>\n\n\n\n<p><em>Zona 5<\/em><\/p>\n\n\n\n<p>Juventud Unida (Gualeguaych\u00fa) 1 \u2013 Central Larroque 1<\/p>\n\n\n\n<p><em>Zona 6<\/em><\/p>\n\n\n\n<p>Caball\u00fa (LP) 3 \u2013 Santa Marta (SE) 0<\/p>\n\n\n\n<p>Camba Cu\u00e1 (SE) 1 \u2013 Comercio e Industria (LP) 0<\/p>\n\n\n\n<p><em>Zona 7<\/em><\/p>\n\n\n\n<p>Uni\u00f3n y Recreo (San Justo) 2 \u2013&nbsp; Lan\u00fas (CdU) 2<\/p>\n\n\n\n<p>Atl\u00e9tico Colonia El\u00eda 1 \u2013 Pe\u00f1arol (Basavilbaso) 0<\/p>\n\n\n\n<p><em>Zona 8<\/em><\/p>\n\n\n\n<p>Deportivo Urdinarrain 4 \u2013 Defensores del Oeste (Basavilbaso) 0<\/p>\n\n\n\n<p>Ramsar Jrs. (Basavilbaso) 0 \u2013&nbsp; Juventud Urdinarrain 2*<\/p>\n\n\n\n<p><em>Zona 9<\/em><\/p>\n\n\n\n<p>Unidos (Liebig) 1 \u2013 ADEV (Villaguay) 3<\/p>\n\n\n\n<p>Uni\u00f3n y Fraternidad (SS) 0 \u2013 Defensores de Col\u00f3n 4<\/p>\n\n\n\n<p><em>Zona 10<\/em><\/p>\n\n\n\n<p>Atl\u00e9tico Mocoret\u00e1 4 \u2013 Los Pumas (Federaci\u00f3n) 3<\/p>\n\n\n\n<p>Independiente (VdR) 3 \u2013 1ro. de Mayo (Chajar\u00ed) 0<\/p>\n\n\n\n<p><em>Zona 11<\/em><\/p>\n\n\n\n<p>Libertad (Concordia) 3 \u2013 Santa Mar\u00eda de Oro (Concordia) 0<\/p>\n\n\n\n<p>Colegiales (Concordia) 2 \u2013 Defensores de la Constituci\u00f3n (Concordia) 0<\/p>\n\n\n\n<p><em>*Encuentro suspendido a los 35\u2019 del Segundo Tiempo. Resolver\u00e1 el tribunal de Disciplina.<\/em><\/p>\n\n\n\n<p>Fotograf\u00eda: Delfina Villagra<\/p>\n\n\n\n<blockquote class=\"wp-block-quote is-layout-flow wp-block-quote-is-layout-flow\">\n<p><\/p>\n<\/blockquote>\n\n\n\n<blockquote class=\"wp-block-quote is-layout-flow wp-block-quote-is-layout-flow\">\n<p>www.federacionentrerrianadefutbol.org.ar<\/p>\n<\/blockquote>\n","protected":false},"excerpt":{"rendered":"<p>Con dos encuentros disputados este martes, se complet\u00f3 la sexta y \u00faltima fecha de la&#8230;<\/p>\n","protected":false},"author":2,"featured_media":2959,"comment_status":"open","ping_status":"open","sticky":false,"template":"","format":"standard","meta":{"footnotes":""},"categories":[36],"tags":[],"class_list":["post-2958","post","type-post","status-publish","format-standard","has-post-thumbnail","hentry","category-futbol"],"featured_image_urls":{"full":["https:\/\/deportodos.com.ar\/2023\/wp-content\/uploads\/2025\/01\/IMG-20250122-WA0000.jpg",888,588,false],"thumbnail":["https:\/\/deportodos.com.ar\/2023\/wp-content\/uploads\/2025\/01\/IMG-20250122-WA0000-150x150.jpg",150,150,true],"medium":["https:\/\/deportodos.com.ar\/2023\/wp-content\/uploads\/2025\/01\/IMG-20250122-WA0000-300x199.jpg",300,199,true],"medium_large":["https:\/\/deportodos.com.ar\/2023\/wp-content\/uploads\/2025\/01\/IMG-20250122-WA0000-768x509.jpg",640,424,true],"large":["https:\/\/deportodos.com.ar\/2023\/wp-content\/uploads\/2025\/01\/IMG-20250122-WA0000.jpg",640,424,false],"1536x1536":["https:\/\/deportodos.com.ar\/2023\/wp-content\/uploads\/2025\/01\/IMG-20250122-WA0000.jpg",888,588,false],"2048x2048":["https:\/\/deportodos.com.ar\/2023\/wp-content\/uploads\/2025\/01\/IMG-20250122-WA0000.jpg",888,588,false],"covernews-featured":["https:\/\/deportodos.com.ar\/2023\/wp-content\/uploads\/2025\/01\/IMG-20250122-WA0000.jpg",888,588,false],"covernews-medium":["https:\/\/deportodos.com.ar\/2023\/wp-content\/uploads\/2025\/01\/IMG-20250122-WA0000-540x340.jpg",540,340,true]},"author_info":{"display_name":"c2530142","author_link":"https:\/\/deportodos.com.ar\/2023\/author\/c2530142\/"},"category_info":"<a href=\"https:\/\/deportodos.com.ar\/2023\/category\/futbol\/\" rel=\"category tag\">Futbol<\/a>","tag_info":"Futbol","comment_count":"0","_links":{"self":[{"href":"https:\/\/deportodos.com.ar\/2023\/wp-json\/wp\/v2\/posts\/2958","targetHints":{"allow":["GET"]}}],"collection":[{"href":"https:\/\/deportodos.com.ar\/2023\/wp-json\/wp\/v2\/posts"}],"about":[{"href":"https:\/\/deportodos.com.ar\/2023\/wp-json\/wp\/v2\/types\/post"}],"author":[{"embeddable":true,"href":"https:\/\/deportodos.com.ar\/2023\/wp-json\/wp\/v2\/users\/2"}],"replies":[{"embeddable":true,"href":"https:\/\/deportodos.com.ar\/2023\/wp-json\/wp\/v2\/comments?post=2958"}],"version-history":[{"count":1,"href":"https:\/\/deportodos.com.ar\/2023\/wp-json\/wp\/v2\/posts\/2958\/revisions"}],"predecessor-version":[{"id":2960,"href":"https:\/\/deportodos.com.ar\/2023\/wp-json\/wp\/v2\/posts\/2958\/revisions\/2960"}],"wp:featuredmedia":[{"embeddable":true,"href":"https:\/\/deportodos.com.ar\/2023\/wp-json\/wp\/v2\/media\/2959"}],"wp:attachment":[{"href":"https:\/\/deportodos.com.ar\/2023\/wp-json\/wp\/v2\/media?parent=2958"}],"wp:term":[{"taxonomy":"category","embeddable":true,"href":"https:\/\/deportodos.com.ar\/2023\/wp-json\/wp\/v2\/categories?post=2958"},{"taxonomy":"post_tag","embeddable":true,"href":"https:\/\/deportodos.com.ar\/2023\/wp-json\/wp\/v2\/tags?post=2958"}],"curies":[{"name":"wp","href":"https:\/\/api.w.org\/{rel}","templated":true}]}}