{"id":2964,"date":"2025-01-23T10:59:08","date_gmt":"2025-01-23T10:59:08","guid":{"rendered":"https:\/\/deportodos.com.ar\/2023\/?p=2964"},"modified":"2025-01-23T10:59:10","modified_gmt":"2025-01-23T10:59:10","slug":"torneo-mixto-de-basquet-callejero-3x3","status":"publish","type":"post","link":"https:\/\/deportodos.com.ar\/2023\/torneo-mixto-de-basquet-callejero-3x3\/","title":{"rendered":"TORNEO MIXTO DE B\u00c1SQUET CALLEJERO 3X3"},"content":{"rendered":"\n<p>REDES ARGENTINAS ASOCIACI\u00d3N CIVIL tiene el agrado de invitar a los medios de comunicaci\u00f3n, periodistas, deportistas, instituciones y a la comunidad en general a la Conferencia de Prensa del 1\u00b0 Torneo Mixto de B\u00e1squet Callejero 3&#215;3, un evento \u00fanico en la regi\u00f3n que promete marcar un antes y un despu\u00e9s en la historia de este deporte en Concordia.<\/p>\n\n\n\n<p>Los objetivos solidarios que buscan recaudar fondos para la construcci\u00f3n de la primera cancha de b\u00e1squet 3&#215;3 de Concordia.<\/p>\n\n\n\n<p>\u2713 La participaci\u00f3n confirmada de equipos de diversas localidades, incluyendo Buenos Aires, CABA, C. del Uruguay, Chajar\u00ed, Ubajay, San Salvador y m\u00e1s.<\/p>\n\n\n\n<p>\u2713 Actividades culturales y art\u00edsticas paralelas, como la creaci\u00f3n de un mural en vivo por artistas locales.<\/p>\n\n\n\n<p>&#x2714; Reconocimientos y premios para los equipos ganadores, sorteos y regalos durante la jornada.<\/p>\n\n\n\n<p>Asimismo, se contar\u00e1 con la presencia de referentes del \u00e1mbito deportivo, organizadores, autoridades municipales y auspiciantes del torneo, quienes responder\u00e1n preguntas y brindar\u00e1n entrevistas. Este es el momento ideal para conocer m\u00e1s sobre esta iniciativa que busca combinar deporte, inclusi\u00f3n y cultura en un entorno privilegiado como lo es la Costanera de Concordia.<\/p>\n\n\n\n<p>Sobre el torneo:<\/p>\n\n\n\n<p>El torneo se llevar\u00e1 a cabo el s\u00e1bado 25 de enero de 2025 en la cancha de la Zona Verde, a orillas del r\u00edo Uruguay, y contar\u00e1 con la participaci\u00f3n obligatoria de al menos un jugador y una jugadora por equipo en todos los partidos, fomentando la integraci\u00f3n en el deporte.<\/p>\n\n\n\n<p>REQUISITOS:<\/p>\n\n\n\n<p>*Categor\u00eda libre: MIXTO OBLIGATORIO<\/p>\n\n\n\n<ul class=\"wp-block-list\">\n<li>Edad: a partir de los 18 a\u00f1os<\/li>\n\n\n\n<li>M\u00e1ximo 5 personas por equipo<\/li>\n<\/ul>\n\n\n\n<p>PREMIOS:<\/p>\n\n\n\n<p>Del 1\u00b0 al 3\u00b0<\/p>\n\n\n\n<p>Regalos y Sorteos para los participantes<\/p>\n\n\n\n<p>INFORMES E INCRIPCION<\/p>\n\n\n\n<p>(11) 5582-0547 Roberto<\/p>\n\n\n\n<p>(345) 626-1905 Eduardo<\/p>\n","protected":false},"excerpt":{"rendered":"<p>REDES ARGENTINAS ASOCIACI\u00d3N CIVIL tiene el agrado de invitar a los medios de comunicaci\u00f3n, periodistas,&#8230;<\/p>\n","protected":false},"author":2,"featured_media":2965,"comment_status":"open","ping_status":"open","sticky":false,"template":"","format":"standard","meta":{"footnotes":""},"categories":[9],"tags":[],"class_list":["post-2964","post","type-post","status-publish","format-standard","has-post-thumbnail","hentry","category-basquet"],"featured_image_urls":{"full":["https:\/\/deportodos.com.ar\/2023\/wp-content\/uploads\/2025\/01\/WhatsApp-Image-2025-01-23-at-07.58.28.jpeg",1080,720,false],"thumbnail":["https:\/\/deportodos.com.ar\/2023\/wp-content\/uploads\/2025\/01\/WhatsApp-Image-2025-01-23-at-07.58.28-150x150.jpeg",150,150,true],"medium":["https:\/\/deportodos.com.ar\/2023\/wp-content\/uploads\/2025\/01\/WhatsApp-Image-2025-01-23-at-07.58.28-300x200.jpeg",300,200,true],"medium_large":["https:\/\/deportodos.com.ar\/2023\/wp-content\/uploads\/2025\/01\/WhatsApp-Image-2025-01-23-at-07.58.28-768x512.jpeg",640,427,true],"large":["https:\/\/deportodos.com.ar\/2023\/wp-content\/uploads\/2025\/01\/WhatsApp-Image-2025-01-23-at-07.58.28-1024x683.jpeg",640,427,true],"1536x1536":["https:\/\/deportodos.com.ar\/2023\/wp-content\/uploads\/2025\/01\/WhatsApp-Image-2025-01-23-at-07.58.28.jpeg",1080,720,false],"2048x2048":["https:\/\/deportodos.com.ar\/2023\/wp-content\/uploads\/2025\/01\/WhatsApp-Image-2025-01-23-at-07.58.28.jpeg",1080,720,false],"covernews-featured":["https:\/\/deportodos.com.ar\/2023\/wp-content\/uploads\/2025\/01\/WhatsApp-Image-2025-01-23-at-07.58.28-1024x683.jpeg",1024,683,true],"covernews-medium":["https:\/\/deportodos.com.ar\/2023\/wp-content\/uploads\/2025\/01\/WhatsApp-Image-2025-01-23-at-07.58.28-540x340.jpeg",540,340,true]},"author_info":{"display_name":"c2530142","author_link":"https:\/\/deportodos.com.ar\/2023\/author\/c2530142\/"},"category_info":"<a href=\"https:\/\/deportodos.com.ar\/2023\/category\/basquet\/\" rel=\"category tag\">Basquet<\/a>","tag_info":"Basquet","comment_count":"0","_links":{"self":[{"href":"https:\/\/deportodos.com.ar\/2023\/wp-json\/wp\/v2\/posts\/2964","targetHints":{"allow":["GET"]}}],"collection":[{"href":"https:\/\/deportodos.com.ar\/2023\/wp-json\/wp\/v2\/posts"}],"about":[{"href":"https:\/\/deportodos.com.ar\/2023\/wp-json\/wp\/v2\/types\/post"}],"author":[{"embeddable":true,"href":"https:\/\/deportodos.com.ar\/2023\/wp-json\/wp\/v2\/users\/2"}],"replies":[{"embeddable":true,"href":"https:\/\/deportodos.com.ar\/2023\/wp-json\/wp\/v2\/comments?post=2964"}],"version-history":[{"count":1,"href":"https:\/\/deportodos.com.ar\/2023\/wp-json\/wp\/v2\/posts\/2964\/revisions"}],"predecessor-version":[{"id":2966,"href":"https:\/\/deportodos.com.ar\/2023\/wp-json\/wp\/v2\/posts\/2964\/revisions\/2966"}],"wp:featuredmedia":[{"embeddable":true,"href":"https:\/\/deportodos.com.ar\/2023\/wp-json\/wp\/v2\/media\/2965"}],"wp:attachment":[{"href":"https:\/\/deportodos.com.ar\/2023\/wp-json\/wp\/v2\/media?parent=2964"}],"wp:term":[{"taxonomy":"category","embeddable":true,"href":"https:\/\/deportodos.com.ar\/2023\/wp-json\/wp\/v2\/categories?post=2964"},{"taxonomy":"post_tag","embeddable":true,"href":"https:\/\/deportodos.com.ar\/2023\/wp-json\/wp\/v2\/tags?post=2964"}],"curies":[{"name":"wp","href":"https:\/\/api.w.org\/{rel}","templated":true}]}}