{"id":2970,"date":"2025-01-23T14:08:33","date_gmt":"2025-01-23T14:08:33","guid":{"rendered":"https:\/\/deportodos.com.ar\/2023\/?p=2970"},"modified":"2025-01-23T14:08:34","modified_gmt":"2025-01-23T14:08:34","slug":"los-cuartos-en-marcha","status":"publish","type":"post","link":"https:\/\/deportodos.com.ar\/2023\/los-cuartos-en-marcha\/","title":{"rendered":"LOS CUARTOS, EN MARCHA"},"content":{"rendered":"\n<p>Desde este fin de semana, comenzar\u00e1n a disputarse los encuentros correspondientes a la segunda fase de la Copa Entre R\u00edos femenina.<\/p>\n\n\n\n<p>La instancia de cuartos de final se ver\u00e1 desdoblada entre ambos d\u00edas: uno de ellos se jugar\u00e1 el s\u00e1bado y los otros tres durante la jornada del domingo.<\/p>\n\n\n\n<p>El cuadro se abrir\u00e1 en Concordia, teniendo continuidad en las ciudades de Crespo, Victoria y Gualeguaych\u00fa.<\/p>\n\n\n\n<p>Cabe recordar que, en esta instancia, participan s\u00f3lo los ocho mejores equipos de la etapa clasificatoria, quienes se enfrentar\u00e1n entre s\u00ed en juegos de ida y vuelta.<\/p>\n\n\n\n<p>En tal sentido, este fin de semana ser\u00e1 el turno de los encuentros de ida, quedando para los d\u00edas 1 y 2 de febrero la definici\u00f3n de las cuatro llaves.<\/p>\n\n\n\n<p>En cuanto a los d\u00edas, horario y escenarios de disputa de los duelos iniciales, los mismos han quedado programados de la siguiente manera:<\/p>\n\n\n\n<p><strong>Juventud Unida (Gualeguaych\u00fa) \u2013 Santa Mar\u00eda de Oro (Concordia)<\/strong><\/p>\n\n\n\n<p>Domingo 26\/1 \u2013 17 hs. Cancha de Juventud Unida<\/p>\n\n\n\n<p><strong>Estudiantes (Concordia)&nbsp;\u2013&nbsp;Uni\u00f3n del Suburbio (Gualeguaych\u00fa)<\/strong><\/p>\n\n\n\n<p>S\u00e1bado 25\/1 \u2013 19 hs. Estadio Ciudad de Concordia<\/p>\n\n\n\n<p><strong>Uni\u00f3n (Crespo) \u2013 San Benito (Victoria)<\/strong><\/p>\n\n\n\n<p>Domingo 26\/1 \u2013 18 hs. Cancha de Uni\u00f3n<\/p>\n\n\n\n<p><strong>G.I.F. (Victoria) \u2013 Malvinas (LP)<\/strong><em><\/em><\/p>\n\n\n\n<p>Domingo 26\/1 \u2013 17.45 hs. Cancha de Hurac\u00e1n<\/p>\n\n\n\n<blockquote class=\"wp-block-quote is-layout-flow wp-block-quote-is-layout-flow\">\n<p>www.federacionentrerrianadefutbol.org.ar<\/p>\n<\/blockquote>\n","protected":false},"excerpt":{"rendered":"<p>Desde este fin de semana, comenzar\u00e1n a disputarse los encuentros correspondientes a la segunda fase&#8230;<\/p>\n","protected":false},"author":2,"featured_media":2971,"comment_status":"open","ping_status":"open","sticky":false,"template":"","format":"standard","meta":{"footnotes":""},"categories":[36],"tags":[],"class_list":["post-2970","post","type-post","status-publish","format-standard","has-post-thumbnail","hentry","category-futbol"],"featured_image_urls":{"full":["https:\/\/deportodos.com.ar\/2023\/wp-content\/uploads\/2025\/01\/FEF1-2.png",600,380,false],"thumbnail":["https:\/\/deportodos.com.ar\/2023\/wp-content\/uploads\/2025\/01\/FEF1-2-150x150.png",150,150,true],"medium":["https:\/\/deportodos.com.ar\/2023\/wp-content\/uploads\/2025\/01\/FEF1-2-300x190.png",300,190,true],"medium_large":["https:\/\/deportodos.com.ar\/2023\/wp-content\/uploads\/2025\/01\/FEF1-2.png",600,380,false],"large":["https:\/\/deportodos.com.ar\/2023\/wp-content\/uploads\/2025\/01\/FEF1-2.png",600,380,false],"1536x1536":["https:\/\/deportodos.com.ar\/2023\/wp-content\/uploads\/2025\/01\/FEF1-2.png",600,380,false],"2048x2048":["https:\/\/deportodos.com.ar\/2023\/wp-content\/uploads\/2025\/01\/FEF1-2.png",600,380,false],"covernews-featured":["https:\/\/deportodos.com.ar\/2023\/wp-content\/uploads\/2025\/01\/FEF1-2.png",600,380,false],"covernews-medium":["https:\/\/deportodos.com.ar\/2023\/wp-content\/uploads\/2025\/01\/FEF1-2-540x340.png",540,340,true]},"author_info":{"display_name":"c2530142","author_link":"https:\/\/deportodos.com.ar\/2023\/author\/c2530142\/"},"category_info":"<a href=\"https:\/\/deportodos.com.ar\/2023\/category\/futbol\/\" rel=\"category tag\">Futbol<\/a>","tag_info":"Futbol","comment_count":"0","_links":{"self":[{"href":"https:\/\/deportodos.com.ar\/2023\/wp-json\/wp\/v2\/posts\/2970","targetHints":{"allow":["GET"]}}],"collection":[{"href":"https:\/\/deportodos.com.ar\/2023\/wp-json\/wp\/v2\/posts"}],"about":[{"href":"https:\/\/deportodos.com.ar\/2023\/wp-json\/wp\/v2\/types\/post"}],"author":[{"embeddable":true,"href":"https:\/\/deportodos.com.ar\/2023\/wp-json\/wp\/v2\/users\/2"}],"replies":[{"embeddable":true,"href":"https:\/\/deportodos.com.ar\/2023\/wp-json\/wp\/v2\/comments?post=2970"}],"version-history":[{"count":1,"href":"https:\/\/deportodos.com.ar\/2023\/wp-json\/wp\/v2\/posts\/2970\/revisions"}],"predecessor-version":[{"id":2972,"href":"https:\/\/deportodos.com.ar\/2023\/wp-json\/wp\/v2\/posts\/2970\/revisions\/2972"}],"wp:featuredmedia":[{"embeddable":true,"href":"https:\/\/deportodos.com.ar\/2023\/wp-json\/wp\/v2\/media\/2971"}],"wp:attachment":[{"href":"https:\/\/deportodos.com.ar\/2023\/wp-json\/wp\/v2\/media?parent=2970"}],"wp:term":[{"taxonomy":"category","embeddable":true,"href":"https:\/\/deportodos.com.ar\/2023\/wp-json\/wp\/v2\/categories?post=2970"},{"taxonomy":"post_tag","embeddable":true,"href":"https:\/\/deportodos.com.ar\/2023\/wp-json\/wp\/v2\/tags?post=2970"}],"curies":[{"name":"wp","href":"https:\/\/api.w.org\/{rel}","templated":true}]}}