{"id":2973,"date":"2025-01-23T14:58:17","date_gmt":"2025-01-23T14:58:17","guid":{"rendered":"https:\/\/deportodos.com.ar\/2023\/?p=2973"},"modified":"2025-01-23T14:58:18","modified_gmt":"2025-01-23T14:58:18","slug":"arranca-la-segunda-fase","status":"publish","type":"post","link":"https:\/\/deportodos.com.ar\/2023\/arranca-la-segunda-fase\/","title":{"rendered":"ARRANCA LA SEGUNDA FASE"},"content":{"rendered":"\n<p>Este fin de semana comenzar\u00e1n a disputarse las llaves correspondientes a los Octavos de Final de la Copa Entre R\u00edos masculina.<\/p>\n\n\n\n<p>Un juego se desarrollar\u00e1 durante la tarde del s\u00e1bado, otros seis lo har\u00e1n el d\u00eda domingo, en tanto que la fecha se completar\u00e1 el lunes, con el restante.<\/p>\n\n\n\n<p>En esta oportunidad ser\u00e1 el turno de los encuentros de ida, en cada una de las series que tendr\u00e1n definici\u00f3n tras la disputa de las revanchas.<\/p>\n\n\n\n<p>Los cruces con los cuales se da inicio a la segunda etapa de la competencia provincial quedaron determinados tras el ordenamiento de una tabla general, una vez concluida la fase de grupos.<\/p>\n\n\n\n<p>En tal sentido, los ocho mejores equipos de aquella etapa clasificatoria ser\u00e1n visitantes en estos primeros juegos, aguardando definir en sus respectivos escenarios durante la vuelta.<\/p>\n\n\n\n<p>Con sede en ocho ciudades diferentes, as\u00ed se disputar\u00e1n todos los encuentros de este fin de semana:<\/p>\n\n\n\n<p><strong>Talleres (Federal) \u2013 Deportivo Urdinarrain<\/strong><\/p>\n\n\n\n<p>Domingo 26\/1 \u2013 17 hs. Cancha de Las Flores<\/p>\n\n\n\n<p><strong>Juventud Unida (Gualeguaych\u00fa) \u2013 Don Bosco (Paran\u00e1)<\/strong><\/p>\n\n\n\n<p>Lunes 27\/1 \u2013 18 hs. Cancha de Juventud Unida<\/p>\n\n\n\n<p><strong>Camba Cu\u00e1 (SE) \u2013 Independiente (VdR)<\/strong><\/p>\n\n\n\n<p>Domingo 26\/1 \u2013 17.30 hs. Cancha de Camba Cu\u00e1<\/p>\n\n\n\n<p><strong>Defensores de Col\u00f3n \u2013 Los Teros (Feliciano)<\/strong><\/p>\n\n\n\n<p>Domingo 26\/1 \u2013 20.30 hs. Cancha de Defensores de Col\u00f3n<\/p>\n\n\n\n<p><strong>Juventud Urdinarrain \u2013 Barrio Congo (LP)<\/strong><\/p>\n\n\n\n<p>Domingo 26\/12 \u2013 19.30 hs. Cancha de Juventud Urdinarrain<\/p>\n\n\n\n<p><strong>Lan\u00fas (CdU) \u2013 ADEV (Villaguay)<\/strong><\/p>\n\n\n\n<p>Domingo 26\/1 \u2013 19.30 hs. Cancha de Rivadavia<\/p>\n\n\n\n<p><strong>Central Larroque \u2013 Colegiales (Concordia)<\/strong><\/p>\n\n\n\n<p>Domingo 26\/1 \u2013 20 hs. Cancha de Central Larroque<\/p>\n\n\n\n<p><strong>Caball\u00fa (LP) \u2013 &nbsp;Atl\u00e9tico Mar\u00eda Grande<\/strong><\/p>\n\n\n\n<p>S\u00e1bado 25\/1 \u2013 17.45 hs. Cancha de Patronato<\/p>\n\n\n\n<blockquote class=\"wp-block-quote is-layout-flow wp-block-quote-is-layout-flow\">\n<p><\/p>\n<\/blockquote>\n\n\n\n<p>www.federacionentrerrianadefutbol.org.ar<\/p>\n","protected":false},"excerpt":{"rendered":"<p>Este fin de semana comenzar\u00e1n a disputarse las llaves correspondientes a los Octavos de Final&#8230;<\/p>\n","protected":false},"author":2,"featured_media":2974,"comment_status":"open","ping_status":"open","sticky":false,"template":"","format":"standard","meta":{"footnotes":""},"categories":[36],"tags":[],"class_list":["post-2973","post","type-post","status-publish","format-standard","has-post-thumbnail","hentry","category-futbol"],"featured_image_urls":{"full":["https:\/\/deportodos.com.ar\/2023\/wp-content\/uploads\/2025\/01\/FEF-10.png",600,380,false],"thumbnail":["https:\/\/deportodos.com.ar\/2023\/wp-content\/uploads\/2025\/01\/FEF-10-150x150.png",150,150,true],"medium":["https:\/\/deportodos.com.ar\/2023\/wp-content\/uploads\/2025\/01\/FEF-10-300x190.png",300,190,true],"medium_large":["https:\/\/deportodos.com.ar\/2023\/wp-content\/uploads\/2025\/01\/FEF-10.png",600,380,false],"large":["https:\/\/deportodos.com.ar\/2023\/wp-content\/uploads\/2025\/01\/FEF-10.png",600,380,false],"1536x1536":["https:\/\/deportodos.com.ar\/2023\/wp-content\/uploads\/2025\/01\/FEF-10.png",600,380,false],"2048x2048":["https:\/\/deportodos.com.ar\/2023\/wp-content\/uploads\/2025\/01\/FEF-10.png",600,380,false],"covernews-featured":["https:\/\/deportodos.com.ar\/2023\/wp-content\/uploads\/2025\/01\/FEF-10.png",600,380,false],"covernews-medium":["https:\/\/deportodos.com.ar\/2023\/wp-content\/uploads\/2025\/01\/FEF-10-540x340.png",540,340,true]},"author_info":{"display_name":"c2530142","author_link":"https:\/\/deportodos.com.ar\/2023\/author\/c2530142\/"},"category_info":"<a href=\"https:\/\/deportodos.com.ar\/2023\/category\/futbol\/\" rel=\"category tag\">Futbol<\/a>","tag_info":"Futbol","comment_count":"0","_links":{"self":[{"href":"https:\/\/deportodos.com.ar\/2023\/wp-json\/wp\/v2\/posts\/2973","targetHints":{"allow":["GET"]}}],"collection":[{"href":"https:\/\/deportodos.com.ar\/2023\/wp-json\/wp\/v2\/posts"}],"about":[{"href":"https:\/\/deportodos.com.ar\/2023\/wp-json\/wp\/v2\/types\/post"}],"author":[{"embeddable":true,"href":"https:\/\/deportodos.com.ar\/2023\/wp-json\/wp\/v2\/users\/2"}],"replies":[{"embeddable":true,"href":"https:\/\/deportodos.com.ar\/2023\/wp-json\/wp\/v2\/comments?post=2973"}],"version-history":[{"count":1,"href":"https:\/\/deportodos.com.ar\/2023\/wp-json\/wp\/v2\/posts\/2973\/revisions"}],"predecessor-version":[{"id":2975,"href":"https:\/\/deportodos.com.ar\/2023\/wp-json\/wp\/v2\/posts\/2973\/revisions\/2975"}],"wp:featuredmedia":[{"embeddable":true,"href":"https:\/\/deportodos.com.ar\/2023\/wp-json\/wp\/v2\/media\/2974"}],"wp:attachment":[{"href":"https:\/\/deportodos.com.ar\/2023\/wp-json\/wp\/v2\/media?parent=2973"}],"wp:term":[{"taxonomy":"category","embeddable":true,"href":"https:\/\/deportodos.com.ar\/2023\/wp-json\/wp\/v2\/categories?post=2973"},{"taxonomy":"post_tag","embeddable":true,"href":"https:\/\/deportodos.com.ar\/2023\/wp-json\/wp\/v2\/tags?post=2973"}],"curies":[{"name":"wp","href":"https:\/\/api.w.org\/{rel}","templated":true}]}}