{"id":2979,"date":"2025-01-23T19:55:44","date_gmt":"2025-01-23T19:55:44","guid":{"rendered":"https:\/\/deportodos.com.ar\/2023\/?p=2979"},"modified":"2025-01-23T19:55:45","modified_gmt":"2025-01-23T19:55:45","slug":"con-19-incriptos-el-tc-mouras-empieza-su-ano","status":"publish","type":"post","link":"https:\/\/deportodos.com.ar\/2023\/con-19-incriptos-el-tc-mouras-empieza-su-ano\/","title":{"rendered":"CON 19 INCRIPTOS, EL TC MOURAS EMPIEZA SU A\u00d1O"},"content":{"rendered":"\n<p>Un total de 32 m\u00e1quinas resultan del acumulado entre los<strong>&nbsp;anotados&nbsp;<\/strong>del&nbsp;<strong>TC Mouras<\/strong>&nbsp;y&nbsp;<strong>TC Pista Mouras<\/strong>. Este fin de semana, dar\u00e1 inicio el ejercicio 2025, nuevamente con el Aut\u00f3dromo \u00abRoberto Mouras\u00bb de La Plata como escenario.<\/p>\n\n\n\n<p><strong>Como particularidad en el TC Mouras, resalta que la mitad de los pilotos anotados son debutantes.<\/strong>&nbsp;Siete de ellos provienen del Pista Mouras:&nbsp;<strong>Juan Jos\u00e9 Conde, Lucas Bohdanowicz<\/strong>&nbsp;(campe\u00f3n 2024),&nbsp;<strong>Juan Pablo Guiffrey, Leandro Gonz\u00e1lez, Manuel Borgert, Facundo Ledesma y Francisco Luengo<\/strong>.<\/p>\n\n\n\n<p>Adem\u00e1s, se efectuar\u00e1 el debut de<strong>&nbsp;Lucas Guerra.<\/strong>&nbsp;El de Villa Del Parque viene de correr en Top Race y TC2000 la temporada pasada, y llega al Mouras de la mano del SJ Racing, equipo con el que prob\u00f3 el pasado 7 de enero. Tambi\u00e9n llegan provenientes de las TC Pista Pick Up&nbsp;<strong>Luca Demarco<\/strong>&nbsp;y&nbsp;<strong>Gustavo Tadei (h).<\/strong><\/p>\n\n\n\n<p><strong>Bruno Boccanera<\/strong>&nbsp;(Ford) es la \u00fanica ausencia confirmada, en relaci\u00f3n a los veinte anotados provisionales que hab\u00eda dado a conocer la entidad tece\u00edsta.<\/p>\n\n\n\n<h3 class=\"wp-block-heading\">TC MOURAS \u2013 FECHA 1 \u2013 INSCRIPTOS<\/h3>\n\n\n\n<figure class=\"wp-block-table\"><table class=\"has-fixed-layout\"><tbody><tr><td><strong>ORDEN<\/strong><\/td><td><strong>N*<\/strong><\/td><td><strong>PILOTO<\/strong><\/td><td><strong>MARCA<\/strong><\/td><td><strong>EQUIPO<\/strong><\/td><\/tr><tr><td>1<\/td><td>43<\/td><td>Ant\u00f3n, Benjam\u00edn<\/td><td>Ford<\/td><td>RUS MED TEAM<\/td><\/tr><tr><td>2<\/td><td>44<\/td><td>Pozner, Thomas<\/td><td>Dodge<\/td><td>CANNING MOTORSPORT<\/td><\/tr><tr><td>3<\/td><td>46<\/td><td>Oliver, Amilcar<\/td><td>Dodge<\/td><td>OLIVER COMPETICION<\/td><\/tr><tr><td>4<\/td><td>49<\/td><td>Conde, Juan Jose<\/td><td>Dodge<\/td><td>ABDALA RACING<\/td><\/tr><tr><td>5<\/td><td>50<\/td><td>Ayala, Agust\u00edn<\/td><td>Chevrolet<\/td><td>CANNING MOTORSPORT<\/td><\/tr><tr><td>6<\/td><td>53<\/td><td>Provens, Eugenio<\/td><td>Dodge<\/td><td>GALARZA RACING<\/td><\/tr><tr><td>7<\/td><td>61<\/td><td>Bohdanowicz, Lucas<\/td><td>Dodge<\/td><td>GALARZA RACING<\/td><\/tr><tr><td>8<\/td><td>66<\/td><td>Tadei, Gustavo (h)<\/td><td>Chevrolet<\/td><td>MONTANARI RACING<\/td><\/tr><tr><td>9<\/td><td>67<\/td><td>Biagi, Santiago<\/td><td>Dodge<\/td><td>RUS MED TEAM<\/td><\/tr><tr><td>10<\/td><td>71<\/td><td>Guiffrey, Juan Pablo<\/td><td>Chevrolet<\/td><td>RUS MED TEAM<\/td><\/tr><tr><td>11<\/td><td>77<\/td><td>Gonzalez, Leandro<\/td><td>Chevrolet<\/td><td>CANNING MOTORSPORT<\/td><\/tr><tr><td>12<\/td><td>81<\/td><td>Carabajal, Lucas<\/td><td>Ford<\/td><td>MORIATIS COMPETICION<\/td><\/tr><tr><td>13<\/td><td>84<\/td><td>Dose, Bautista<\/td><td>Chevrolet<\/td><td>DOSE COMPETICION<\/td><\/tr><tr><td>14<\/td><td>85<\/td><td>Dose, Juan Manuel<\/td><td>Chevrolet<\/td><td>DOSE COMPETICION<\/td><\/tr><tr><td>15<\/td><td>87<\/td><td>Guerra, Lucas<\/td><td>Chevrolet<\/td><td>SJ RACING<\/td><\/tr><tr><td>16<\/td><td>105<\/td><td>Borgert, Manuel<\/td><td>Ford<\/td><td>FADEL MEMO CORSE<\/td><\/tr><tr><td>17<\/td><td>119<\/td><td>Ledesma, Facundo<\/td><td>Chevrolet<\/td><td>CANNING MOTORSPORT<\/td><\/tr><tr><td>18<\/td><td>141<\/td><td>Luengo, Francisco<\/td><td>Chevrolet<\/td><td>RE PERFORMANCE<\/td><\/tr><tr><td>19<\/td><td>177<\/td><td>Demarco, Luca<\/td><td>Ford<\/td><td>ABDALA RACING<\/td><\/tr><\/tbody><\/table><\/figure>\n\n\n\n<p><strong>El TC Pista Mouras llega con un parque m\u00e1s reducido en relaci\u00f3n al que termin\u00f3 la \u00faltima temporada.<\/strong>&nbsp;Con siete pilotos ascendidos al Mouras, en este caso la divisional incorpora cinco caras nuevas:&nbsp;<strong>Bautista Oliva<\/strong>&nbsp;y<strong>&nbsp;Juan Pablo Alberti<\/strong>&nbsp;de la F\u00f3rmula 3 Metropolitana,&nbsp;<strong>Santino Ortiz<\/strong>&nbsp;de la F\u00f3rmula 2 Argentina,&nbsp;<strong>Nicol\u00e1s Jaime<\/strong>&nbsp;(hijo de Alberto Jaime) y&nbsp;<strong>Marcelo Guillet<\/strong>, proveniente de categor\u00edas zonales como el Procar 4000 y el TC Regional.<\/p>\n\n\n\n<p>En la lista tentativa, la lista era de catorce pilotos. Sin embargo, no ser\u00e1 de la partida&nbsp;<strong>Mariano C\u00f3ppola<\/strong>, que ten\u00eda previsto iniciar su a\u00f1o con un Ford del CGR Group.<\/p>\n\n\n\n<h3 class=\"wp-block-heading\">TC PISTA MOURAS \u2013 FECHA 1 \u2013 INSCRIPTOS<\/h3>\n\n\n\n<figure class=\"wp-block-table\"><table class=\"has-fixed-layout\"><tbody><tr><td><strong>ORDEN<\/strong><\/td><td><strong>N*<\/strong><\/td><td><strong>PILOTO<\/strong><\/td><td><strong>MARCA<\/strong><\/td><td><strong>EQUIPO<\/strong><\/td><\/tr><tr><td>1<\/td><td>15<\/td><td>Tartaglino, Juan<\/td><td>Ford<\/td><td>FADEL MEMO CORSE<\/td><\/tr><tr><td>2<\/td><td>20<\/td><td>Rial, Mauro<\/td><td>Chevrolet<\/td><td>DOSE COMPETICION<\/td><\/tr><tr><td>3<\/td><td>62<\/td><td>Guillet, Marcelo<\/td><td>Ford<\/td><td>JMJ COMPETICION<\/td><\/tr><tr><td>4<\/td><td>77<\/td><td>Ortiz, Santino<\/td><td>Dodge<\/td><td>CANNING MOTORSPORT<\/td><\/tr><tr><td>5<\/td><td>84<\/td><td>Z\u00f3ccola, Santiago<\/td><td>Ford<\/td><td>FORTE SPORT<\/td><\/tr><tr><td>6<\/td><td>100<\/td><td>Forte, Leonardo<\/td><td>Ford<\/td><td>FORTE SPORT<\/td><\/tr><tr><td>7<\/td><td>121<\/td><td>Montero, Mat\u00edas<\/td><td>Torino<\/td><td>HURLINGHAM COMP.<\/td><\/tr><tr><td>8<\/td><td>123<\/td><td>Mart\u00ednez, Alejandro<\/td><td>Ford<\/td><td>ABDALA RACING<\/td><\/tr><tr><td>9<\/td><td>133<\/td><td>Alberti, Juan Pablo<\/td><td>Chevrolet<\/td><td>RUS MED TEAM<\/td><\/tr><tr><td>10<\/td><td>137<\/td><td>Oliva, Bautista<\/td><td>Ford<\/td><td>ABDALA RACING<\/td><\/tr><tr><td>11<\/td><td>176<\/td><td>Jaime, Nicolas<\/td><td>Dodge<\/td><td>GALARZA RACING<\/td><\/tr><tr><td>12<\/td><td>221<\/td><td>Luna, Esteban<\/td><td>Ford<\/td><td>BRUNO MOTORSPORT<\/td><\/tr><tr><td>13<\/td><td>222<\/td><td>Beraldi, Marcelo<\/td><td>Ford<\/td><td>ESCUDERIA G129<\/td><\/tr><\/tbody><\/table><\/figure>\n\n\n\n<blockquote class=\"wp-block-quote is-layout-flow wp-block-quote-is-layout-flow\">\n<p>www.campeones.com.ar<\/p>\n<\/blockquote>\n","protected":false},"excerpt":{"rendered":"<p>Un total de 32 m\u00e1quinas resultan del acumulado entre los&nbsp;anotados&nbsp;del&nbsp;TC Mouras&nbsp;y&nbsp;TC Pista Mouras. Este fin&#8230;<\/p>\n","protected":false},"author":2,"featured_media":2980,"comment_status":"open","ping_status":"open","sticky":false,"template":"","format":"standard","meta":{"footnotes":""},"categories":[6],"tags":[],"class_list":["post-2979","post","type-post","status-publish","format-standard","has-post-thumbnail","hentry","category-automovilismo"],"featured_image_urls":{"full":["https:\/\/deportodos.com.ar\/2023\/wp-content\/uploads\/2025\/01\/TC-MOURAS-FOTO-ACTC.jpg",976,650,false],"thumbnail":["https:\/\/deportodos.com.ar\/2023\/wp-content\/uploads\/2025\/01\/TC-MOURAS-FOTO-ACTC-150x150.jpg",150,150,true],"medium":["https:\/\/deportodos.com.ar\/2023\/wp-content\/uploads\/2025\/01\/TC-MOURAS-FOTO-ACTC-300x200.jpg",300,200,true],"medium_large":["https:\/\/deportodos.com.ar\/2023\/wp-content\/uploads\/2025\/01\/TC-MOURAS-FOTO-ACTC-768x511.jpg",640,426,true],"large":["https:\/\/deportodos.com.ar\/2023\/wp-content\/uploads\/2025\/01\/TC-MOURAS-FOTO-ACTC.jpg",640,426,false],"1536x1536":["https:\/\/deportodos.com.ar\/2023\/wp-content\/uploads\/2025\/01\/TC-MOURAS-FOTO-ACTC.jpg",976,650,false],"2048x2048":["https:\/\/deportodos.com.ar\/2023\/wp-content\/uploads\/2025\/01\/TC-MOURAS-FOTO-ACTC.jpg",976,650,false],"covernews-featured":["https:\/\/deportodos.com.ar\/2023\/wp-content\/uploads\/2025\/01\/TC-MOURAS-FOTO-ACTC.jpg",976,650,false],"covernews-medium":["https:\/\/deportodos.com.ar\/2023\/wp-content\/uploads\/2025\/01\/TC-MOURAS-FOTO-ACTC-540x340.jpg",540,340,true]},"author_info":{"display_name":"c2530142","author_link":"https:\/\/deportodos.com.ar\/2023\/author\/c2530142\/"},"category_info":"<a href=\"https:\/\/deportodos.com.ar\/2023\/category\/automovilismo\/\" rel=\"category tag\">Automovilismo<\/a>","tag_info":"Automovilismo","comment_count":"0","_links":{"self":[{"href":"https:\/\/deportodos.com.ar\/2023\/wp-json\/wp\/v2\/posts\/2979","targetHints":{"allow":["GET"]}}],"collection":[{"href":"https:\/\/deportodos.com.ar\/2023\/wp-json\/wp\/v2\/posts"}],"about":[{"href":"https:\/\/deportodos.com.ar\/2023\/wp-json\/wp\/v2\/types\/post"}],"author":[{"embeddable":true,"href":"https:\/\/deportodos.com.ar\/2023\/wp-json\/wp\/v2\/users\/2"}],"replies":[{"embeddable":true,"href":"https:\/\/deportodos.com.ar\/2023\/wp-json\/wp\/v2\/comments?post=2979"}],"version-history":[{"count":1,"href":"https:\/\/deportodos.com.ar\/2023\/wp-json\/wp\/v2\/posts\/2979\/revisions"}],"predecessor-version":[{"id":2981,"href":"https:\/\/deportodos.com.ar\/2023\/wp-json\/wp\/v2\/posts\/2979\/revisions\/2981"}],"wp:featuredmedia":[{"embeddable":true,"href":"https:\/\/deportodos.com.ar\/2023\/wp-json\/wp\/v2\/media\/2980"}],"wp:attachment":[{"href":"https:\/\/deportodos.com.ar\/2023\/wp-json\/wp\/v2\/media?parent=2979"}],"wp:term":[{"taxonomy":"category","embeddable":true,"href":"https:\/\/deportodos.com.ar\/2023\/wp-json\/wp\/v2\/categories?post=2979"},{"taxonomy":"post_tag","embeddable":true,"href":"https:\/\/deportodos.com.ar\/2023\/wp-json\/wp\/v2\/tags?post=2979"}],"curies":[{"name":"wp","href":"https:\/\/api.w.org\/{rel}","templated":true}]}}