{"id":2996,"date":"2025-01-29T20:27:31","date_gmt":"2025-01-29T20:27:31","guid":{"rendered":"https:\/\/deportodos.com.ar\/2023\/?p=2996"},"modified":"2025-01-29T20:27:33","modified_gmt":"2025-01-29T20:27:33","slug":"se-realizara-la-clinica-de-revalida-para-arbitros-y-comisionados-tecnicos","status":"publish","type":"post","link":"https:\/\/deportodos.com.ar\/2023\/se-realizara-la-clinica-de-revalida-para-arbitros-y-comisionados-tecnicos\/","title":{"rendered":"SE REALIZAR\u00c1 LA CL\u00cdNICA DE REV\u00c1LIDA PARA \u00c1RBITROS Y COMISIONADOS T\u00c9CNICOS"},"content":{"rendered":"\n<p>Los d\u00edas 1 y 2 de febrero en la ciudad de Villaguay, se llevar\u00e1 a cabo en forma presencial la Cl\u00ednica de Rev\u00e1lida de Licencia Anual de la Federaci\u00f3n de B\u00e1squetbol de Entre R\u00edos (FBER) para \u00c1rbitros y Comisionados T\u00e9cnicos.<\/p>\n\n\n\n<p>Este encuentro, que volver\u00e1 a darse luego de cuatro a\u00f1os, tendr\u00e1 la participaci\u00f3n de 86 personas. En el mismo, no solo se tratar\u00e1n aspectos t\u00e9cnicos propios de la funci\u00f3n como es habitual, sino que tambi\u00e9n habr\u00e1 m\u00f3dulos para otorgar herramientas a los diferentes actores y que los ayuden en la parte emocional en situaciones de juego.<\/p>\n\n\n\n<p>Para ello se incorpora un PSICOLOGO DEPORTIVO que expondr\u00e1 al respecto y la idea de la Comisi\u00f3n T\u00e9cnica FBER es mantener encuentros durante este a\u00f1o. Tambi\u00e9n se dictar\u00e1 un curso de RCP, de vital importancia para todos frente a situaciones de emergencia.<\/p>\n\n\n\n<p><strong><em>\u2013 MODULO T\u00c9CNICO:&nbsp;<\/em><\/strong>La actividad t\u00e9cnica estar\u00e1 a cargo de un Instructor del Instituto CAB designado para tal fin. El temario a abordar ser\u00e1 el reciente cambio a las Reglas FIBA de octubre 2024, criterios arbitrales y protocolos a desarrollar por los \u00e1rbitros en un juego en distintas situaciones del mismo.<\/p>\n\n\n\n<p><strong><em>\u2013 MODULO PSICOL\u00d3GICO:&nbsp;<\/em><\/strong>A cargo del Dr. Carlos Saggio, profesional de dilatada trayectoria en el \u00e1mbito deportivo nacional, quien abordar\u00e1 diferentes temas muy importantes para el desarrollo de la actividad tanto de \u00e1rbitros como de comisionados t\u00e9cnicos.<\/p>\n\n\n\n<p><strong><em>\u2013 MODULO PRIMEROS AUXILIOS:&nbsp;<\/em><\/strong>Curso de RCP, de vital importancia y de necesario conocimiento, desarrollado por personal de la Secretar\u00eda de Deportes, dependiente de la Secretar\u00eda General de la Gobernaci\u00f3n, bajo la direcci\u00f3n de Deporte Federado, Capacitaci\u00f3n y Evaluaci\u00f3n, a cargo del prof. Martin Amden.<\/p>\n\n\n\n<p><strong><em>\u2013 PRUEBA F\u00cdSICA y TEORICA:&nbsp;<\/em><\/strong>El \u00faltimo d\u00eda se tomar\u00e1n las pruebas f\u00edsicas y te\u00f3ricas a cada uno de los participantes.<\/p>\n\n\n\n<blockquote class=\"wp-block-quote is-layout-flow wp-block-quote-is-layout-flow\">\n<p>www.basquetentrerios.com<\/p>\n<\/blockquote>\n","protected":false},"excerpt":{"rendered":"<p>Los d\u00edas 1 y 2 de febrero en la ciudad de Villaguay, se llevar\u00e1 a&#8230;<\/p>\n","protected":false},"author":2,"featured_media":2997,"comment_status":"open","ping_status":"open","sticky":false,"template":"","format":"standard","meta":{"footnotes":""},"categories":[9],"tags":[],"class_list":["post-2996","post","type-post","status-publish","format-standard","has-post-thumbnail","hentry","category-basquet"],"featured_image_urls":{"full":["https:\/\/deportodos.com.ar\/2023\/wp-content\/uploads\/2025\/01\/IMG-20250129-WA0049.jpg",996,670,false],"thumbnail":["https:\/\/deportodos.com.ar\/2023\/wp-content\/uploads\/2025\/01\/IMG-20250129-WA0049-150x150.jpg",150,150,true],"medium":["https:\/\/deportodos.com.ar\/2023\/wp-content\/uploads\/2025\/01\/IMG-20250129-WA0049-300x202.jpg",300,202,true],"medium_large":["https:\/\/deportodos.com.ar\/2023\/wp-content\/uploads\/2025\/01\/IMG-20250129-WA0049-768x517.jpg",640,431,true],"large":["https:\/\/deportodos.com.ar\/2023\/wp-content\/uploads\/2025\/01\/IMG-20250129-WA0049.jpg",640,431,false],"1536x1536":["https:\/\/deportodos.com.ar\/2023\/wp-content\/uploads\/2025\/01\/IMG-20250129-WA0049.jpg",996,670,false],"2048x2048":["https:\/\/deportodos.com.ar\/2023\/wp-content\/uploads\/2025\/01\/IMG-20250129-WA0049.jpg",996,670,false],"covernews-featured":["https:\/\/deportodos.com.ar\/2023\/wp-content\/uploads\/2025\/01\/IMG-20250129-WA0049.jpg",996,670,false],"covernews-medium":["https:\/\/deportodos.com.ar\/2023\/wp-content\/uploads\/2025\/01\/IMG-20250129-WA0049-540x340.jpg",540,340,true]},"author_info":{"display_name":"c2530142","author_link":"https:\/\/deportodos.com.ar\/2023\/author\/c2530142\/"},"category_info":"<a href=\"https:\/\/deportodos.com.ar\/2023\/category\/basquet\/\" rel=\"category tag\">Basquet<\/a>","tag_info":"Basquet","comment_count":"0","_links":{"self":[{"href":"https:\/\/deportodos.com.ar\/2023\/wp-json\/wp\/v2\/posts\/2996","targetHints":{"allow":["GET"]}}],"collection":[{"href":"https:\/\/deportodos.com.ar\/2023\/wp-json\/wp\/v2\/posts"}],"about":[{"href":"https:\/\/deportodos.com.ar\/2023\/wp-json\/wp\/v2\/types\/post"}],"author":[{"embeddable":true,"href":"https:\/\/deportodos.com.ar\/2023\/wp-json\/wp\/v2\/users\/2"}],"replies":[{"embeddable":true,"href":"https:\/\/deportodos.com.ar\/2023\/wp-json\/wp\/v2\/comments?post=2996"}],"version-history":[{"count":1,"href":"https:\/\/deportodos.com.ar\/2023\/wp-json\/wp\/v2\/posts\/2996\/revisions"}],"predecessor-version":[{"id":2998,"href":"https:\/\/deportodos.com.ar\/2023\/wp-json\/wp\/v2\/posts\/2996\/revisions\/2998"}],"wp:featuredmedia":[{"embeddable":true,"href":"https:\/\/deportodos.com.ar\/2023\/wp-json\/wp\/v2\/media\/2997"}],"wp:attachment":[{"href":"https:\/\/deportodos.com.ar\/2023\/wp-json\/wp\/v2\/media?parent=2996"}],"wp:term":[{"taxonomy":"category","embeddable":true,"href":"https:\/\/deportodos.com.ar\/2023\/wp-json\/wp\/v2\/categories?post=2996"},{"taxonomy":"post_tag","embeddable":true,"href":"https:\/\/deportodos.com.ar\/2023\/wp-json\/wp\/v2\/tags?post=2996"}],"curies":[{"name":"wp","href":"https:\/\/api.w.org\/{rel}","templated":true}]}}