{"id":2999,"date":"2025-01-29T20:30:06","date_gmt":"2025-01-29T20:30:06","guid":{"rendered":"https:\/\/deportodos.com.ar\/2023\/?p=2999"},"modified":"2025-01-29T20:30:08","modified_gmt":"2025-01-29T20:30:08","slug":"presentaron-la-4a-edicion-de-la-carrera-noctura-de-parana","status":"publish","type":"post","link":"https:\/\/deportodos.com.ar\/2023\/presentaron-la-4a-edicion-de-la-carrera-noctura-de-parana\/","title":{"rendered":"PRESENTARON LA 4\u00aa EDICI\u00d3N DE LA CARRERA NOCTURA DE PARAN\u00c1"},"content":{"rendered":"\n<p>En Sala Mayo se realiz\u00f3 el lanzamiento oficial de la 4\u00aa edici\u00f3n de la Carrera Nocturna Ciudad de Paran\u00e1 que se realizar\u00e1 este s\u00e1bado ro en la capital entrerriana. La competencia tendr\u00e1 dos circuitos: 10\u202fkil\u00f3metros competitivos y 5 kil\u00f3metros participativos. Se recorrer\u00e1n, desde la largada que ser\u00e1 a las 20, las calles del complejo Thompson y gran parte del borde costero.<\/p>\n\n\n\n<p>En la conferencia de prensa donde se present\u00f3 la competencia estuvieron presentes el secretario de Gobierno de la Municipalidad, Santiago Halle; el subsecretario de Deportes, Juan Arbitelli; el viceintendente, David C\u00e1ceres y el corredor entrerriano F\u00e9lix Maydana.<\/p>\n\n\n\n<p>\u201cEstamos muy contentos de que haya m\u00e1s de 2.500 participantes, algunos de manera competitiva otros de manera recreativa, con muchas expectativas\u201d, dijo C\u00e1ceres.<\/p>\n\n\n\n<p>Y agradeci\u00f3 \u201cal subsecretario de deporte Juan Arbitelli y a todo el equipo que vienen trabajando hace mucho tiempo para seguir consolidando esta actividad en la ciudad de Paran\u00e1\u201d.<\/p>\n\n\n\n<p>Arbitelli detall\u00f3 que el recorrido de la carrera \u201ces el mismo que el a\u00f1o pasado, arranca y termina en el complejo Balneario Thomson, recorre toda la zona de la costanera y la zona de Ambrosetti, Laurencena para sus dos modalidades. La de 10 km llega hasta la plaza Petit Pisan y la de 5 km que dobla en Laurencena para atravesar el Paseo de los p\u00e1jaros y Volver al Thomson\u201d.<\/p>\n\n\n\n<p>Y sigui\u00f3: \u201cLa verdad que es un circuito que se est\u00e1 consolidando mucho y aprovechamos a darle visibilidad tambi\u00e9n al Thomson como un lugar que diariamente une a los corredores desde nuestra ciudad\u201d, acot\u00f3.<\/p>\n\n\n\n<figure class=\"wp-block-image\"><img decoding=\"async\" src=\"https:\/\/www.analisisdigital.com.ar\/sites\/default\/files\/inline\/images\/remera.jpg\" alt=\"\"\/><\/figure>\n\n\n\n<p>Sobre la entrega de kits detall\u00f3 que se entregar\u00e1n el s\u00e1bado a las 12. Cuentan con una botellita reutilizable, remera y una vez que arriben a la meta habr\u00e1 una medalla finisher amigable con el ambiente porque es un producto renovable y botellas runner de la marca Agua Nuestra\u201d.<\/p>\n\n\n\n<p>Finalmente, el corredor entrerriano F\u00e9lix Maydana, expres\u00f3 que \u201ces una carrera que viene creciendo a\u00f1o a a\u00f1o, es su cuarta edici\u00f3n y la verdad que la gente en esta altura del a\u00f1o busca moverse, busca hacer deporte. La costanera se ve llena todos los d\u00edas y aprovecha de una ciudad que apuesta al deporte\u201d.<\/p>\n\n\n\n<blockquote class=\"wp-block-quote is-layout-flow wp-block-quote-is-layout-flow\">\n<p>www.analisisdigital.com.ar<\/p>\n<\/blockquote>\n","protected":false},"excerpt":{"rendered":"<p>En Sala Mayo se realiz\u00f3 el lanzamiento oficial de la 4\u00aa edici\u00f3n de la Carrera&#8230;<\/p>\n","protected":false},"author":2,"featured_media":3000,"comment_status":"open","ping_status":"open","sticky":false,"template":"","format":"standard","meta":{"footnotes":""},"categories":[5],"tags":[],"class_list":["post-2999","post","type-post","status-publish","format-standard","has-post-thumbnail","hentry","category-atletismo"],"featured_image_urls":{"full":["https:\/\/deportodos.com.ar\/2023\/wp-content\/uploads\/2025\/01\/carrera_2.jpg",450,300,false],"thumbnail":["https:\/\/deportodos.com.ar\/2023\/wp-content\/uploads\/2025\/01\/carrera_2-150x150.jpg",150,150,true],"medium":["https:\/\/deportodos.com.ar\/2023\/wp-content\/uploads\/2025\/01\/carrera_2-300x200.jpg",300,200,true],"medium_large":["https:\/\/deportodos.com.ar\/2023\/wp-content\/uploads\/2025\/01\/carrera_2.jpg",450,300,false],"large":["https:\/\/deportodos.com.ar\/2023\/wp-content\/uploads\/2025\/01\/carrera_2.jpg",450,300,false],"1536x1536":["https:\/\/deportodos.com.ar\/2023\/wp-content\/uploads\/2025\/01\/carrera_2.jpg",450,300,false],"2048x2048":["https:\/\/deportodos.com.ar\/2023\/wp-content\/uploads\/2025\/01\/carrera_2.jpg",450,300,false],"covernews-featured":["https:\/\/deportodos.com.ar\/2023\/wp-content\/uploads\/2025\/01\/carrera_2.jpg",450,300,false],"covernews-medium":["https:\/\/deportodos.com.ar\/2023\/wp-content\/uploads\/2025\/01\/carrera_2.jpg",450,300,false]},"author_info":{"display_name":"c2530142","author_link":"https:\/\/deportodos.com.ar\/2023\/author\/c2530142\/"},"category_info":"<a href=\"https:\/\/deportodos.com.ar\/2023\/category\/atletismo\/\" rel=\"category tag\">Atletismo<\/a>","tag_info":"Atletismo","comment_count":"0","_links":{"self":[{"href":"https:\/\/deportodos.com.ar\/2023\/wp-json\/wp\/v2\/posts\/2999","targetHints":{"allow":["GET"]}}],"collection":[{"href":"https:\/\/deportodos.com.ar\/2023\/wp-json\/wp\/v2\/posts"}],"about":[{"href":"https:\/\/deportodos.com.ar\/2023\/wp-json\/wp\/v2\/types\/post"}],"author":[{"embeddable":true,"href":"https:\/\/deportodos.com.ar\/2023\/wp-json\/wp\/v2\/users\/2"}],"replies":[{"embeddable":true,"href":"https:\/\/deportodos.com.ar\/2023\/wp-json\/wp\/v2\/comments?post=2999"}],"version-history":[{"count":1,"href":"https:\/\/deportodos.com.ar\/2023\/wp-json\/wp\/v2\/posts\/2999\/revisions"}],"predecessor-version":[{"id":3001,"href":"https:\/\/deportodos.com.ar\/2023\/wp-json\/wp\/v2\/posts\/2999\/revisions\/3001"}],"wp:featuredmedia":[{"embeddable":true,"href":"https:\/\/deportodos.com.ar\/2023\/wp-json\/wp\/v2\/media\/3000"}],"wp:attachment":[{"href":"https:\/\/deportodos.com.ar\/2023\/wp-json\/wp\/v2\/media?parent=2999"}],"wp:term":[{"taxonomy":"category","embeddable":true,"href":"https:\/\/deportodos.com.ar\/2023\/wp-json\/wp\/v2\/categories?post=2999"},{"taxonomy":"post_tag","embeddable":true,"href":"https:\/\/deportodos.com.ar\/2023\/wp-json\/wp\/v2\/tags?post=2999"}],"curies":[{"name":"wp","href":"https:\/\/api.w.org\/{rel}","templated":true}]}}