{"id":3008,"date":"2025-02-02T21:56:59","date_gmt":"2025-02-02T21:56:59","guid":{"rendered":"https:\/\/deportodos.com.ar\/2023\/?p=3008"},"modified":"2025-02-02T21:57:01","modified_gmt":"2025-02-02T21:57:01","slug":"con-gran-participacion-se-disputo-rl-triatlon-copa-parana","status":"publish","type":"post","link":"https:\/\/deportodos.com.ar\/2023\/con-gran-participacion-se-disputo-rl-triatlon-copa-parana\/","title":{"rendered":"CON GRAN PARTICIPACI\u00d3N, SE DISPUT\u00d3 RL TRIATL\u00d3N \u00abCOPA PARAN\u00c1\u00bb"},"content":{"rendered":"\n<p>Paran\u00e1 fue sede de la tercera fecha del Campeonato Entrerriano de Triatl\u00f3n y la Copa Nacional, un evento puntuable para la Federaci\u00f3n Argentina de Triatl\u00f3n. La competencia, que reuni\u00f3 a m\u00e1s de 250 deportistas de distintas provincias, se llev\u00f3 a cabo este domingo, con epicentro en el Parana Rowing Club y la costanera.<\/p>\n\n\n\n<p>El circuito comenz\u00f3 con la etapa de nataci\u00f3n, con largada en Puerto S\u00e1nchez y llegada al club. Luego, los atletas tomaron sus bicicletas para recorrer un circuito de cuatro vueltas sobre calle Estrada. Finalmente, la prueba de pedestrismo se extendi\u00f3 hasta la zona del barco en Sala Mayo.<\/p>\n\n\n\n<p>En la categor\u00eda \u00c9lite, Tadeo Baruffato, de Santa Fe, se qued\u00f3 con la victoria en la jornada dominical. Fue seguido por, los tambi\u00e9n santafesinos, Bautista Arbizu y Santiago Boxler. Por su parte, la atleta formose\u00f1a Estefan\u00eda D\u00edaz fue la ganadora en dicha divisional entre las mujeres participantes.<\/p>\n\n\n\n<h3 class=\"wp-block-heading\">Resultados<\/h3>\n\n\n\n<h3 class=\"wp-block-heading\">Age Groups<\/h3>\n\n\n\n<p><strong>Mujeres<\/strong><\/p>\n\n\n\n<p>1-Natalia M\u00e9ndez (Col\u00f3n) 1:11:16<\/p>\n\n\n\n<p>2-Giulia Russo (Santa Fe) 1:14:00<\/p>\n\n\n\n<p>3-Belen Alonso (Paran\u00e1) 1:14:11<\/p>\n\n\n\n<p><strong>Varones<\/strong><\/p>\n\n\n\n<p>1-Diego Jara (Santa Fe) 0:58:29<\/p>\n\n\n\n<p>2-Santiago Mingo (La Paz) 0:59:23<\/p>\n\n\n\n<p>3-Enzo Barrios (Paran\u00e1) 1:00:02<\/p>\n\n\n\n<h3 class=\"wp-block-heading\">Age Groups Juveniles<\/h3>\n\n\n\n<p><strong>Mujeres<\/strong><\/p>\n\n\n\n<p>1-Juliana Planas (Lomas de Zamora) 1.12:26<\/p>\n\n\n\n<p>2-Guadalupe Muscatelli (Lomas de Zamora) 1:13:05<\/p>\n\n\n\n<p><strong>Varones<\/strong><\/p>\n\n\n\n<p>1-Mateo Rold\u00e1n (La Paz) 1:00:07 \u2013 Categor\u00eda Junior A<\/p>\n\n\n\n<p>1-Francisco Rodr\u00edguez (La Paz) 1:00:21 \u2013 Categor\u00eda Junior B<\/p>\n\n\n\n<h3 class=\"wp-block-heading\"><strong>Super Sprint<\/strong><\/h3>\n\n\n\n<p><strong>Mujeres<\/strong><\/p>\n\n\n\n<p>1-Emilia Valverde (Lomas de Zamora) 1:29:05 \u2013 Categor\u00eda Menor 12\/13<\/p>\n\n\n\n<p>1-Fernanda De los santos (Formosa) 1:27:39 \u2013 Categor\u00eda Menor 14<\/p>\n\n\n\n<p>1-Greta Buntalyk (Lomas de Zamora) 1:25:47 \u2013 Categor\u00eda Menor 15<\/p>\n\n\n\n<p><strong>Varones<\/strong><\/p>\n\n\n\n<p>1-Ignacio Gonz\u00e1lez (Grand Bourg) 1:23:40 \u2013 Categor\u00eda Menor 12\/13<\/p>\n\n\n\n<p>1-Lorenzo Mes\u00edas (Lomas de Zamora) 1:23:27 \u2013 Categor\u00eda Menor 14<\/p>\n\n\n\n<p>1-Joaqu\u00edn Valverde (Lomas de Zamora) 1:20:01 \u2013 Categor\u00eda Menor 15<\/p>\n\n\n\n<h3 class=\"wp-block-heading\"><strong>MTB<\/strong><\/h3>\n\n\n\n<p><strong>Mujeres<\/strong><\/p>\n\n\n\n<p>1-Mar\u00eda Monserrat (Coronda) 1:21:47 \u2013 Categor\u00eda MTB 40\/49<\/p>\n\n\n\n<p>1-Magdalena Zingoni (Victoria \u2013 San Fernando) 1:26:20 \u2013 Categor\u00eda MTB 50\/59<\/p>\n\n\n\n<p><strong>Varones<\/strong><\/p>\n\n\n\n<p>1-Juan Esp\u00edndola (Paran\u00e1) 1:10:59 \u2013 Categor\u00eda MTB 20\/29<\/p>\n\n\n\n<p>1-Guillermo Spahn (Aldea Brasilera) 1:17:49 \u2013 Categor\u00eda MTB 30\/29<\/p>\n\n\n\n<p>1-Hern\u00e1n Spahn (Aldea Brasilera) 1:12:00 \u2013 Categor\u00eda MTB 40\/49<\/p>\n\n\n\n<p>1-Victor Gado (Funes) 1:17:26 \u2013 Categor\u00eda MTB 50\/59<\/p>\n\n\n\n<h3 class=\"wp-block-heading\">Elite<\/h3>\n\n\n\n<p><strong>Mujeres<\/strong><\/p>\n\n\n\n<p>1-Estefania D\u00edaz (Formosa)<\/p>\n\n\n\n<p>2-Guadalupe Quintana (La Paz)<\/p>\n\n\n\n<p><strong>Varones<\/strong><\/p>\n\n\n\n<p>1-Tadeo Baruffato (Santa Fe)<\/p>\n\n\n\n<p>2-Bautista Arbizu (Santa Fe)<\/p>\n\n\n\n<p>3-Santiago Boxler (Santa Fe)<\/p>\n\n\n\n<blockquote class=\"wp-block-quote is-layout-flow wp-block-quote-is-layout-flow\">\n<p>www.elonce.com<\/p>\n<\/blockquote>\n","protected":false},"excerpt":{"rendered":"<p>Paran\u00e1 fue sede de la tercera fecha del Campeonato Entrerriano de Triatl\u00f3n y la Copa&#8230;<\/p>\n","protected":false},"author":2,"featured_media":3009,"comment_status":"open","ping_status":"open","sticky":false,"template":"","format":"standard","meta":{"footnotes":""},"categories":[33],"tags":[],"class_list":["post-3008","post","type-post","status-publish","format-standard","has-post-thumbnail","hentry","category-triatlon"],"featured_image_urls":{"full":["https:\/\/deportodos.com.ar\/2023\/wp-content\/uploads\/2025\/02\/l_1738518817_88849.webp",1200,800,false],"thumbnail":["https:\/\/deportodos.com.ar\/2023\/wp-content\/uploads\/2025\/02\/l_1738518817_88849-150x150.webp",150,150,true],"medium":["https:\/\/deportodos.com.ar\/2023\/wp-content\/uploads\/2025\/02\/l_1738518817_88849-300x200.webp",300,200,true],"medium_large":["https:\/\/deportodos.com.ar\/2023\/wp-content\/uploads\/2025\/02\/l_1738518817_88849-768x512.webp",640,427,true],"large":["https:\/\/deportodos.com.ar\/2023\/wp-content\/uploads\/2025\/02\/l_1738518817_88849-1024x683.webp",640,427,true],"1536x1536":["https:\/\/deportodos.com.ar\/2023\/wp-content\/uploads\/2025\/02\/l_1738518817_88849.webp",1200,800,false],"2048x2048":["https:\/\/deportodos.com.ar\/2023\/wp-content\/uploads\/2025\/02\/l_1738518817_88849.webp",1200,800,false],"covernews-featured":["https:\/\/deportodos.com.ar\/2023\/wp-content\/uploads\/2025\/02\/l_1738518817_88849-1024x683.webp",1024,683,true],"covernews-medium":["https:\/\/deportodos.com.ar\/2023\/wp-content\/uploads\/2025\/02\/l_1738518817_88849-540x340.webp",540,340,true]},"author_info":{"display_name":"c2530142","author_link":"https:\/\/deportodos.com.ar\/2023\/author\/c2530142\/"},"category_info":"<a href=\"https:\/\/deportodos.com.ar\/2023\/category\/triatlon\/\" rel=\"category tag\">Triatlon<\/a>","tag_info":"Triatlon","comment_count":"0","_links":{"self":[{"href":"https:\/\/deportodos.com.ar\/2023\/wp-json\/wp\/v2\/posts\/3008","targetHints":{"allow":["GET"]}}],"collection":[{"href":"https:\/\/deportodos.com.ar\/2023\/wp-json\/wp\/v2\/posts"}],"about":[{"href":"https:\/\/deportodos.com.ar\/2023\/wp-json\/wp\/v2\/types\/post"}],"author":[{"embeddable":true,"href":"https:\/\/deportodos.com.ar\/2023\/wp-json\/wp\/v2\/users\/2"}],"replies":[{"embeddable":true,"href":"https:\/\/deportodos.com.ar\/2023\/wp-json\/wp\/v2\/comments?post=3008"}],"version-history":[{"count":1,"href":"https:\/\/deportodos.com.ar\/2023\/wp-json\/wp\/v2\/posts\/3008\/revisions"}],"predecessor-version":[{"id":3010,"href":"https:\/\/deportodos.com.ar\/2023\/wp-json\/wp\/v2\/posts\/3008\/revisions\/3010"}],"wp:featuredmedia":[{"embeddable":true,"href":"https:\/\/deportodos.com.ar\/2023\/wp-json\/wp\/v2\/media\/3009"}],"wp:attachment":[{"href":"https:\/\/deportodos.com.ar\/2023\/wp-json\/wp\/v2\/media?parent=3008"}],"wp:term":[{"taxonomy":"category","embeddable":true,"href":"https:\/\/deportodos.com.ar\/2023\/wp-json\/wp\/v2\/categories?post=3008"},{"taxonomy":"post_tag","embeddable":true,"href":"https:\/\/deportodos.com.ar\/2023\/wp-json\/wp\/v2\/tags?post=3008"}],"curies":[{"name":"wp","href":"https:\/\/api.w.org\/{rel}","templated":true}]}}