{"id":3012,"date":"2025-02-03T13:11:18","date_gmt":"2025-02-03T13:11:18","guid":{"rendered":"https:\/\/deportodos.com.ar\/2023\/?p=3012"},"modified":"2025-02-03T13:11:20","modified_gmt":"2025-02-03T13:11:20","slug":"resultados-de-la-octava-fecha-de-la-copa-entre-rios","status":"publish","type":"post","link":"https:\/\/deportodos.com.ar\/2023\/resultados-de-la-octava-fecha-de-la-copa-entre-rios\/","title":{"rendered":"RESULTADOS DE LA OCTAVA FECHA DE LA COPA ENTRE R\u00cdOS"},"content":{"rendered":"\n<p><br>Resultados y clasificados<br>De manera parcial se desarrollaron los cruces de vuelta de octavos de final de la Copa Entre R\u00edos. Ma\u00f1ana, en Paran\u00e1, completan el local Don Bosco y Juventud Unida de Gualeguaych\u00fa.<\/p>\n\n\n\n<p>Resultados octavos &#8211; Vuelta &#x2b07;&#xfe0f;&#x2b07;&#xfe0f;<\/p>\n\n\n\n<p>Deportivo Urdinarrain (1) 2&#xfe0f;&#x20e3;vs.0&#xfe0f;&#x20e3; Talleres (Fral) (2)<br>Clasificado a cuartos Deportivo Urdinarrain (Global 3 a 2)<\/p>\n\n\n\n<p>Independiente (VdR)(1) 3&#xfe0f;&#x20e3;vs.1&#xfe0f;&#x20e3; Camba Cu\u00e1 (SE)(1)<br>Clasificado a cuartos Independiente (Global 4 a 2)<\/p>\n\n\n\n<p>Los Teros (Fno)(0) 2&#xfe0f;&#x20e3;vs.4&#xfe0f;&#x20e3; Defensores de Col\u00f3n (2)<br>Clasificado a cuartos Defensores de Col\u00f3n (Global 6 a 2)<\/p>\n\n\n\n<p>Barrio Congo (LP)(0) 2&#xfe0f;&#x20e3;vs.1&#xfe0f;&#x20e3; Juventud Urdinarrain (1)<br>Por penales clasific\u00f3 a cuartos Juventud Urdinarrain (5 a 3) Global 7 a 5<\/p>\n\n\n\n<p>ADEV (Villaguay)(1) 1&#xfe0f;&#x20e3;vs.0&#xfe0f;&#x20e3; Lan\u00fas (CdU)(3)<br>Clasificado a cuartos Lan\u00fas (Global 3 a 2)<\/p>\n\n\n\n<p>Colegiales (Cdia)(1) 4&#xfe0f;&#x20e3;vs.2&#xfe0f;&#x20e3; Central Larroque (2)<br>Clasificado a cuartos Colegiales (Global 5 a 4)<\/p>\n\n\n\n<p>Atl Mar\u00eda Grande (2) 1&#xfe0f;&#x20e3;vs.0&#xfe0f;&#x20e3; Caball\u00fa (LP) (1)<br>Clasificado a cuartos Atl\u00e9tico Mar\u00eda Grande (Global 3 a 1)<\/p>\n\n\n\n<p>Ma\u00f1ana completan:<\/p>\n\n\n\n<p>Don Bosco (Pn\u00e1)(1)  Juventud Unida (Gch\u00fa)(3)<br>Lunes 3\/2 \u2013 18 hs.  Cancha de Don Bosco<br>Arbitro: Godoy Brian<br>Asistentes: Mi\u00f1o Nicolas y Retamal Luciano (Victoria)<\/p>\n","protected":false},"excerpt":{"rendered":"<p>Resultados y clasificadosDe manera parcial se desarrollaron los cruces de vuelta de octavos de final&#8230;<\/p>\n","protected":false},"author":2,"featured_media":3013,"comment_status":"open","ping_status":"open","sticky":false,"template":"","format":"standard","meta":{"footnotes":""},"categories":[36],"tags":[],"class_list":["post-3012","post","type-post","status-publish","format-standard","has-post-thumbnail","hentry","category-futbol"],"featured_image_urls":{"full":["https:\/\/deportodos.com.ar\/2023\/wp-content\/uploads\/2025\/02\/FB_IMG_1738587768466.jpg",1080,1350,false],"thumbnail":["https:\/\/deportodos.com.ar\/2023\/wp-content\/uploads\/2025\/02\/FB_IMG_1738587768466-150x150.jpg",150,150,true],"medium":["https:\/\/deportodos.com.ar\/2023\/wp-content\/uploads\/2025\/02\/FB_IMG_1738587768466-240x300.jpg",240,300,true],"medium_large":["https:\/\/deportodos.com.ar\/2023\/wp-content\/uploads\/2025\/02\/FB_IMG_1738587768466-768x960.jpg",640,800,true],"large":["https:\/\/deportodos.com.ar\/2023\/wp-content\/uploads\/2025\/02\/FB_IMG_1738587768466-819x1024.jpg",640,800,true],"1536x1536":["https:\/\/deportodos.com.ar\/2023\/wp-content\/uploads\/2025\/02\/FB_IMG_1738587768466.jpg",1080,1350,false],"2048x2048":["https:\/\/deportodos.com.ar\/2023\/wp-content\/uploads\/2025\/02\/FB_IMG_1738587768466.jpg",1080,1350,false],"covernews-featured":["https:\/\/deportodos.com.ar\/2023\/wp-content\/uploads\/2025\/02\/FB_IMG_1738587768466-1024x1280.jpg",1024,1280,true],"covernews-medium":["https:\/\/deportodos.com.ar\/2023\/wp-content\/uploads\/2025\/02\/FB_IMG_1738587768466-540x340.jpg",540,340,true]},"author_info":{"display_name":"c2530142","author_link":"https:\/\/deportodos.com.ar\/2023\/author\/c2530142\/"},"category_info":"<a href=\"https:\/\/deportodos.com.ar\/2023\/category\/futbol\/\" rel=\"category tag\">Futbol<\/a>","tag_info":"Futbol","comment_count":"0","_links":{"self":[{"href":"https:\/\/deportodos.com.ar\/2023\/wp-json\/wp\/v2\/posts\/3012","targetHints":{"allow":["GET"]}}],"collection":[{"href":"https:\/\/deportodos.com.ar\/2023\/wp-json\/wp\/v2\/posts"}],"about":[{"href":"https:\/\/deportodos.com.ar\/2023\/wp-json\/wp\/v2\/types\/post"}],"author":[{"embeddable":true,"href":"https:\/\/deportodos.com.ar\/2023\/wp-json\/wp\/v2\/users\/2"}],"replies":[{"embeddable":true,"href":"https:\/\/deportodos.com.ar\/2023\/wp-json\/wp\/v2\/comments?post=3012"}],"version-history":[{"count":1,"href":"https:\/\/deportodos.com.ar\/2023\/wp-json\/wp\/v2\/posts\/3012\/revisions"}],"predecessor-version":[{"id":3014,"href":"https:\/\/deportodos.com.ar\/2023\/wp-json\/wp\/v2\/posts\/3012\/revisions\/3014"}],"wp:featuredmedia":[{"embeddable":true,"href":"https:\/\/deportodos.com.ar\/2023\/wp-json\/wp\/v2\/media\/3013"}],"wp:attachment":[{"href":"https:\/\/deportodos.com.ar\/2023\/wp-json\/wp\/v2\/media?parent=3012"}],"wp:term":[{"taxonomy":"category","embeddable":true,"href":"https:\/\/deportodos.com.ar\/2023\/wp-json\/wp\/v2\/categories?post=3012"},{"taxonomy":"post_tag","embeddable":true,"href":"https:\/\/deportodos.com.ar\/2023\/wp-json\/wp\/v2\/tags?post=3012"}],"curies":[{"name":"wp","href":"https:\/\/api.w.org\/{rel}","templated":true}]}}