{"id":3027,"date":"2025-02-26T23:14:18","date_gmt":"2025-02-26T23:14:18","guid":{"rendered":"https:\/\/deportodos.com.ar\/2023\/?p=3027"},"modified":"2025-02-26T23:14:18","modified_gmt":"2025-02-26T23:14:18","slug":"se-realizo-la-clinica-de-revalida-para-arbitros-y-comisionados-tecnicos","status":"publish","type":"post","link":"https:\/\/deportodos.com.ar\/2023\/se-realizo-la-clinica-de-revalida-para-arbitros-y-comisionados-tecnicos\/","title":{"rendered":"SE REALIZ\u00d3 LA CL\u00cdNICA DE REV\u00c1LIDA PARA \u00c1RBITROS Y COMISIONADOS T\u00c9CNICOS"},"content":{"rendered":"\n<p>Durante el fin de semana, en la ciudad de Villaguay, se desarroll\u00f3 en forma presencial la Cl\u00ednica de Rev\u00e1lida de Licencia Anual de la Federaci\u00f3n de B\u00e1squetbol de Entre R\u00edos (FBER) para \u00c1rbitros y Comisionados T\u00e9cnicos, organizada por la Comisi\u00f3n T\u00e9cnica (CTA) de la entidad madre del b\u00e1squet provincial. Este encuentro, que volvi\u00f3 a realizarse luego de cuatro a\u00f1os, tuvo la participaci\u00f3n de 85 personas.<\/p>\n\n\n\n<p>Durante la jornada inicial se llevaron adelante diferentes m\u00f3dulos de trabajo te\u00f3rico. En primer t\u00e9rmino, el m\u00f3dulo t\u00e9cnico estuvo a cargo de un Instructor del Instituto CAB, El\u00edas Raboy, qui\u00e9n expuso con amplitud diferentes cuestiones y el reciente cambio a las Reglas FIBA de octubre 2024, criterios arbitrales y protocolos a desarrollar por los \u00e1rbitros en un juego en distintas situaciones del mismo.<\/p>\n\n\n\n<p>Seguidamente, el Psic\u00f3logo Deportivo Carlos Saggio, profesional de dilatada trayectoria en el \u00e1mbito deportivo nacional, abord\u00f3 diferentes temas relevantes para el desarrollo de la actividad, tanto de \u00e1rbitros como de comisionados t\u00e9cnicos.<\/p>\n\n\n\n<figure class=\"wp-block-image\"><img decoding=\"async\" src=\"https:\/\/basquetentrerios.com\/wp-content\/uploads\/2025\/02\/WhatsApp-Image-2025-02-01-at-9.17.01-PM.jpeg\" alt=\"\" class=\"wp-image-10311\"\/><\/figure>\n\n\n\n<p>Por \u00faltimo, se impuls\u00f3 un Curso de Reanimaci\u00f3n Cardio Pulmonar (RCP), manejo del desfibrilador y primeros auxilios, de vital importancia y de necesario conocimiento para situaciones de emergencia, desarrollado por personal de la Secretar\u00eda de Deportes, dependiente de la Secretar\u00eda General de la Gobernaci\u00f3n, bajo la direcci\u00f3n de Deporte Federado, Capacitaci\u00f3n y Evaluaci\u00f3n, a cargo del prof. Martin Amden.<\/p>\n\n\n\n<p>Durante el domingo, en las instalaciones del Club Sarmiento, se concretaron las pruebas f\u00edsicas y te\u00f3ricas a cada uno de los participantes.<\/p>\n\n\n\n<p>En el encuentro tuvo la presencia y el acompa\u00f1amiento del presidente de la FBER, Julio Gim\u00e9nez; el vicepresidente Carlos Scola; el vocal Santiago Losada; el presidente de la Comisi\u00f3n T\u00e9cnica, Diego Cherot; y el coordinador de la CTA, Javier Mendoza.<\/p>\n\n\n\n<p>La Federaci\u00f3n de B\u00e1squet de Entre R\u00edos agradece a Carlos Saggio y El\u00edas Raboy por su dedicaci\u00f3n y brillante disertaci\u00f3n durante la cl\u00ednica, y a los miembros de la CTA que hicieron posible la misma en cuestiones organizativas, de ordenamiento y log\u00edstica para cumplir con cada actividad de manera perfecta. Del mismo modo, hace extensivo el agradecimiento a la Secretar\u00eda de Deportes del Gobierno de Entre R\u00edos.<\/p>\n\n\n\n<figure class=\"wp-block-image\"><img decoding=\"async\" src=\"https:\/\/basquetentrerios.com\/wp-content\/uploads\/2025\/02\/WhatsApp-Image-2025-02-02-at-9.41.27-AM.jpeg\" alt=\"\" class=\"wp-image-10312\"\/><\/figure>\n\n\n\n<blockquote class=\"wp-block-quote is-layout-flow wp-block-quote-is-layout-flow\">\n<p>www.basquetentrerios.com<\/p>\n<\/blockquote>\n","protected":false},"excerpt":{"rendered":"<p>Durante el fin de semana, en la ciudad de Villaguay, se desarroll\u00f3 en forma presencial&#8230;<\/p>\n","protected":false},"author":2,"featured_media":3028,"comment_status":"open","ping_status":"open","sticky":false,"template":"","format":"standard","meta":{"footnotes":""},"categories":[9],"tags":[],"class_list":["post-3027","post","type-post","status-publish","format-standard","has-post-thumbnail","hentry","category-basquet"],"featured_image_urls":{"full":["https:\/\/deportodos.com.ar\/2023\/wp-content\/uploads\/2025\/02\/IMG-20250205-WA0074.jpg",983,639,false],"thumbnail":["https:\/\/deportodos.com.ar\/2023\/wp-content\/uploads\/2025\/02\/IMG-20250205-WA0074-150x150.jpg",150,150,true],"medium":["https:\/\/deportodos.com.ar\/2023\/wp-content\/uploads\/2025\/02\/IMG-20250205-WA0074-300x195.jpg",300,195,true],"medium_large":["https:\/\/deportodos.com.ar\/2023\/wp-content\/uploads\/2025\/02\/IMG-20250205-WA0074-768x499.jpg",640,416,true],"large":["https:\/\/deportodos.com.ar\/2023\/wp-content\/uploads\/2025\/02\/IMG-20250205-WA0074.jpg",640,416,false],"1536x1536":["https:\/\/deportodos.com.ar\/2023\/wp-content\/uploads\/2025\/02\/IMG-20250205-WA0074.jpg",983,639,false],"2048x2048":["https:\/\/deportodos.com.ar\/2023\/wp-content\/uploads\/2025\/02\/IMG-20250205-WA0074.jpg",983,639,false],"covernews-featured":["https:\/\/deportodos.com.ar\/2023\/wp-content\/uploads\/2025\/02\/IMG-20250205-WA0074.jpg",983,639,false],"covernews-medium":["https:\/\/deportodos.com.ar\/2023\/wp-content\/uploads\/2025\/02\/IMG-20250205-WA0074-540x340.jpg",540,340,true]},"author_info":{"display_name":"c2530142","author_link":"https:\/\/deportodos.com.ar\/2023\/author\/c2530142\/"},"category_info":"<a href=\"https:\/\/deportodos.com.ar\/2023\/category\/basquet\/\" rel=\"category tag\">Basquet<\/a>","tag_info":"Basquet","comment_count":"0","_links":{"self":[{"href":"https:\/\/deportodos.com.ar\/2023\/wp-json\/wp\/v2\/posts\/3027","targetHints":{"allow":["GET"]}}],"collection":[{"href":"https:\/\/deportodos.com.ar\/2023\/wp-json\/wp\/v2\/posts"}],"about":[{"href":"https:\/\/deportodos.com.ar\/2023\/wp-json\/wp\/v2\/types\/post"}],"author":[{"embeddable":true,"href":"https:\/\/deportodos.com.ar\/2023\/wp-json\/wp\/v2\/users\/2"}],"replies":[{"embeddable":true,"href":"https:\/\/deportodos.com.ar\/2023\/wp-json\/wp\/v2\/comments?post=3027"}],"version-history":[{"count":1,"href":"https:\/\/deportodos.com.ar\/2023\/wp-json\/wp\/v2\/posts\/3027\/revisions"}],"predecessor-version":[{"id":3029,"href":"https:\/\/deportodos.com.ar\/2023\/wp-json\/wp\/v2\/posts\/3027\/revisions\/3029"}],"wp:featuredmedia":[{"embeddable":true,"href":"https:\/\/deportodos.com.ar\/2023\/wp-json\/wp\/v2\/media\/3028"}],"wp:attachment":[{"href":"https:\/\/deportodos.com.ar\/2023\/wp-json\/wp\/v2\/media?parent=3027"}],"wp:term":[{"taxonomy":"category","embeddable":true,"href":"https:\/\/deportodos.com.ar\/2023\/wp-json\/wp\/v2\/categories?post=3027"},{"taxonomy":"post_tag","embeddable":true,"href":"https:\/\/deportodos.com.ar\/2023\/wp-json\/wp\/v2\/tags?post=3027"}],"curies":[{"name":"wp","href":"https:\/\/api.w.org\/{rel}","templated":true}]}}