{"id":3048,"date":"2025-02-16T23:14:17","date_gmt":"2025-02-16T23:14:17","guid":{"rendered":"https:\/\/deportodos.com.ar\/2023\/?p=3048"},"modified":"2025-02-26T23:18:51","modified_gmt":"2025-02-26T23:18:51","slug":"greta-rodriguez-y-cleber-garcia-silva-ganaron-la-2-etapa-del-circuito-sesc-en-uruguaiana","status":"publish","type":"post","link":"https:\/\/deportodos.com.ar\/2023\/greta-rodriguez-y-cleber-garcia-silva-ganaron-la-2-etapa-del-circuito-sesc-en-uruguaiana\/","title":{"rendered":"GRETA RODRIGUEZ Y CLEBER GARC\u00cdA SILVA GANARON LA 2\u00b0 ETAPA DEL CIRCUITO SESC EN URUGUAIANA"},"content":{"rendered":"\n<p>Este pasado domingo muy temprano en la ciudad brasile\u00f1a de Uruguaina se disput\u00f3 la 2\u00b0 etapa del torneo estadual Sesc que se desarrolla en 18 estados de Brasil, cada ganador de la general y categor\u00eda obtiene la clasificaci\u00f3n para la final que en esta ocasi\u00f3n ser\u00e1 en Passo Fundo.<\/p>\n\n\n\n<figure class=\"wp-block-image\"><a href=\"https:\/\/blogger.googleusercontent.com\/img\/b\/R29vZ2xl\/AVvXsEhjs-7GdHlSkT5vVEDCo5j1_4eZms38Z5wNNDh7CHsENoWHGv699LBfnG022gO3WiF2o5wbby7FRL4fJhXGsCZP1iCczT3U2GXYIJpmTN4cZSNgqxQH7PDOlnZsxs84hrbSa0WcslAF7cnOgYcubrLsNLNO2WmPE8M4o-FoxbAt-_DddOmUfU4g9Whrx_8\/s1024\/IMG_8465%20(Copiar).JPG\"><img decoding=\"async\" src=\"https:\/\/blogger.googleusercontent.com\/img\/b\/R29vZ2xl\/AVvXsEhjs-7GdHlSkT5vVEDCo5j1_4eZms38Z5wNNDh7CHsENoWHGv699LBfnG022gO3WiF2o5wbby7FRL4fJhXGsCZP1iCczT3U2GXYIJpmTN4cZSNgqxQH7PDOlnZsxs84hrbSa0WcslAF7cnOgYcubrLsNLNO2WmPE8M4o-FoxbAt-_DddOmUfU4g9Whrx_8\/w400-h266\/IMG_8465%20(Copiar).JPG\" alt=\"\"\/><\/a><\/figure>\n\n\n\n<p>Ayer en hora de la ma\u00f1ana 7.30 se larg\u00f3 la 2\u00b0 etapa de esta muy linda prueba atl\u00e9tica que cuenta con una excelente organizaci\u00f3n y un despliegue log\u00edstico impecable tanto de largada, en el circuito y la llegada todo muy limpio y muy buena hidrataci\u00f3n.<\/p>\n\n\n\n<figure class=\"wp-block-image\"><a href=\"https:\/\/blogger.googleusercontent.com\/img\/b\/R29vZ2xl\/AVvXsEjbPvhKGOb0WlBBGSnowfnmyVEV8N1m-QLeQ_N2pgCyF7JTI48Fht9EePt7CR0tOwF-aH1p-FAtBTRQf5SUD_K1VifsywaBLoV6VenGqlOWwkmdSIsZF4G7BXDQOdlxmRB0oLwvUYanV4dLVhcG0mWjAa2FLf7nr39ju0I2P4IdRV0o9TLJj-yM0G9xHy4\/s1024\/DSC_2489%20(Copiar).JPG\"><img decoding=\"async\" src=\"https:\/\/blogger.googleusercontent.com\/img\/b\/R29vZ2xl\/AVvXsEjbPvhKGOb0WlBBGSnowfnmyVEV8N1m-QLeQ_N2pgCyF7JTI48Fht9EePt7CR0tOwF-aH1p-FAtBTRQf5SUD_K1VifsywaBLoV6VenGqlOWwkmdSIsZF4G7BXDQOdlxmRB0oLwvUYanV4dLVhcG0mWjAa2FLf7nr39ju0I2P4IdRV0o9TLJj-yM0G9xHy4\/w400-h268\/DSC_2489%20(Copiar).JPG\" alt=\"\"\/><\/a><\/figure>\n\n\n\n<p>La carrera se disputo en tres 3 distancia de mayores 3k ,5k y 10km y en 1km para ni\u00f1os menores 12 a\u00f1os, la carrera conto con unos 300 participante de varios estados Brasile\u00f1os , Uruguay&nbsp; y de Argentina&nbsp; y la largada fue frente el Parque Don Pedro II (Parc\u00e3o) est\u00e1 ubicado en la Avenida Presidente Vargas, 1553, a las 7.30 en punto de la ma\u00f1ana con una temperatura que rodaba los 35\u00b0 grados se realiz\u00f3 la largada de todas las distancias de Mayores.<\/p>\n\n\n\n<figure class=\"wp-block-image\"><a href=\"https:\/\/blogger.googleusercontent.com\/img\/b\/R29vZ2xl\/AVvXsEiK0BeUXx0XAfVeJw9Xt1rNYiKH-VRAvmeufIPkmYVZrbL8SFy3ZidH1zaiIcRq4w3dYNuT836uaI71EoRBneON6BMAzCqCG3bfplAcIzmj6TRgJQAnV-0WMrNh53tQblCN4QPbSAlCAY7qLvyP3tLt6LikwWWSn_RCTZ91csTGqkPiHqizvbfW1zU09OI\/s1024\/DSC_2544%20(Copiar).JPG\"><img decoding=\"async\" src=\"https:\/\/blogger.googleusercontent.com\/img\/b\/R29vZ2xl\/AVvXsEiK0BeUXx0XAfVeJw9Xt1rNYiKH-VRAvmeufIPkmYVZrbL8SFy3ZidH1zaiIcRq4w3dYNuT836uaI71EoRBneON6BMAzCqCG3bfplAcIzmj6TRgJQAnV-0WMrNh53tQblCN4QPbSAlCAY7qLvyP3tLt6LikwWWSn_RCTZ91csTGqkPiHqizvbfW1zU09OI\/w400-h268\/DSC_2544%20(Copiar).JPG\" alt=\"\"\/><\/a><\/figure>\n\n\n\n<p>En la distancia m\u00e1s larga 10km los primeros atletas en llegar fueron en caballeros Cleber Fernando Garc\u00eda Silva de Uruguaina Brasil y en las damas la argentina Greta Victoria Rodr\u00edguez del team deportes villa Adela fue quien se qued\u00f3 con el triunfo y completo un triplete ya que gano las tres carreras que disputo de 10km en esta ciudad en los \u00faltimos a\u00f1os. &nbsp;<\/p>\n\n\n\n<figure class=\"wp-block-image\"><a href=\"https:\/\/blogger.googleusercontent.com\/img\/b\/R29vZ2xl\/AVvXsEgJ9gP7AYNu8_K1MRzAe7H4H5BBRJLUayaXNcNVxrmg34viIbXbBXt-3DfQH0RA_a7Xz3dFsLmg1HKTceLywMgmRIfweAO7lb3BIOauTtG3xWPhSlKg0Rbw5b7sl_93hJt-ZOXtw3TYp849uqFsUmOk-_oLAf5bdH8fUzMpraDkfLFR-WzbKxG1Hdvn7O8\/s1024\/DSC_2600%20(Copiar).JPG\"><img decoding=\"async\" src=\"https:\/\/blogger.googleusercontent.com\/img\/b\/R29vZ2xl\/AVvXsEgJ9gP7AYNu8_K1MRzAe7H4H5BBRJLUayaXNcNVxrmg34viIbXbBXt-3DfQH0RA_a7Xz3dFsLmg1HKTceLywMgmRIfweAO7lb3BIOauTtG3xWPhSlKg0Rbw5b7sl_93hJt-ZOXtw3TYp849uqFsUmOk-_oLAf5bdH8fUzMpraDkfLFR-WzbKxG1Hdvn7O8\/w400-h268\/DSC_2600%20(Copiar).JPG\" alt=\"\"\/><\/a><\/figure>\n\n\n\n<p>En la distancia de los 5km los ganadores fueron caballeros Lucas Romeiro de Uruguaina Brasil y en damas Silvane Da Rosa Tieppo tambi\u00e9n de Uruguaina.<\/p>\n\n\n\n<figure class=\"wp-block-image\"><a href=\"https:\/\/blogger.googleusercontent.com\/img\/b\/R29vZ2xl\/AVvXsEjd7-NP75Nbg7RcakUEIXgMW5gW1mgL9UVyKV6N1DBdDUxDE0zp62S3bG0-wdhDV_GM0qgUOSZOXkHiizCkKTCYxGSoorKRdXvxS3IxfGyE2BP7a3gEZQLGk3RdK97fF2eRlGXj3pFcfhkXQc68tFox75hySAkKScU_MVdU75G30pGmVPQxVZXnEMJjHKE\/s1024\/DSC_2606%20(Copiar).JPG\"><img decoding=\"async\" src=\"https:\/\/blogger.googleusercontent.com\/img\/b\/R29vZ2xl\/AVvXsEjd7-NP75Nbg7RcakUEIXgMW5gW1mgL9UVyKV6N1DBdDUxDE0zp62S3bG0-wdhDV_GM0qgUOSZOXkHiizCkKTCYxGSoorKRdXvxS3IxfGyE2BP7a3gEZQLGk3RdK97fF2eRlGXj3pFcfhkXQc68tFox75hySAkKScU_MVdU75G30pGmVPQxVZXnEMJjHKE\/w400-h268\/DSC_2606%20(Copiar).JPG\" alt=\"\"\/><\/a><\/figure>\n\n\n\n<p>En la distancia de los 3km en caballeros fue Carlos Henrique Gon\u00e7alves Lima de Brasil y en damas Olivia Saldanha Faria de Porto Alegre Brasil fue quien se qued\u00f3 con el triunfo.<\/p>\n\n\n\n<figure class=\"wp-block-image\"><a href=\"https:\/\/blogger.googleusercontent.com\/img\/b\/R29vZ2xl\/AVvXsEhj8EWURqIEEQF7MyPwQZXTRpj-sTWE9PUDSP0TQS3NVgyvIfoLe5HcrIkHDt7eCcCyyUPNhfZbtnTMJnDqZ8_QiigVXnVgSipboi-Rrep7qJJoHPyd-9iZ9PMiK9p0dUrKFzU8naGSp1ra2eNeNFQrWLkNcbAj5ItDoSyoLVvigaPnc2OunuAa4U70VhM\/s1024\/DSC_2609%20(Copiar).JPG\"><img decoding=\"async\" src=\"https:\/\/blogger.googleusercontent.com\/img\/b\/R29vZ2xl\/AVvXsEhj8EWURqIEEQF7MyPwQZXTRpj-sTWE9PUDSP0TQS3NVgyvIfoLe5HcrIkHDt7eCcCyyUPNhfZbtnTMJnDqZ8_QiigVXnVgSipboi-Rrep7qJJoHPyd-9iZ9PMiK9p0dUrKFzU8naGSp1ra2eNeNFQrWLkNcbAj5ItDoSyoLVvigaPnc2OunuAa4U70VhM\/w400-h266\/DSC_2609%20(Copiar).JPG\" alt=\"\"\/><\/a><\/figure>\n\n\n\n<p>Tambi\u00e9n tuvieron muy buena y destacadas perfomance las atletas que representa al team deportes Villa Adela Kassandra Magnus quien fue 3\u00b0 en la general en los 3km, tambi\u00e9n Mar\u00eda Julia 2\u00b0 en general de 1km, en categor\u00eda 5\u00b0 Falcao Freitas de Brasil, otros argentino Lorena Alvez 2\u00b0 puesto en la general de 3km, Roxana Duette 5\u00b0 general 10km tambi\u00e9n estuvieron en los podios de la categor\u00eda 1\u00b0 lugar Siomara Moreira Duette, 1\u00b0 Jos\u00e9 Cala Alegre y 4\u00b0 Juan Alegre.<\/p>\n\n\n\n<p><strong>General&nbsp; 10km<\/strong><\/p>\n\n\n\n<p><strong>Damas&nbsp;<\/strong><\/p>\n\n\n\n<p><strong>1\u00b0 GRETA VICTORIA RODRIGUEZ \u2013 ARGENTINA. 00:42:23<\/strong><\/p>\n\n\n\n<p><strong>2\u00b0 C\u00c1TIA DUTRA BRASIL -00:51:46<\/strong><\/p>\n\n\n\n<p><strong>3\u00b0 LAURIENE COUTO RODRIGUES \u2013 BRASIL 00:52:07<\/strong><\/p>\n\n\n\n<p><strong>4 1260 ROSANGELA RAMOS FAGUNDES \u2013 BRASIL &#8211; 00:57:21<\/strong><\/p>\n\n\n\n<p><strong>5 1259 ROSANA DUETTE \u2013 BRASIL &#8211; 00:58:44<\/strong><\/p>\n\n\n\n<p><strong>General caballeros<\/strong><\/p>\n\n\n\n<p><strong>1\u00b0 CLEBER FERNANDO GARCIA \u2013 BRASIL- 00:35:03<\/strong><\/p>\n\n\n\n<p><strong>2\u00b0 FABIANO LIMA PINTO. BRASIL -00:37:31<\/strong><\/p>\n\n\n\n<p><strong>3\u00b0 EDUARDO PASTORIO \u2013 BRASIL-00:38:16<\/strong><\/p>\n\n\n\n<p><strong>4\u00b0 JORGE ADRIANO FERREIRA \u2013BRASIL- 00:38:59<\/strong><\/p>\n\n\n\n<p><strong>5\u00b0 FERNANDO CAMARGO DO PRADO BRASIL 00:39:28<\/strong><\/p>\n\n\n\n<blockquote class=\"wp-block-quote is-layout-flow wp-block-quote-is-layout-flow\">\n<p>www.deportesvillaadela.blogspot.com<\/p>\n<\/blockquote>\n","protected":false},"excerpt":{"rendered":"<p>Este pasado domingo muy temprano en la ciudad brasile\u00f1a de Uruguaina se disput\u00f3 la 2\u00b0&#8230;<\/p>\n","protected":false},"author":2,"featured_media":3049,"comment_status":"open","ping_status":"open","sticky":false,"template":"","format":"standard","meta":{"footnotes":""},"categories":[5],"tags":[],"class_list":["post-3048","post","type-post","status-publish","format-standard","has-post-thumbnail","hentry","category-atletismo"],"featured_image_urls":{"full":["https:\/\/deportodos.com.ar\/2023\/wp-content\/uploads\/2025\/02\/IMG-20250210-WA0045.jpg",789,537,false],"thumbnail":["https:\/\/deportodos.com.ar\/2023\/wp-content\/uploads\/2025\/02\/IMG-20250210-WA0045-150x150.jpg",150,150,true],"medium":["https:\/\/deportodos.com.ar\/2023\/wp-content\/uploads\/2025\/02\/IMG-20250210-WA0045-300x204.jpg",300,204,true],"medium_large":["https:\/\/deportodos.com.ar\/2023\/wp-content\/uploads\/2025\/02\/IMG-20250210-WA0045-768x523.jpg",640,436,true],"large":["https:\/\/deportodos.com.ar\/2023\/wp-content\/uploads\/2025\/02\/IMG-20250210-WA0045.jpg",640,436,false],"1536x1536":["https:\/\/deportodos.com.ar\/2023\/wp-content\/uploads\/2025\/02\/IMG-20250210-WA0045.jpg",789,537,false],"2048x2048":["https:\/\/deportodos.com.ar\/2023\/wp-content\/uploads\/2025\/02\/IMG-20250210-WA0045.jpg",789,537,false],"covernews-featured":["https:\/\/deportodos.com.ar\/2023\/wp-content\/uploads\/2025\/02\/IMG-20250210-WA0045.jpg",789,537,false],"covernews-medium":["https:\/\/deportodos.com.ar\/2023\/wp-content\/uploads\/2025\/02\/IMG-20250210-WA0045-540x340.jpg",540,340,true]},"author_info":{"display_name":"c2530142","author_link":"https:\/\/deportodos.com.ar\/2023\/author\/c2530142\/"},"category_info":"<a href=\"https:\/\/deportodos.com.ar\/2023\/category\/atletismo\/\" rel=\"category tag\">Atletismo<\/a>","tag_info":"Atletismo","comment_count":"0","_links":{"self":[{"href":"https:\/\/deportodos.com.ar\/2023\/wp-json\/wp\/v2\/posts\/3048","targetHints":{"allow":["GET"]}}],"collection":[{"href":"https:\/\/deportodos.com.ar\/2023\/wp-json\/wp\/v2\/posts"}],"about":[{"href":"https:\/\/deportodos.com.ar\/2023\/wp-json\/wp\/v2\/types\/post"}],"author":[{"embeddable":true,"href":"https:\/\/deportodos.com.ar\/2023\/wp-json\/wp\/v2\/users\/2"}],"replies":[{"embeddable":true,"href":"https:\/\/deportodos.com.ar\/2023\/wp-json\/wp\/v2\/comments?post=3048"}],"version-history":[{"count":1,"href":"https:\/\/deportodos.com.ar\/2023\/wp-json\/wp\/v2\/posts\/3048\/revisions"}],"predecessor-version":[{"id":3050,"href":"https:\/\/deportodos.com.ar\/2023\/wp-json\/wp\/v2\/posts\/3048\/revisions\/3050"}],"wp:featuredmedia":[{"embeddable":true,"href":"https:\/\/deportodos.com.ar\/2023\/wp-json\/wp\/v2\/media\/3049"}],"wp:attachment":[{"href":"https:\/\/deportodos.com.ar\/2023\/wp-json\/wp\/v2\/media?parent=3048"}],"wp:term":[{"taxonomy":"category","embeddable":true,"href":"https:\/\/deportodos.com.ar\/2023\/wp-json\/wp\/v2\/categories?post=3048"},{"taxonomy":"post_tag","embeddable":true,"href":"https:\/\/deportodos.com.ar\/2023\/wp-json\/wp\/v2\/tags?post=3048"}],"curies":[{"name":"wp","href":"https:\/\/api.w.org\/{rel}","templated":true}]}}