{"id":3057,"date":"2025-02-12T23:13:39","date_gmt":"2025-02-12T23:13:39","guid":{"rendered":"https:\/\/deportodos.com.ar\/2023\/?p=3057"},"modified":"2025-02-26T23:21:42","modified_gmt":"2025-02-26T23:21:42","slug":"los-inscriptos-records-del-turismo-carretera-con-regresos-y-nuevos-autos","status":"publish","type":"post","link":"https:\/\/deportodos.com.ar\/2023\/los-inscriptos-records-del-turismo-carretera-con-regresos-y-nuevos-autos\/","title":{"rendered":"LOS INSCRIPTOS R\u00c9CORDS DEL TURISMO CARRETERA CON REGRESOS Y NUEVOS AUTOS"},"content":{"rendered":"\n<p>El Turismo Carretera disputar\u00e1 su primera fecha en lo que ser\u00e1 la temporada 2025, un a\u00f1o que promete ser competitiva por las m\u00e1quinas de nueva generaci\u00f3n pero por los equipos que se sumaron con pilotos de envergadura y apuestas.<\/p>\n\n\n\n<p>La competencia tuvo en 2024 un donde Juli\u00e1n Santero logr\u00f3 la consagratoria actuaci\u00f3n y se llev\u00f3 un t\u00edtulo pelead\u00edsimo con MAriano Werner.<\/p>\n\n\n\n<p>EL GRAN REGRESO<\/p>\n\n\n\n<p>El Turismo Carretera tendr\u00e1 una vuelta muy esperada y es la de Mat\u00edas Rossi.<\/p>\n\n\n\n<p>El \u00abMisil\u00bb, oriundo de Del Viso, se subir\u00e1 a un Toyota GN con un Camry del Pradecon Racing.<\/p>\n\n\n\n<p>Ser\u00e1 el retorno del Campe\u00f3n 2014 de TC, con una Chevy, y ahora inmerso en el proyecto del Toyota Gazoo Racing que le permitir\u00e1 tambi\u00e9n estar en el TC 2000.<\/p>\n\n\n\n<p>Otro de los que tendr\u00e1 un retorno ser\u00e1 Jos\u00e9 Luis \u201cJosito\u201d Di Palma. El de Arrecifes -con Chevrolet- manejar\u00e1 un Camaro del RUS MED TEAM.<\/p>\n\n\n\n<p>En la temporada 2025 habr\u00e1n tambi\u00e9n nueve debutantes ascendidos por la ACTC.<\/p>\n\n\n\n<p>Viedma ser\u00e1 la primera fecha para una temporada que comenzar\u00e1 con la cl\u00e1sica Etapa Regular y luego ir\u00e1 en busca de la Copa de Oro donde coronar\u00e1 al campe\u00f3n.<\/p>\n\n\n\n<blockquote class=\"wp-block-quote is-layout-flow wp-block-quote-is-layout-flow\">\n<p>www.deportv.gob.ar<\/p>\n<\/blockquote>\n","protected":false},"excerpt":{"rendered":"<p>El Turismo Carretera disputar\u00e1 su primera fecha en lo que ser\u00e1 la temporada 2025, un&#8230;<\/p>\n","protected":false},"author":2,"featured_media":3058,"comment_status":"open","ping_status":"open","sticky":false,"template":"","format":"standard","meta":{"footnotes":""},"categories":[6],"tags":[],"class_list":["post-3057","post","type-post","status-publish","format-standard","has-post-thumbnail","hentry","category-automovilismo"],"featured_image_urls":{"full":["https:\/\/deportodos.com.ar\/2023\/wp-content\/uploads\/2025\/02\/descarga.jpeg",299,168,false],"thumbnail":["https:\/\/deportodos.com.ar\/2023\/wp-content\/uploads\/2025\/02\/descarga-150x150.jpeg",150,150,true],"medium":["https:\/\/deportodos.com.ar\/2023\/wp-content\/uploads\/2025\/02\/descarga.jpeg",299,168,false],"medium_large":["https:\/\/deportodos.com.ar\/2023\/wp-content\/uploads\/2025\/02\/descarga.jpeg",299,168,false],"large":["https:\/\/deportodos.com.ar\/2023\/wp-content\/uploads\/2025\/02\/descarga.jpeg",299,168,false],"1536x1536":["https:\/\/deportodos.com.ar\/2023\/wp-content\/uploads\/2025\/02\/descarga.jpeg",299,168,false],"2048x2048":["https:\/\/deportodos.com.ar\/2023\/wp-content\/uploads\/2025\/02\/descarga.jpeg",299,168,false],"covernews-featured":["https:\/\/deportodos.com.ar\/2023\/wp-content\/uploads\/2025\/02\/descarga.jpeg",299,168,false],"covernews-medium":["https:\/\/deportodos.com.ar\/2023\/wp-content\/uploads\/2025\/02\/descarga.jpeg",299,168,false]},"author_info":{"display_name":"c2530142","author_link":"https:\/\/deportodos.com.ar\/2023\/author\/c2530142\/"},"category_info":"<a href=\"https:\/\/deportodos.com.ar\/2023\/category\/automovilismo\/\" rel=\"category tag\">Automovilismo<\/a>","tag_info":"Automovilismo","comment_count":"0","_links":{"self":[{"href":"https:\/\/deportodos.com.ar\/2023\/wp-json\/wp\/v2\/posts\/3057","targetHints":{"allow":["GET"]}}],"collection":[{"href":"https:\/\/deportodos.com.ar\/2023\/wp-json\/wp\/v2\/posts"}],"about":[{"href":"https:\/\/deportodos.com.ar\/2023\/wp-json\/wp\/v2\/types\/post"}],"author":[{"embeddable":true,"href":"https:\/\/deportodos.com.ar\/2023\/wp-json\/wp\/v2\/users\/2"}],"replies":[{"embeddable":true,"href":"https:\/\/deportodos.com.ar\/2023\/wp-json\/wp\/v2\/comments?post=3057"}],"version-history":[{"count":1,"href":"https:\/\/deportodos.com.ar\/2023\/wp-json\/wp\/v2\/posts\/3057\/revisions"}],"predecessor-version":[{"id":3059,"href":"https:\/\/deportodos.com.ar\/2023\/wp-json\/wp\/v2\/posts\/3057\/revisions\/3059"}],"wp:featuredmedia":[{"embeddable":true,"href":"https:\/\/deportodos.com.ar\/2023\/wp-json\/wp\/v2\/media\/3058"}],"wp:attachment":[{"href":"https:\/\/deportodos.com.ar\/2023\/wp-json\/wp\/v2\/media?parent=3057"}],"wp:term":[{"taxonomy":"category","embeddable":true,"href":"https:\/\/deportodos.com.ar\/2023\/wp-json\/wp\/v2\/categories?post=3057"},{"taxonomy":"post_tag","embeddable":true,"href":"https:\/\/deportodos.com.ar\/2023\/wp-json\/wp\/v2\/tags?post=3057"}],"curies":[{"name":"wp","href":"https:\/\/api.w.org\/{rel}","templated":true}]}}