{"id":3060,"date":"2025-02-12T23:13:39","date_gmt":"2025-02-12T23:13:39","guid":{"rendered":"https:\/\/deportodos.com.ar\/2023\/?p=3060"},"modified":"2025-02-26T23:20:23","modified_gmt":"2025-02-26T23:20:23","slug":"buscando-lugar-en-semis","status":"publish","type":"post","link":"https:\/\/deportodos.com.ar\/2023\/buscando-lugar-en-semis\/","title":{"rendered":"BUSCANDO LUGAR EN SEMIS"},"content":{"rendered":"\n<p>La jornada del domingo ser\u00e1 un d\u00eda de definiciones en una nueva instancia de la Copa Entre R\u00edos masculina que organiza la Federaci\u00f3n Entrerriana de F\u00fatbol.<\/p>\n\n\n\n<p>En diferentes escenarios de nuestra provincia, se disputar\u00e1n los encuentros revanchas en cada una de las series de cuartos de final.<\/p>\n\n\n\n<p>De esta manera, y tras la disputa de los mismos, quedar\u00e1n determinados aquellos equipos que ser\u00e1n parte de la cuarta y pen\u00faltima fase de la competencia.<\/p>\n\n\n\n<p>A priori, dos de las llaves del cuadro aparecen con un equipo favorito, de acuerdo a la ventaja obtenida en la ida.<\/p>\n\n\n\n<p>As\u00ed, Colegiales de Concordia visitar\u00e1 a Independiente de Villa del Rosario con un 4 a 0 en su favor, en tanto que Deportivo Urdinarrain recibir\u00e1 a Juventud, en el cl\u00e1sico de la ciudad, con la tranquilidad del 3 a 0 de la ida.<\/p>\n\n\n\n<p>El otro equipo ganador el fin de semana pasado fue Defensores de Col\u00f3n, aunque en este caso por la m\u00ednima diferencia. Los de la Capital de la Artesan\u00eda viajar\u00e1n a Mar\u00eda Grande para visitar a Atl\u00e9tico buscando sostener el 1 a 0 parcial.<\/p>\n\n\n\n<p>Por \u00faltimo, en Concepci\u00f3n del Uruguay Lan\u00fas recibir\u00e1 a Juventud Unida de Gualeguaych\u00fa, en una serie \u201ccerrada\u201d cuyo primer cap\u00edtulo finaliz\u00f3 1 a 1.<\/p>\n\n\n\n<p>En s\u00edntesis, los encuentros revanchas se disputar\u00e1n de la siguiente manera:<\/p>\n\n\n\n<p><strong>Deportivo Urdinarrain (3) \u2013 Juventud Urdinarrain (0)<\/strong><\/p>\n\n\n\n<p>Domingo 16\/2 \u2013 20.30 hs. Cancha de Deportivo Urdinarrain<\/p>\n\n\n\n<p><strong>Independiente (VdR) (0) \u2013 Colegiales (Concordia) (4)<\/strong><\/p>\n\n\n\n<p>Domingo 16\/2 \u2013 20 hs. Cancha de Independiente<\/p>\n\n\n\n<p><strong>Atl\u00e9tico Mar\u00eda Grande (0) \u2013 Defensores de Col\u00f3n (1)<\/strong><\/p>\n\n\n\n<p>Domingo 16\/2 \u2013 20 hs. Cancha de Atl\u00e9tico Mar\u00eda Grande<\/p>\n\n\n\n<p><strong>Lan\u00fas (CdU) (1) \u2013 Juventud Unida (Gualeguaych\u00fa) (1)<\/strong><\/p>\n\n\n\n<p>Domingo 16\/2 \u2013 20 hs. Cancha de Rivadavia<\/p>\n\n\n\n<p><em>*Entre par\u00e9ntesis figuran los resultados registrados en los encuentros de ida.<\/em><\/p>\n\n\n\n<p>Fotograf\u00eda: Leonardo Delgado \u2013 Super Mitre Deportivo Col\u00f3n<\/p>\n\n\n\n<blockquote class=\"wp-block-quote is-layout-flow wp-block-quote-is-layout-flow\">\n<p>www.federacionentrerrianadefutbol.org.ar<\/p>\n<\/blockquote>\n","protected":false},"excerpt":{"rendered":"<p>La jornada del domingo ser\u00e1 un d\u00eda de definiciones en una nueva instancia de la&#8230;<\/p>\n","protected":false},"author":2,"featured_media":3061,"comment_status":"open","ping_status":"open","sticky":false,"template":"","format":"standard","meta":{"footnotes":""},"categories":[36],"tags":[],"class_list":["post-3060","post","type-post","status-publish","format-standard","has-post-thumbnail","hentry","category-futbol"],"featured_image_urls":{"full":["https:\/\/deportodos.com.ar\/2023\/wp-content\/uploads\/2025\/02\/FEF-8.png",600,380,false],"thumbnail":["https:\/\/deportodos.com.ar\/2023\/wp-content\/uploads\/2025\/02\/FEF-8-150x150.png",150,150,true],"medium":["https:\/\/deportodos.com.ar\/2023\/wp-content\/uploads\/2025\/02\/FEF-8-300x190.png",300,190,true],"medium_large":["https:\/\/deportodos.com.ar\/2023\/wp-content\/uploads\/2025\/02\/FEF-8.png",600,380,false],"large":["https:\/\/deportodos.com.ar\/2023\/wp-content\/uploads\/2025\/02\/FEF-8.png",600,380,false],"1536x1536":["https:\/\/deportodos.com.ar\/2023\/wp-content\/uploads\/2025\/02\/FEF-8.png",600,380,false],"2048x2048":["https:\/\/deportodos.com.ar\/2023\/wp-content\/uploads\/2025\/02\/FEF-8.png",600,380,false],"covernews-featured":["https:\/\/deportodos.com.ar\/2023\/wp-content\/uploads\/2025\/02\/FEF-8.png",600,380,false],"covernews-medium":["https:\/\/deportodos.com.ar\/2023\/wp-content\/uploads\/2025\/02\/FEF-8-540x340.png",540,340,true]},"author_info":{"display_name":"c2530142","author_link":"https:\/\/deportodos.com.ar\/2023\/author\/c2530142\/"},"category_info":"<a href=\"https:\/\/deportodos.com.ar\/2023\/category\/futbol\/\" rel=\"category tag\">Futbol<\/a>","tag_info":"Futbol","comment_count":"0","_links":{"self":[{"href":"https:\/\/deportodos.com.ar\/2023\/wp-json\/wp\/v2\/posts\/3060","targetHints":{"allow":["GET"]}}],"collection":[{"href":"https:\/\/deportodos.com.ar\/2023\/wp-json\/wp\/v2\/posts"}],"about":[{"href":"https:\/\/deportodos.com.ar\/2023\/wp-json\/wp\/v2\/types\/post"}],"author":[{"embeddable":true,"href":"https:\/\/deportodos.com.ar\/2023\/wp-json\/wp\/v2\/users\/2"}],"replies":[{"embeddable":true,"href":"https:\/\/deportodos.com.ar\/2023\/wp-json\/wp\/v2\/comments?post=3060"}],"version-history":[{"count":1,"href":"https:\/\/deportodos.com.ar\/2023\/wp-json\/wp\/v2\/posts\/3060\/revisions"}],"predecessor-version":[{"id":3062,"href":"https:\/\/deportodos.com.ar\/2023\/wp-json\/wp\/v2\/posts\/3060\/revisions\/3062"}],"wp:featuredmedia":[{"embeddable":true,"href":"https:\/\/deportodos.com.ar\/2023\/wp-json\/wp\/v2\/media\/3061"}],"wp:attachment":[{"href":"https:\/\/deportodos.com.ar\/2023\/wp-json\/wp\/v2\/media?parent=3060"}],"wp:term":[{"taxonomy":"category","embeddable":true,"href":"https:\/\/deportodos.com.ar\/2023\/wp-json\/wp\/v2\/categories?post=3060"},{"taxonomy":"post_tag","embeddable":true,"href":"https:\/\/deportodos.com.ar\/2023\/wp-json\/wp\/v2\/tags?post=3060"}],"curies":[{"name":"wp","href":"https:\/\/api.w.org\/{rel}","templated":true}]}}