{"id":3086,"date":"2025-02-12T23:13:36","date_gmt":"2025-02-12T23:13:36","guid":{"rendered":"https:\/\/deportodos.com.ar\/2023\/?p=3086"},"modified":"2025-02-26T23:21:57","modified_gmt":"2025-02-26T23:21:57","slug":"39-corrida-del-cachencho","status":"publish","type":"post","link":"https:\/\/deportodos.com.ar\/2023\/39-corrida-del-cachencho\/","title":{"rendered":"39\u00b0 CORRIDA DEL CACHENCHO"},"content":{"rendered":"\n<p>Este s\u00e1bado 15 de febrero de 2025 en la ciudad del norte entrerriano Federal se disputo una de la m\u00e1s tradicional prueba atl\u00e9ticas del litoral argentino, la 39\u00b0 edici\u00f3n del Marat\u00f3n del Cachencho en adhesi\u00f3n al festival nacional del ch\u00e1mame del norte entrerriano que cumpli\u00f3 bodas de oro 50 a\u00f1os en este 2025.<\/p>\n\n\n\n<figure class=\"wp-block-image\"><a href=\"https:\/\/blogger.googleusercontent.com\/img\/b\/R29vZ2xl\/AVvXsEiJD6I54PMU-Ji6Znu_dz6HF1uUwUk_s2_AJjHdfaIgbjYxqRCEp_JAI5_hAzZ6iaYznUzVa6Q0rvH5qxMo00GciHR0rZsEIyGPD_i9J6JQFtbCyHBT2WGBBbjD5Ygobf3yvIMZUi3yW46of8zhxHxNk7Buo2wqJZwPFjV7In99Nr83ZrRP9rTXo5hK_vU\/s1024\/DSC_2814%20(Copiar).JPG\"><img decoding=\"async\" src=\"https:\/\/blogger.googleusercontent.com\/img\/b\/R29vZ2xl\/AVvXsEiJD6I54PMU-Ji6Znu_dz6HF1uUwUk_s2_AJjHdfaIgbjYxqRCEp_JAI5_hAzZ6iaYznUzVa6Q0rvH5qxMo00GciHR0rZsEIyGPD_i9J6JQFtbCyHBT2WGBBbjD5Ygobf3yvIMZUi3yW46of8zhxHxNk7Buo2wqJZwPFjV7In99Nr83ZrRP9rTXo5hK_vU\/w400-h268\/DSC_2814%20(Copiar).JPG\" alt=\"\"\/><\/a><\/figure>\n\n\n\n<p>Esta muy linda prueba atl\u00e9tica que cada a\u00f1o convoca a los mejores atletas del litoral argentino organizada por la asociaci\u00f3n atl\u00e9tica federalense de atletismo, en esta ocasi\u00f3n con dos distancias competitivas de 5 y 10km y tuvo la largada y llegada frente al anfiteatro Juancho Garcilaso y tambi\u00e9n conto con una correr caminata de 3km y las pruebas infantiles no se pudieron realizar por la malas inclemencia del tiempo a la ma\u00f1ana fue postergado.<\/p>\n\n\n\n<figure class=\"wp-block-image\"><a href=\"https:\/\/blogger.googleusercontent.com\/img\/b\/R29vZ2xl\/AVvXsEjZ0DYGOoPcKxBLol7HYHiOm48_n5_NM8BOI3HLPx0jpXxK80qZhKUmhv-cdk_N-yzW4_79f4EMxetQwIVwtV1IjCUpcLaVsXmSS0ce_GKqar9ourEmklLCmnZw2sDsspca7MqveYsdZQEbbsAtOSC_TXssK-38gCaiCHGmi1Z_3NdYvW4CokrbYaLorz8\/s1024\/DSC_2828%20(Copiar).JPG\"><img decoding=\"async\" src=\"https:\/\/blogger.googleusercontent.com\/img\/b\/R29vZ2xl\/AVvXsEjZ0DYGOoPcKxBLol7HYHiOm48_n5_NM8BOI3HLPx0jpXxK80qZhKUmhv-cdk_N-yzW4_79f4EMxetQwIVwtV1IjCUpcLaVsXmSS0ce_GKqar9ourEmklLCmnZw2sDsspca7MqveYsdZQEbbsAtOSC_TXssK-38gCaiCHGmi1Z_3NdYvW4CokrbYaLorz8\/w400-h268\/DSC_2828%20(Copiar).JPG\" alt=\"\"\/><\/a><\/figure>\n\n\n\n<p>Ya temprano de la tarde fueron llegando atletas de varios puntos de la provincia y tambi\u00e9n de la Rca Oriental del Uruguay, Corrientes, Santa Fe y Buenos Aires donde rondaron m\u00e1s de 370 atletas entre las distancias principales 10 y 5 y los corre caminata de 3km una edici\u00f3n con m\u00e1s corredores en las \u00faltimas ediciones, el tiempo ayudo y fue una tarde noche ideal para hacer estos deportes al aire libre y callejero.<\/p>\n\n\n\n<figure class=\"wp-block-image\"><a href=\"https:\/\/blogger.googleusercontent.com\/img\/b\/R29vZ2xl\/AVvXsEgd7VqXYAOxfvnT3d7FayEqglxhaGR2HZKKPsDnPfrnv6N6IKvG3O_Ip3_8xaEiF87Jerf3uGbw0kZoxZqM8J1Wsi2D10sSCEe9zj1GUEm9yuo57GmlNfWfRn8hgIY9eCouory09e2wO3e15kTy3dj_XHlSQYyuGWWWdhnUvbbMrc-77M7hLPipxEGBjAg\/s1024\/DSC_2841%20(Copiar).JPG\"><img decoding=\"async\" src=\"https:\/\/blogger.googleusercontent.com\/img\/b\/R29vZ2xl\/AVvXsEgd7VqXYAOxfvnT3d7FayEqglxhaGR2HZKKPsDnPfrnv6N6IKvG3O_Ip3_8xaEiF87Jerf3uGbw0kZoxZqM8J1Wsi2D10sSCEe9zj1GUEm9yuo57GmlNfWfRn8hgIY9eCouory09e2wO3e15kTy3dj_XHlSQYyuGWWWdhnUvbbMrc-77M7hLPipxEGBjAg\/w400-h268\/DSC_2841%20(Copiar).JPG\" alt=\"\"\/><\/a><\/figure>\n\n\n\n<p>A las 19:30 hs en punto, se puso en marcha con la largada de atletas especiales, Cinco minutos despu\u00e9s se vino el mal\u00f3n de todas las distancias juntas con los que salieron muy fuerte pensando en volver m\u00e1s r\u00e1pido para quedarse con la gloria de ser el primero y dejar su nombre en estas bodas de oro.<\/p>\n\n\n\n<figure class=\"wp-block-image\"><a href=\"https:\/\/blogger.googleusercontent.com\/img\/b\/R29vZ2xl\/AVvXsEjUQxuXJfhdbC43z9R41AYh2o0iQBoGkzHCUU_zrX46tDDPWGW6UOnl92eiBzG7rMpFUKHPHbo-6PTVl24LvwkEUMSAqNPs3GLvpUEWWqC66Ss0C1a0F1nGdtyekZcBgWpzDVDv8DJAVkL80nKj_OE72ZIvOcPla6_u1al3TBfaSIf7DCfKvYEbwT1ziHg\/s1024\/DSC_2868%20(Copiar).JPG\"><img decoding=\"async\" src=\"https:\/\/blogger.googleusercontent.com\/img\/b\/R29vZ2xl\/AVvXsEjUQxuXJfhdbC43z9R41AYh2o0iQBoGkzHCUU_zrX46tDDPWGW6UOnl92eiBzG7rMpFUKHPHbo-6PTVl24LvwkEUMSAqNPs3GLvpUEWWqC66Ss0C1a0F1nGdtyekZcBgWpzDVDv8DJAVkL80nKj_OE72ZIvOcPla6_u1al3TBfaSIf7DCfKvYEbwT1ziHg\/w400-h268\/DSC_2868%20(Copiar).JPG\" alt=\"\"\/><\/a><\/figure>\n\n\n\n<p>Los primeros en aparecer fueron los de 5km distancia que unos de los atletas del team deportes villa adela Bruno Colombo se adjudic\u00f3 y llegando casi en soledad con un crono de 15:15 en segundo un corredor que vine apuntando alto y de a poco se mete entre los mejores en cada carrera \u00e9l es Gero Corujo de los Conquistadores con tiempo de 15:57 el tercer lugar se lo llevo Juan Saboredo de Concordia 16:06 y cerraron el top 5 los locales Brandon Lindt y Kevin G\u00f3mez.<\/p>\n\n\n\n<figure class=\"wp-block-image\"><a href=\"https:\/\/blogger.googleusercontent.com\/img\/b\/R29vZ2xl\/AVvXsEgBpnP90nHgJKsg4oqHFj6C_5n2aAEA7VewNYU6rLnUNz3CrWfTGl6u56HdVhEFiNxj9xxL6GEAnI6SgBFm5va_RTpEftarmcM62lZLEITkq6FeEhqbl3FgXfTLdGB6GZ6lSh4GebdI64U1pZBa7pef4IHvjyNU0mNhaqxBiE5jclBXVUpRirxR91MdDrg\/s1024\/DSC_2886%20(Copiar).JPG\"><img decoding=\"async\" src=\"https:\/\/blogger.googleusercontent.com\/img\/b\/R29vZ2xl\/AVvXsEgBpnP90nHgJKsg4oqHFj6C_5n2aAEA7VewNYU6rLnUNz3CrWfTGl6u56HdVhEFiNxj9xxL6GEAnI6SgBFm5va_RTpEftarmcM62lZLEITkq6FeEhqbl3FgXfTLdGB6GZ6lSh4GebdI64U1pZBa7pef4IHvjyNU0mNhaqxBiE5jclBXVUpRirxR91MdDrg\/w400-h265\/DSC_2886%20(Copiar).JPG\" alt=\"\"\/><\/a><\/figure>\n\n\n\n<p>En las damas la concordiense de team deportes villa Adela Greta Victoria Rodr\u00edguez consigui\u00f3 otro triunfo en Federal y con este podio viene estando en los \u00faltimos a\u00f1os tanto en diez como en cinco siempre presente esta vez clavo el cronometro en 19:07 dominado la carrera con comodidad, en segundo lugar, llego la atleta de Mercedes corrientes Agustina In\u00e9s Pinto 19:24 , desde el 3\u00b0 al 5\u00b0 fueron todas atleta representante del team deportes villa Adela,&nbsp;&nbsp;Guadalupe Quintana 19:55, Sof\u00eda Quintana 20:40 ambas de la paz y cerrando el top 5 Rosa Monz\u00f3n de San V\u00edctor con 20:47.<\/p>\n\n\n\n<figure class=\"wp-block-image\"><a href=\"https:\/\/blogger.googleusercontent.com\/img\/b\/R29vZ2xl\/AVvXsEjY1jgBvCPmfnJ2RKwL92qhFhToL_Q2N0tQv2jTt3LFzag0O6ZUVomTLIYQfn7ovYjejgRjXXArlCVMJHZQiJXCC9f1RteE6I3fV2trKVW9LrKXLTkpYwW1SwXQKTg0A0Hk8XnFoWNNqKhVjLoo5QtSckXG_D6pLyHKx9atl0I_hmjC1PzIeTNOQnk9bDs\/s1024\/DSC_3085%20(Copiar).JPG\"><img decoding=\"async\" src=\"https:\/\/blogger.googleusercontent.com\/img\/b\/R29vZ2xl\/AVvXsEjY1jgBvCPmfnJ2RKwL92qhFhToL_Q2N0tQv2jTt3LFzag0O6ZUVomTLIYQfn7ovYjejgRjXXArlCVMJHZQiJXCC9f1RteE6I3fV2trKVW9LrKXLTkpYwW1SwXQKTg0A0Hk8XnFoWNNqKhVjLoo5QtSckXG_D6pLyHKx9atl0I_hmjC1PzIeTNOQnk9bDs\/w400-h265\/DSC_3085%20(Copiar).JPG\" alt=\"\"\/><\/a><\/figure>\n\n\n\n<p>En la distancia de los 10 km el ganador de la general en caballeros fue Silvio Altamirano con tiempo 32:44 quien el a\u00f1o pasado hab\u00eda sido tercero, en segundo lugar, llego quien hab\u00eda ocupado el mismo lugar en la pasada edici\u00f3n Isa\u00edas Zacur con un tiempo de 33:08 y tercer lugar fue otro de los atleta del team DPVA Luis Barrio quien el a\u00f1o pasado se hab\u00eda quedado con el triunfo, este a\u00f1o cronometro un tiempo de 34:25 siendo de concordia los tres primeros , el cuarto lugar fue el local Juan Ram\u00edrez el federalense completo el trazado en tiempo de 34:25 y cerrando el top 5 Walter Moreyra de la ciudad del citrus.<\/p>\n\n\n\n<figure class=\"wp-block-image\"><a href=\"https:\/\/blogger.googleusercontent.com\/img\/b\/R29vZ2xl\/AVvXsEjz63ATFxLFZbYVHbJODpJhUaca3Qp4GCL436zHFUEPhC2YZXiYrVpVrRKKutogMS_XR-YJJHaQO9wWuodkRuBqsikd9lrPXGKkgMikKfzYGCU54M-pGWE3JJE3o3xziTzCkKSmtQzp97P_UpSQKOhtiDtgKXH6aMQqqvOj6RYucWpxIWsxnDxUb8S4yMA\/s1024\/DSC_3098%20(Copiar).JPG\"><img decoding=\"async\" src=\"https:\/\/blogger.googleusercontent.com\/img\/b\/R29vZ2xl\/AVvXsEjz63ATFxLFZbYVHbJODpJhUaca3Qp4GCL436zHFUEPhC2YZXiYrVpVrRKKutogMS_XR-YJJHaQO9wWuodkRuBqsikd9lrPXGKkgMikKfzYGCU54M-pGWE3JJE3o3xziTzCkKSmtQzp97P_UpSQKOhtiDtgKXH6aMQqqvOj6RYucWpxIWsxnDxUb8S4yMA\/w400-h265\/DSC_3098%20(Copiar).JPG\" alt=\"\"\/><\/a><\/figure>\n\n\n\n<p>En las damas la atleta de Puerto Yerua y que representa al team deportes villa Adela, Ximena Simeone no abandona su reinado del norte entrerriano y por tercera temporada consecutiva se qued\u00f3 con el triunfo ampliamente con tiempo de 39:09 dominadora de la carrera de punta a punta en segundo lugar una atleta que viene en ascenso de Chajari Daniela Penoni con un tiempo de 40:25 el tercer lugar otra atleta de la ciudad de amigos Melisa Cabrera con tiempo de 42:15 cerrando el top 5 Mar\u00eda Luz Ram\u00edrez 42:15 y Lilian Cebri\u00e1n con 44:03 ambas de Concordia.<\/p>\n\n\n\n<figure class=\"wp-block-image\"><a href=\"https:\/\/blogger.googleusercontent.com\/img\/b\/R29vZ2xl\/AVvXsEhNvFpoaLTa5CMXiowoRYrsCNRmsaBDKsEOpyY0rNeF471LwpcZkM03SE-G1eljiJ7eYapNxcSenMOhXIt7n8Ip-vP3o8MTjSdC51BseegnG3jab49r7V2v_zV5FDU8eRbdfZoTkprN4qCkqhfxJXeE5YTGYlGB3qAlGUp3zZ712sOPTQLdKkLvF2nq5Rk\/s1024\/DSC_3093%20(Copiar).JPG\"><img decoding=\"async\" src=\"https:\/\/blogger.googleusercontent.com\/img\/b\/R29vZ2xl\/AVvXsEhNvFpoaLTa5CMXiowoRYrsCNRmsaBDKsEOpyY0rNeF471LwpcZkM03SE-G1eljiJ7eYapNxcSenMOhXIt7n8Ip-vP3o8MTjSdC51BseegnG3jab49r7V2v_zV5FDU8eRbdfZoTkprN4qCkqhfxJXeE5YTGYlGB3qAlGUp3zZ712sOPTQLdKkLvF2nq5Rk\/w400-h265\/DSC_3093%20(Copiar).JPG\" alt=\"\"\/><\/a><\/figure>\n\n\n\n<p>Una vez llegados todos los atletas y antes de la entrega de premiaci\u00f3n se llev\u00f3 a cabo un homenaje muy emotivo a un gran atleta, triatleta y organizador de esta marat\u00f3n del Ch\u00e1mame, Abelardo Cardozo. Hoy rebautizada desde hace unos a\u00f1os como marat\u00f3n del cachencho ya que estuvo como organizador y como atleta durante estos 39 a\u00f1os y recordando que en la primera edici\u00f3n obtuvo el 2\u00b0 lugar de la clasificaci\u00f3n general una muy linda sorpresa le brindaron sus amigo y colaboradores, familia&nbsp;&nbsp;y funcionarios como la presidenta Municipal Sra Alicia Oviedo y un lindo reconociendo a un hombre que ha trabajado sin descanso por el atletismo Federalense y muy lindo gesto para este se\u00f1or gran persona y buen padre de familia y gran amigo de este medio Deportes villa Adela y su director Enrique Rodr\u00edguez .<\/p>\n\n\n\n<figure class=\"wp-block-image\"><a href=\"https:\/\/blogger.googleusercontent.com\/img\/b\/R29vZ2xl\/AVvXsEgp9FOwH4nIykEXaXG3j3sP8F_ZSZhc9D9Al1nll12-gKyRgX8FzZq7OPR5rFhvPW5cM4HXEFKg8SfK9_wmHq9DQfy6yUW0QomBZOVxMJ7UB1c7bfTJXMiCOYXHk4rgkXdoEUodS7DTRqtXG79upgUs1dSpZ56bRh4NfR6yQJuEpysCkQQH_plQYPuDnjc\/s1024\/DSC_3054%20(Copiar).JPG\"><img decoding=\"async\" src=\"https:\/\/blogger.googleusercontent.com\/img\/b\/R29vZ2xl\/AVvXsEgp9FOwH4nIykEXaXG3j3sP8F_ZSZhc9D9Al1nll12-gKyRgX8FzZq7OPR5rFhvPW5cM4HXEFKg8SfK9_wmHq9DQfy6yUW0QomBZOVxMJ7UB1c7bfTJXMiCOYXHk4rgkXdoEUodS7DTRqtXG79upgUs1dSpZ56bRh4NfR6yQJuEpysCkQQH_plQYPuDnjc\/w400-h265\/DSC_3054%20(Copiar).JPG\" alt=\"\"\/><\/a><\/figure>\n\n\n\n<p>Como cada a\u00f1o una linda fiesta del atletismo en plena selva montielera del norte Entrerriano con premios en efectivos en generales de 10y 5km y categor\u00eda de 10 y premiaci\u00f3n de trofeos en todas las categor\u00edas de 5 y 10 y atletas especiales, algo para imitar en los organizadores de esta clase de eventos de la provincia de Entre R\u00edos.<\/p>\n\n\n\n<p>Los esperamos en la edici\u00f3n n\u00b0 40 en el a\u00f1o 2026<\/p>\n\n\n\n<p><strong>Clasificacion general 5km&nbsp;<\/strong><\/p>\n\n\n\n<p><strong>Damas&nbsp;<\/strong><\/p>\n\n\n\n<p><strong>1\u00b0 RODRIGUEZ, GRETA VICTORIA-VILLA ADELA- CONCORDIA-&nbsp;&nbsp;0:19:07<\/strong><\/p>\n\n\n\n<p><strong>2\u00b0 PINTOS, AGUSTINA, INES &#8211;&nbsp;&nbsp;&nbsp;&nbsp;&nbsp;MERCEDES-0:19:24<\/strong><\/p>\n\n\n\n<p><strong>3\u00b0 QUINTANA, GUADALUPE LUCIA-LA PAZ- 0:19:55<\/strong><\/p>\n\n\n\n<p><strong>4\u00b0 QUINTANA, SOFIA IRENE-LA PAZ-0:20:40<\/strong><\/p>\n\n\n\n<p><strong>5\u00b0 MONZON, ROSA-SAN JOSE DE FELICIANO -0:20:47<\/strong><\/p>\n\n\n\n<p><strong>CABALLEROS<\/strong><\/p>\n\n\n\n<p><strong>1\u00b0 MEDINA COLOMBO, BRUNO IGNACIO-CONCORDIA&nbsp;&nbsp;&nbsp;-0:15:15<\/strong><\/p>\n\n\n\n<p><strong>2\u00b0 CORUJO, GERO-LOS CONQUISTADORES- 0:15:57<\/strong><\/p>\n\n\n\n<p><strong>3\u00b0 SABOREDO, JUAN-CONCORDIA- 0:16:06<\/strong><\/p>\n\n\n\n<p><strong>4\u00b0 LINDT, BRANDON JORGE JAVIER-FEDERAL- 0:16:21<\/strong><\/p>\n\n\n\n<p><strong>5\u00b0 GOMEZ, KEVIN JOEL- FEDERAL-0:17:16<\/strong><\/p>\n\n\n\n<p><strong>&nbsp;DAMAS 10KM<\/strong><\/p>\n\n\n\n<p><strong>1\u00b0 SIMEONE, XIMENA ANAHI-PUERTO YERUA&nbsp;&nbsp;&nbsp;&nbsp;-0:39:09<\/strong><\/p>\n\n\n\n<p><strong>2\u00b0 PENONI, DANIELA &#8211;&nbsp;&nbsp;&nbsp;CHAJARI &#8211;&nbsp;&nbsp;&nbsp;&nbsp;&nbsp;&nbsp;&nbsp;&nbsp;&nbsp;&nbsp;&nbsp;&nbsp;0:40:25<\/strong><\/p>\n\n\n\n<p><strong>3\u00b0 CABRERA, MELISA &#8211;&nbsp;&nbsp;&nbsp;CHAJARI&nbsp;&nbsp;&nbsp;&nbsp;&nbsp;&nbsp;&nbsp;&nbsp;&nbsp;&nbsp;&nbsp;&nbsp;&nbsp;&nbsp;-0:40:32<\/strong><\/p>\n\n\n\n<p><strong>4\u00b0 RAMIREZ, MARIA LUZ-CONCORDIA&nbsp;&nbsp;&nbsp;&nbsp;-0:42:15<\/strong><\/p>\n\n\n\n<p><strong>5\u00b0 CEBRIAN, LILIAN ELISABET-CONCORDIA-0:44:03<\/strong><\/p>\n\n\n\n<p><strong>CABALLEROS<\/strong><\/p>\n\n\n\n<p><strong>1\u00b0 ALTAMIRANO, SILVIO-CONCORDIA&nbsp;&nbsp;&nbsp;&nbsp;-0:32:44<\/strong><\/p>\n\n\n\n<p><strong>2\u00b0 ZACUR, ISAIAS EXEQUIEL-CONCORDIA-0:33:08<\/strong><\/p>\n\n\n\n<p><strong>3\u00b0 BARRIO, LUIS MAR\u00edA&nbsp;-CONCORDIA&nbsp;&nbsp;&nbsp;&nbsp;-0:33:45<\/strong><\/p>\n\n\n\n<p><strong>4\u00b0 RAMIREZ, JUAN &#8211; FEDERAL&nbsp;&nbsp;&nbsp;&nbsp;&nbsp;-0:34:25<\/strong><\/p>\n\n\n\n<p><strong>5\u00b0 MOREYRA, WALTER &#8211;&nbsp;CONCORDIA&nbsp;&nbsp;&nbsp;&nbsp;&nbsp;&nbsp;-0:34:45<\/strong><\/p>\n\n\n\n<blockquote class=\"wp-block-quote is-layout-flow wp-block-quote-is-layout-flow\">\n<p>www.deportesvillaadela.blogspot.com<\/p>\n<\/blockquote>\n","protected":false},"excerpt":{"rendered":"<p>Este s\u00e1bado 15 de febrero de 2025 en la ciudad del norte entrerriano Federal se&#8230;<\/p>\n","protected":false},"author":2,"featured_media":3087,"comment_status":"open","ping_status":"open","sticky":false,"template":"","format":"standard","meta":{"footnotes":""},"categories":[5],"tags":[],"class_list":["post-3086","post","type-post","status-publish","format-standard","has-post-thumbnail","hentry","category-atletismo"],"featured_image_urls":{"full":["https:\/\/deportodos.com.ar\/2023\/wp-content\/uploads\/2025\/02\/IMG_8477-Copiar.jpg",398,266,false],"thumbnail":["https:\/\/deportodos.com.ar\/2023\/wp-content\/uploads\/2025\/02\/IMG_8477-Copiar-150x150.jpg",150,150,true],"medium":["https:\/\/deportodos.com.ar\/2023\/wp-content\/uploads\/2025\/02\/IMG_8477-Copiar-300x201.jpg",300,201,true],"medium_large":["https:\/\/deportodos.com.ar\/2023\/wp-content\/uploads\/2025\/02\/IMG_8477-Copiar.jpg",398,266,false],"large":["https:\/\/deportodos.com.ar\/2023\/wp-content\/uploads\/2025\/02\/IMG_8477-Copiar.jpg",398,266,false],"1536x1536":["https:\/\/deportodos.com.ar\/2023\/wp-content\/uploads\/2025\/02\/IMG_8477-Copiar.jpg",398,266,false],"2048x2048":["https:\/\/deportodos.com.ar\/2023\/wp-content\/uploads\/2025\/02\/IMG_8477-Copiar.jpg",398,266,false],"covernews-featured":["https:\/\/deportodos.com.ar\/2023\/wp-content\/uploads\/2025\/02\/IMG_8477-Copiar.jpg",398,266,false],"covernews-medium":["https:\/\/deportodos.com.ar\/2023\/wp-content\/uploads\/2025\/02\/IMG_8477-Copiar.jpg",398,266,false]},"author_info":{"display_name":"c2530142","author_link":"https:\/\/deportodos.com.ar\/2023\/author\/c2530142\/"},"category_info":"<a href=\"https:\/\/deportodos.com.ar\/2023\/category\/atletismo\/\" rel=\"category tag\">Atletismo<\/a>","tag_info":"Atletismo","comment_count":"0","_links":{"self":[{"href":"https:\/\/deportodos.com.ar\/2023\/wp-json\/wp\/v2\/posts\/3086","targetHints":{"allow":["GET"]}}],"collection":[{"href":"https:\/\/deportodos.com.ar\/2023\/wp-json\/wp\/v2\/posts"}],"about":[{"href":"https:\/\/deportodos.com.ar\/2023\/wp-json\/wp\/v2\/types\/post"}],"author":[{"embeddable":true,"href":"https:\/\/deportodos.com.ar\/2023\/wp-json\/wp\/v2\/users\/2"}],"replies":[{"embeddable":true,"href":"https:\/\/deportodos.com.ar\/2023\/wp-json\/wp\/v2\/comments?post=3086"}],"version-history":[{"count":1,"href":"https:\/\/deportodos.com.ar\/2023\/wp-json\/wp\/v2\/posts\/3086\/revisions"}],"predecessor-version":[{"id":3088,"href":"https:\/\/deportodos.com.ar\/2023\/wp-json\/wp\/v2\/posts\/3086\/revisions\/3088"}],"wp:featuredmedia":[{"embeddable":true,"href":"https:\/\/deportodos.com.ar\/2023\/wp-json\/wp\/v2\/media\/3087"}],"wp:attachment":[{"href":"https:\/\/deportodos.com.ar\/2023\/wp-json\/wp\/v2\/media?parent=3086"}],"wp:term":[{"taxonomy":"category","embeddable":true,"href":"https:\/\/deportodos.com.ar\/2023\/wp-json\/wp\/v2\/categories?post=3086"},{"taxonomy":"post_tag","embeddable":true,"href":"https:\/\/deportodos.com.ar\/2023\/wp-json\/wp\/v2\/tags?post=3086"}],"curies":[{"name":"wp","href":"https:\/\/api.w.org\/{rel}","templated":true}]}}