{"id":3103,"date":"2025-02-20T23:13:36","date_gmt":"2025-02-20T23:13:36","guid":{"rendered":"https:\/\/deportodos.com.ar\/2023\/?p=3103"},"modified":"2025-02-26T23:18:05","modified_gmt":"2025-02-26T23:18:05","slug":"independiente-y-lanus-son-semifinalistaa","status":"publish","type":"post","link":"https:\/\/deportodos.com.ar\/2023\/independiente-y-lanus-son-semifinalistaa\/","title":{"rendered":"INDEPENDIENTE Y LAN\u00daS SON SEMIFINALISTAA"},"content":{"rendered":"\n<p>Durante la noche del mi\u00e9rcoles se termin\u00f3 de cerrar el cuadro de semifinales en la Copa Entre R\u00edos masculina.<\/p>\n\n\n\n<p>Con la disputa de los dos encuentros revanchas de Cuartos de Final, que hab\u00edan sido suspendido el pasado domingo a ra\u00edz de la lluvia, el certamen ya tiene definido a los cuatro equipos clasificados.<\/p>\n\n\n\n<p>Independiente de Villa del Rosario y Lan\u00fas de Concepci\u00f3n del Uruguay se quedaron con sus respectivas series y, de esta manera, ser\u00e1n parte de la cuarta fase del torneo.<\/p>\n\n\n\n<p>La clasificaci\u00f3n del conjunto de la Villa lleg\u00f3 tras una remontada con sabor a haza\u00f1a. Tras el 0-4 en Concordia, el Diablo logr\u00f3 la misma diferencia en su reducto y llev\u00f3 la serie a la definici\u00f3n por penales, donde se impuso 4 a 3.<\/p>\n\n\n\n<p>En la Hist\u00f3rica, el Granate logr\u00f3 una victoria por 3 a 1 ante Juventud Unida de Gualeguaych\u00fa, con la cual \u201cdestrab\u00f3\u201d el global que tra\u00eda un 1 a 1 inicial desde el sur de nuestra provincia.<\/p>\n\n\n\n<p>Cabe recordar que, el pasado domingo, tanto Deportivo Urdinarrain como Atl\u00e9tico Mar\u00eda Grande ya hab\u00edan sellado su clasificaci\u00f3n a la pen\u00faltima fase de la competencia.<\/p>\n\n\n\n<p>Este pr\u00f3ximo fin de semana comenzar\u00e1n a desarrollarse la instancia de semifinales, con la disputa de los juegos de ida. En Concepci\u00f3n del Uruguay, Lan\u00fas recibir\u00e1 a Atl\u00e9tico Mar\u00eda Grande, en tanto que Independiente ser\u00e1 local de Deportivo Urdinarrain.<\/p>\n\n\n\n<p>En s\u00edntesis, estos fueron los resultados y los resultados globales en ambas series:<\/p>\n\n\n\n<p><strong>Independiente (VdR) 4&nbsp;<\/strong>(4) \u2013 Colegiales (Concordia) 0 (4) Independiente gan\u00f3 por penales 4 a 3.<\/p>\n\n\n\n<p><strong>Lan\u00fas (CdU)&nbsp;<\/strong>3(4) \u2013 Juventud Unida (Gualeguaych\u00fa) 1 (2)<\/p>\n\n\n\n<p><em>*Entre par\u00e9ntesis figuran los resultados globales de la serie.<\/em><\/p>\n\n\n\n<p><em>**En negrita, los clasificados a semifinales.<\/em><\/p>\n\n\n\n<p>Fotograf\u00eda: Delfina Villagra<\/p>\n\n\n\n<figure class=\"wp-block-image\"><a href=\"https:\/\/federacionentrerrianadefutbol.org.ar\/wp-content\/uploads\/2025\/02\/image-3.png\"><img decoding=\"async\" src=\"https:\/\/federacionentrerrianadefutbol.org.ar\/wp-content\/uploads\/2025\/02\/image-3-819x1024.png\" alt=\"\" class=\"wp-image-15162\"\/><\/a><\/figure>\n\n\n\n<blockquote class=\"wp-block-quote is-layout-flow wp-block-quote-is-layout-flow\">\n<p>www.federacionentrerrianadefutbol.org.ar<\/p>\n<\/blockquote>\n","protected":false},"excerpt":{"rendered":"<p>Durante la noche del mi\u00e9rcoles se termin\u00f3 de cerrar el cuadro de semifinales en la&#8230;<\/p>\n","protected":false},"author":2,"featured_media":3104,"comment_status":"open","ping_status":"open","sticky":false,"template":"","format":"standard","meta":{"footnotes":""},"categories":[36],"tags":[],"class_list":["post-3103","post","type-post","status-publish","format-standard","has-post-thumbnail","hentry","category-futbol"],"featured_image_urls":{"full":["https:\/\/deportodos.com.ar\/2023\/wp-content\/uploads\/2025\/02\/FEF-10-1.png",600,380,false],"thumbnail":["https:\/\/deportodos.com.ar\/2023\/wp-content\/uploads\/2025\/02\/FEF-10-1-150x150.png",150,150,true],"medium":["https:\/\/deportodos.com.ar\/2023\/wp-content\/uploads\/2025\/02\/FEF-10-1-300x190.png",300,190,true],"medium_large":["https:\/\/deportodos.com.ar\/2023\/wp-content\/uploads\/2025\/02\/FEF-10-1.png",600,380,false],"large":["https:\/\/deportodos.com.ar\/2023\/wp-content\/uploads\/2025\/02\/FEF-10-1.png",600,380,false],"1536x1536":["https:\/\/deportodos.com.ar\/2023\/wp-content\/uploads\/2025\/02\/FEF-10-1.png",600,380,false],"2048x2048":["https:\/\/deportodos.com.ar\/2023\/wp-content\/uploads\/2025\/02\/FEF-10-1.png",600,380,false],"covernews-featured":["https:\/\/deportodos.com.ar\/2023\/wp-content\/uploads\/2025\/02\/FEF-10-1.png",600,380,false],"covernews-medium":["https:\/\/deportodos.com.ar\/2023\/wp-content\/uploads\/2025\/02\/FEF-10-1-540x340.png",540,340,true]},"author_info":{"display_name":"c2530142","author_link":"https:\/\/deportodos.com.ar\/2023\/author\/c2530142\/"},"category_info":"<a href=\"https:\/\/deportodos.com.ar\/2023\/category\/futbol\/\" rel=\"category tag\">Futbol<\/a>","tag_info":"Futbol","comment_count":"0","_links":{"self":[{"href":"https:\/\/deportodos.com.ar\/2023\/wp-json\/wp\/v2\/posts\/3103","targetHints":{"allow":["GET"]}}],"collection":[{"href":"https:\/\/deportodos.com.ar\/2023\/wp-json\/wp\/v2\/posts"}],"about":[{"href":"https:\/\/deportodos.com.ar\/2023\/wp-json\/wp\/v2\/types\/post"}],"author":[{"embeddable":true,"href":"https:\/\/deportodos.com.ar\/2023\/wp-json\/wp\/v2\/users\/2"}],"replies":[{"embeddable":true,"href":"https:\/\/deportodos.com.ar\/2023\/wp-json\/wp\/v2\/comments?post=3103"}],"version-history":[{"count":1,"href":"https:\/\/deportodos.com.ar\/2023\/wp-json\/wp\/v2\/posts\/3103\/revisions"}],"predecessor-version":[{"id":3105,"href":"https:\/\/deportodos.com.ar\/2023\/wp-json\/wp\/v2\/posts\/3103\/revisions\/3105"}],"wp:featuredmedia":[{"embeddable":true,"href":"https:\/\/deportodos.com.ar\/2023\/wp-json\/wp\/v2\/media\/3104"}],"wp:attachment":[{"href":"https:\/\/deportodos.com.ar\/2023\/wp-json\/wp\/v2\/media?parent=3103"}],"wp:term":[{"taxonomy":"category","embeddable":true,"href":"https:\/\/deportodos.com.ar\/2023\/wp-json\/wp\/v2\/categories?post=3103"},{"taxonomy":"post_tag","embeddable":true,"href":"https:\/\/deportodos.com.ar\/2023\/wp-json\/wp\/v2\/tags?post=3103"}],"curies":[{"name":"wp","href":"https:\/\/api.w.org\/{rel}","templated":true}]}}