{"id":3106,"date":"2025-02-20T23:13:35","date_gmt":"2025-02-20T23:13:35","guid":{"rendered":"https:\/\/deportodos.com.ar\/2023\/?p=3106"},"modified":"2025-02-26T23:17:24","modified_gmt":"2025-02-26T23:17:24","slug":"continua-la-inscripcion-para-la-37a-edicion-del-maraton-de-la-playa-2025","status":"publish","type":"post","link":"https:\/\/deportodos.com.ar\/2023\/continua-la-inscripcion-para-la-37a-edicion-del-maraton-de-la-playa-2025\/","title":{"rendered":"CONTIN\u00daA LA INSCRIPCI\u00d3N PARA LA 37\u00aa EDICI\u00d3N DEL MARATON DE LA PLAYA 2025"},"content":{"rendered":"\n<p>La Direcci\u00f3n de Deportes de Concepci\u00f3n del Uruguay informa que contin\u00faa con la inscripci\u00f3n para la traficional \u00ab37\u00aa edici\u00f3n de la Marat\u00f3n de la Playa\u00bb, que se llevar\u00e1 a cabo el domingo 23 de febrero a las 8:30 en el sector central de Isla del Puerto.<\/p>\n\n\n\n<p>Los interesados pueden inscribirse de manera online en https:\/\/www.cronofrancolini.com.ar\/37maratondelaplaya.html, o de forma presencial en la Direcci\u00f3n de Deportes, en los horarios de 9:30 a 12:30 y de 19:00 a 20:00.<\/p>\n\n\n\n<p>Desde la organizaci\u00f3n se informa que, por razones de seguridad para los participantes, el tr\u00e1nsito vehicular de ingreso y salida de la isla estar\u00e1 restringido entre las 8:30 y las 10:30 del d\u00eda de la competencia.<\/p>\n\n\n\n<p><em>Premio en Efectivo \u00abMarat\u00f3n de la Playa 2025\u00bb ($ 1.000.000)<\/em><\/p>\n\n\n\n<p><em>Caballeros General<\/em><br>1\u00b0 200.000<br>2\u00b0 100.000<br>3\u00b0 80.000<br>4\u00b0 70.000<br>5\u00b0 50.000<\/p>\n\n\n\n<p><em>Damas General<\/em><br>1\u00b0 200.000<br>2\u00b0 100.000<br>3\u00b0 80.000<br>4\u00b0 70.000<br>5\u00b0 50.000<\/p>\n","protected":false},"excerpt":{"rendered":"<p>La Direcci\u00f3n de Deportes de Concepci\u00f3n del Uruguay informa que contin\u00faa con la inscripci\u00f3n para&#8230;<\/p>\n","protected":false},"author":2,"featured_media":3107,"comment_status":"open","ping_status":"open","sticky":false,"template":"","format":"standard","meta":{"footnotes":""},"categories":[5],"tags":[],"class_list":["post-3106","post","type-post","status-publish","format-standard","has-post-thumbnail","hentry","category-atletismo"],"featured_image_urls":{"full":["https:\/\/deportodos.com.ar\/2023\/wp-content\/uploads\/2025\/02\/IMG-20250220-WA0143.jpg",765,1080,false],"thumbnail":["https:\/\/deportodos.com.ar\/2023\/wp-content\/uploads\/2025\/02\/IMG-20250220-WA0143-150x150.jpg",150,150,true],"medium":["https:\/\/deportodos.com.ar\/2023\/wp-content\/uploads\/2025\/02\/IMG-20250220-WA0143-213x300.jpg",213,300,true],"medium_large":["https:\/\/deportodos.com.ar\/2023\/wp-content\/uploads\/2025\/02\/IMG-20250220-WA0143.jpg",640,904,false],"large":["https:\/\/deportodos.com.ar\/2023\/wp-content\/uploads\/2025\/02\/IMG-20250220-WA0143-725x1024.jpg",640,904,true],"1536x1536":["https:\/\/deportodos.com.ar\/2023\/wp-content\/uploads\/2025\/02\/IMG-20250220-WA0143.jpg",765,1080,false],"2048x2048":["https:\/\/deportodos.com.ar\/2023\/wp-content\/uploads\/2025\/02\/IMG-20250220-WA0143.jpg",765,1080,false],"covernews-featured":["https:\/\/deportodos.com.ar\/2023\/wp-content\/uploads\/2025\/02\/IMG-20250220-WA0143.jpg",765,1080,false],"covernews-medium":["https:\/\/deportodos.com.ar\/2023\/wp-content\/uploads\/2025\/02\/IMG-20250220-WA0143-540x340.jpg",540,340,true]},"author_info":{"display_name":"c2530142","author_link":"https:\/\/deportodos.com.ar\/2023\/author\/c2530142\/"},"category_info":"<a href=\"https:\/\/deportodos.com.ar\/2023\/category\/atletismo\/\" rel=\"category tag\">Atletismo<\/a>","tag_info":"Atletismo","comment_count":"0","_links":{"self":[{"href":"https:\/\/deportodos.com.ar\/2023\/wp-json\/wp\/v2\/posts\/3106","targetHints":{"allow":["GET"]}}],"collection":[{"href":"https:\/\/deportodos.com.ar\/2023\/wp-json\/wp\/v2\/posts"}],"about":[{"href":"https:\/\/deportodos.com.ar\/2023\/wp-json\/wp\/v2\/types\/post"}],"author":[{"embeddable":true,"href":"https:\/\/deportodos.com.ar\/2023\/wp-json\/wp\/v2\/users\/2"}],"replies":[{"embeddable":true,"href":"https:\/\/deportodos.com.ar\/2023\/wp-json\/wp\/v2\/comments?post=3106"}],"version-history":[{"count":2,"href":"https:\/\/deportodos.com.ar\/2023\/wp-json\/wp\/v2\/posts\/3106\/revisions"}],"predecessor-version":[{"id":3113,"href":"https:\/\/deportodos.com.ar\/2023\/wp-json\/wp\/v2\/posts\/3106\/revisions\/3113"}],"wp:featuredmedia":[{"embeddable":true,"href":"https:\/\/deportodos.com.ar\/2023\/wp-json\/wp\/v2\/media\/3107"}],"wp:attachment":[{"href":"https:\/\/deportodos.com.ar\/2023\/wp-json\/wp\/v2\/media?parent=3106"}],"wp:term":[{"taxonomy":"category","embeddable":true,"href":"https:\/\/deportodos.com.ar\/2023\/wp-json\/wp\/v2\/categories?post=3106"},{"taxonomy":"post_tag","embeddable":true,"href":"https:\/\/deportodos.com.ar\/2023\/wp-json\/wp\/v2\/tags?post=3106"}],"curies":[{"name":"wp","href":"https:\/\/api.w.org\/{rel}","templated":true}]}}