{"id":3110,"date":"2025-02-20T23:13:35","date_gmt":"2025-02-20T23:13:35","guid":{"rendered":"https:\/\/deportodos.com.ar\/2023\/?p=3110"},"modified":"2025-02-26T23:17:13","modified_gmt":"2025-02-26T23:17:13","slug":"tn-en-parana","status":"publish","type":"post","link":"https:\/\/deportodos.com.ar\/2023\/tn-en-parana\/","title":{"rendered":"TN EN PARAN\u00c1"},"content":{"rendered":"\n<p>El aut\u00f3dromo Ciudad de Paran\u00e1 recibir\u00e1 este fin de semana la primera fecha de la temporada del Turismo Nacional, y este viernes, a partir de las 19.30, ser\u00e1 la presentaci\u00f3n en conferencia de prensa. Participar\u00e1n autoridades de la Asociaci\u00f3n Pilotos Autom\u00f3viles Turismo (APAT), del Club de Volantes Entrerrianos (CVE), y los pilotos entrerrianos participantes del TN en las Clases 2 y 3.<\/p>\n\n\n\n<p>El evento se realizar\u00e1 en el&nbsp;<em>Hotel Howard Johnson<\/em>, en la calle Etchevehere 331. All\u00ed, los participantes compartir\u00e1n detalles acerca de la organizaci\u00f3n del evento&nbsp;que dar\u00e1 inicio al certamen anual del TN Clase 2 y Clase 3, que ya realiz\u00f3 dos jornadas de pruebas comunitarias.<\/p>\n\n\n\n<p>La categor\u00eda m\u00e1s federal del deporte motor comenzar\u00e1 este viernes 21 de febrero, la actividad oficial v\u00e1lida por la primera fecha del certamen con la Clase 2 en pista, que tiene un total de 47 inscriptos para esta competencia. El s\u00e1bado, en tanto, comenzar\u00e1 la actividad oficial para Clase 3, con 37 inscriptos.<\/p>\n\n\n\n<blockquote class=\"wp-block-quote is-layout-flow wp-block-quote-is-layout-flow\">\n<p>www.analisisdigital.com.ar<\/p>\n<\/blockquote>\n","protected":false},"excerpt":{"rendered":"<p>El aut\u00f3dromo Ciudad de Paran\u00e1 recibir\u00e1 este fin de semana la primera fecha de la&#8230;<\/p>\n","protected":false},"author":2,"featured_media":3111,"comment_status":"open","ping_status":"open","sticky":false,"template":"","format":"standard","meta":{"footnotes":""},"categories":[6],"tags":[],"class_list":["post-3110","post","type-post","status-publish","format-standard","has-post-thumbnail","hentry","category-automovilismo"],"featured_image_urls":{"full":["https:\/\/deportodos.com.ar\/2023\/wp-content\/uploads\/2025\/02\/12306-1406-20250218.jpg",450,300,false],"thumbnail":["https:\/\/deportodos.com.ar\/2023\/wp-content\/uploads\/2025\/02\/12306-1406-20250218-150x150.jpg",150,150,true],"medium":["https:\/\/deportodos.com.ar\/2023\/wp-content\/uploads\/2025\/02\/12306-1406-20250218-300x200.jpg",300,200,true],"medium_large":["https:\/\/deportodos.com.ar\/2023\/wp-content\/uploads\/2025\/02\/12306-1406-20250218.jpg",450,300,false],"large":["https:\/\/deportodos.com.ar\/2023\/wp-content\/uploads\/2025\/02\/12306-1406-20250218.jpg",450,300,false],"1536x1536":["https:\/\/deportodos.com.ar\/2023\/wp-content\/uploads\/2025\/02\/12306-1406-20250218.jpg",450,300,false],"2048x2048":["https:\/\/deportodos.com.ar\/2023\/wp-content\/uploads\/2025\/02\/12306-1406-20250218.jpg",450,300,false],"covernews-featured":["https:\/\/deportodos.com.ar\/2023\/wp-content\/uploads\/2025\/02\/12306-1406-20250218.jpg",450,300,false],"covernews-medium":["https:\/\/deportodos.com.ar\/2023\/wp-content\/uploads\/2025\/02\/12306-1406-20250218.jpg",450,300,false]},"author_info":{"display_name":"c2530142","author_link":"https:\/\/deportodos.com.ar\/2023\/author\/c2530142\/"},"category_info":"<a href=\"https:\/\/deportodos.com.ar\/2023\/category\/automovilismo\/\" rel=\"category tag\">Automovilismo<\/a>","tag_info":"Automovilismo","comment_count":"0","_links":{"self":[{"href":"https:\/\/deportodos.com.ar\/2023\/wp-json\/wp\/v2\/posts\/3110","targetHints":{"allow":["GET"]}}],"collection":[{"href":"https:\/\/deportodos.com.ar\/2023\/wp-json\/wp\/v2\/posts"}],"about":[{"href":"https:\/\/deportodos.com.ar\/2023\/wp-json\/wp\/v2\/types\/post"}],"author":[{"embeddable":true,"href":"https:\/\/deportodos.com.ar\/2023\/wp-json\/wp\/v2\/users\/2"}],"replies":[{"embeddable":true,"href":"https:\/\/deportodos.com.ar\/2023\/wp-json\/wp\/v2\/comments?post=3110"}],"version-history":[{"count":1,"href":"https:\/\/deportodos.com.ar\/2023\/wp-json\/wp\/v2\/posts\/3110\/revisions"}],"predecessor-version":[{"id":3112,"href":"https:\/\/deportodos.com.ar\/2023\/wp-json\/wp\/v2\/posts\/3110\/revisions\/3112"}],"wp:featuredmedia":[{"embeddable":true,"href":"https:\/\/deportodos.com.ar\/2023\/wp-json\/wp\/v2\/media\/3111"}],"wp:attachment":[{"href":"https:\/\/deportodos.com.ar\/2023\/wp-json\/wp\/v2\/media?parent=3110"}],"wp:term":[{"taxonomy":"category","embeddable":true,"href":"https:\/\/deportodos.com.ar\/2023\/wp-json\/wp\/v2\/categories?post=3110"},{"taxonomy":"post_tag","embeddable":true,"href":"https:\/\/deportodos.com.ar\/2023\/wp-json\/wp\/v2\/tags?post=3110"}],"curies":[{"name":"wp","href":"https:\/\/api.w.org\/{rel}","templated":true}]}}