{"id":3117,"date":"2025-02-23T23:13:34","date_gmt":"2025-02-23T23:13:34","guid":{"rendered":"https:\/\/deportodos.com.ar\/2023\/?p=3117"},"modified":"2025-02-26T23:16:45","modified_gmt":"2025-02-26T23:16:45","slug":"mariano-mortara-vencedor-del-desafio-hernandarias-parana","status":"publish","type":"post","link":"https:\/\/deportodos.com.ar\/2023\/mariano-mortara-vencedor-del-desafio-hernandarias-parana\/","title":{"rendered":"MARIANO MORTARA, VENCEDOR DEL DESAF\u00cdO HERNANDARIAS &#8211; PARAN\u00c1"},"content":{"rendered":"\n<p>En una complicada jornada por la inclemencias clim\u00e1ticas, el bonaerense Mariano Mortara se coron\u00f3 como ganador del Desaf\u00edo Acu\u00e1tico Hernandarias &#8211; Paran\u00e1 2025, organizado por la Asociaci\u00f3n Barrancas del Paran\u00e1.<\/p>\n\n\n\n<p>El oriundo de Col\u00f3n, provincia de Buenos Aires, complet\u00f3 los 88 kil\u00f3metros de recorrido en poco m\u00e1s de 12 horas despu\u00e9s de una exigente prueba que se vio afectada por el intenso viento y las fuertes corrientes del R\u00edo Paran\u00e1.<\/p>\n\n\n\n<p>\u201cHaber podido llegar es una gran satisfacci\u00f3n. Fue una carrera muy dura, con much\u00edsimo viento; se dificult\u00f3 en varios momentos la posici\u00f3n de la canoa, por ejemplo no pod\u00edan llevarla contra la costa a la altura del cerro. Estaba muy movido en muchos lugares y eso nos termin\u00f3 haciendo dif\u00edcil el trayecto\u201d, expres\u00f3 Mortara.<\/p>\n\n\n\n<p>Por otra parte, asever\u00f3 que \u201cel tramo de Urquiza a Paran\u00e1 fue realmente muy exigente, y a la altura del cerro que siempre es muy movido. Por suerte pude mantener un ritmo constante, sal\u00ed a hacer mi carrera sin pensar en los dem\u00e1s nadadores. Tuve la suerte de agarrar la punta de entrada, me mantuve ah\u00ed y en las \u00faltimas tres horas di el m\u00e1ximo para poder llegar\u201d.<\/p>\n\n\n\n<p>Varios nadadores participantes no pudieron completar la prueba debido a la voracidad y las complejas condiciones del r\u00edo debido al intenso viento que azot\u00f3 esta regi\u00f3n. Tambien la noche encontr\u00f3 a varios corredores en el agua y fueron \u201clevantados\u201d por Prefectura por precauci\u00f3n.<\/p>\n","protected":false},"excerpt":{"rendered":"<p>En una complicada jornada por la inclemencias clim\u00e1ticas, el bonaerense Mariano Mortara se coron\u00f3 como&#8230;<\/p>\n","protected":false},"author":2,"featured_media":3118,"comment_status":"open","ping_status":"open","sticky":false,"template":"","format":"standard","meta":{"footnotes":""},"categories":[54],"tags":[],"class_list":["post-3117","post","type-post","status-publish","format-standard","has-post-thumbnail","hentry","category-natacion"],"featured_image_urls":{"full":["https:\/\/deportodos.com.ar\/2023\/wp-content\/uploads\/2025\/02\/IMG-20250223-WA0049.jpg",1200,1600,false],"thumbnail":["https:\/\/deportodos.com.ar\/2023\/wp-content\/uploads\/2025\/02\/IMG-20250223-WA0049-150x150.jpg",150,150,true],"medium":["https:\/\/deportodos.com.ar\/2023\/wp-content\/uploads\/2025\/02\/IMG-20250223-WA0049-225x300.jpg",225,300,true],"medium_large":["https:\/\/deportodos.com.ar\/2023\/wp-content\/uploads\/2025\/02\/IMG-20250223-WA0049-768x1024.jpg",640,853,true],"large":["https:\/\/deportodos.com.ar\/2023\/wp-content\/uploads\/2025\/02\/IMG-20250223-WA0049-768x1024.jpg",640,853,true],"1536x1536":["https:\/\/deportodos.com.ar\/2023\/wp-content\/uploads\/2025\/02\/IMG-20250223-WA0049-1152x1536.jpg",1152,1536,true],"2048x2048":["https:\/\/deportodos.com.ar\/2023\/wp-content\/uploads\/2025\/02\/IMG-20250223-WA0049.jpg",1200,1600,false],"covernews-featured":["https:\/\/deportodos.com.ar\/2023\/wp-content\/uploads\/2025\/02\/IMG-20250223-WA0049-1024x1365.jpg",1024,1365,true],"covernews-medium":["https:\/\/deportodos.com.ar\/2023\/wp-content\/uploads\/2025\/02\/IMG-20250223-WA0049-540x340.jpg",540,340,true]},"author_info":{"display_name":"c2530142","author_link":"https:\/\/deportodos.com.ar\/2023\/author\/c2530142\/"},"category_info":"<a href=\"https:\/\/deportodos.com.ar\/2023\/category\/natacion\/\" rel=\"category tag\">Nataci\u00f3n<\/a>","tag_info":"Nataci\u00f3n","comment_count":"0","_links":{"self":[{"href":"https:\/\/deportodos.com.ar\/2023\/wp-json\/wp\/v2\/posts\/3117","targetHints":{"allow":["GET"]}}],"collection":[{"href":"https:\/\/deportodos.com.ar\/2023\/wp-json\/wp\/v2\/posts"}],"about":[{"href":"https:\/\/deportodos.com.ar\/2023\/wp-json\/wp\/v2\/types\/post"}],"author":[{"embeddable":true,"href":"https:\/\/deportodos.com.ar\/2023\/wp-json\/wp\/v2\/users\/2"}],"replies":[{"embeddable":true,"href":"https:\/\/deportodos.com.ar\/2023\/wp-json\/wp\/v2\/comments?post=3117"}],"version-history":[{"count":1,"href":"https:\/\/deportodos.com.ar\/2023\/wp-json\/wp\/v2\/posts\/3117\/revisions"}],"predecessor-version":[{"id":3119,"href":"https:\/\/deportodos.com.ar\/2023\/wp-json\/wp\/v2\/posts\/3117\/revisions\/3119"}],"wp:featuredmedia":[{"embeddable":true,"href":"https:\/\/deportodos.com.ar\/2023\/wp-json\/wp\/v2\/media\/3118"}],"wp:attachment":[{"href":"https:\/\/deportodos.com.ar\/2023\/wp-json\/wp\/v2\/media?parent=3117"}],"wp:term":[{"taxonomy":"category","embeddable":true,"href":"https:\/\/deportodos.com.ar\/2023\/wp-json\/wp\/v2\/categories?post=3117"},{"taxonomy":"post_tag","embeddable":true,"href":"https:\/\/deportodos.com.ar\/2023\/wp-json\/wp\/v2\/tags?post=3117"}],"curies":[{"name":"wp","href":"https:\/\/api.w.org\/{rel}","templated":true}]}}