{"id":3134,"date":"2025-02-27T23:24:01","date_gmt":"2025-02-27T23:24:01","guid":{"rendered":"https:\/\/deportodos.com.ar\/2023\/?p=3134"},"modified":"2025-02-27T23:24:02","modified_gmt":"2025-02-27T23:24:02","slug":"se-viene-la-gran-noche-de-boxeo-en-el-gigante-verde-con-grandes-peleas","status":"publish","type":"post","link":"https:\/\/deportodos.com.ar\/2023\/se-viene-la-gran-noche-de-boxeo-en-el-gigante-verde-con-grandes-peleas\/","title":{"rendered":"SE VIENE LA GRAN NOCHE DE BOXEO EN EL \u00abGIGANTE VERDE\u00bb CON GRANDES PELEAS"},"content":{"rendered":"\n<p>El viernes 28 de febrero desde las 21 hs arranca una gran noche de boxeo en el club Estudiantes de Concordia. Y de lujo. Pelear\u00e1n, en la estelar, Alejandro \u201cEl Cuervo\u201d Silva, y adem\u00e1s los conocidos concordienses Jorge Berm\u00fadez, Jonathan \u201cTin Tin\u201d Ruiz, Daniel \u201cOrteguita\u201d G\u00f3mez, Erica \u00abLa Maquinita\u00bb \u00c1lvarez, y \u00abLa Mala\u00bb Ruiz. Organiza la Secretaria de Deportes y la Comisi\u00f3n Municipal de Box. Este altamente esperado festival ser\u00e1 transmitido en vivo y en directo por el streaming de la Municipalidad de Concordia. Con muchas sorpresas e invitados a lo largo de la noche.<\/p>\n\n\n\n<p>En la pelea principal, Alejandro \u201cEl Cuervo\u201d Silva, marido de la gran figura del pugilismo nacional Y\u00e9sica Bopp, quien engalanara la cita, ser\u00e1 el gran protagonista. El hombre ha ganado notoriedad por su carrera invicta, t\u00edtulos logrados, acumulando 23 victorias en el profesionalismo, y 18 de ellas por nocaut.<\/p>\n\n\n\n<p>Ostenta t\u00edtulos de campe\u00f3n argentino, latinoamericano y S\u00faper 8 Superwelter, divisi\u00f3n tambi\u00e9n llamada Medianos Jr. o Semi Medianos, en otros lugares.<\/p>\n\n\n\n<figure class=\"wp-block-image aligncenter\"><img decoding=\"async\" src=\"http:\/\/lobomuller.com\/wp-content\/uploads\/2025\/02\/gigante-verde.jpg\" alt=\"\" class=\"wp-image-44044\"\/><\/figure>\n\n\n\n<p>\u00abEl Cuervo\u00bb le gano a Adriel, a Santillan, a Pucheta por el argentino vacante, a Maciel, Jonathan S\u00e1nchez, a Diego Ram\u00edrez, a Jes\u00fas N\u00e1jera en M\u00e9xico, a Issah Samir en New York, y a Janer Gonzales en Long Beach. Misionero de calidad, viene de ganarle a Cristian Reggiardo en La Plata.<\/p>\n\n\n\n<p>Es un boxeador-noqueador, que se planta firme para imprimirle poder a sus golpes y ganarse el respeto de sus oponentes. Es atl\u00e9tico, vers\u00e1til, y de un f\u00edsico impresionante. Con el&nbsp; correr de los rounds va a ir poni\u00e9ndole presi\u00f3n y tratar de ablandar a su rival. Uno intuye que se cuida al m\u00e1ximo para dar grandes espect\u00e1culos.<\/p>\n\n\n\n<p>Su rival ser\u00e1 el tucumano Carlos Jos\u00e9 Vallecillo (11-1, 7 KO). De San Isidro de Lules, Tucum\u00e1n. Est\u00e1 ranqueado n\u00famero 35 por la FAB, y quiere dar el gran golpe. Tambi\u00e9n tiene 31 a\u00f1os, es un boxeador alto, zurdo, con una pegada fuerte, y con un alto porcentaje de nocauts. Viene a concordia a dar batalla, y puede pasar al siguiente nivel si llega a dar el batacazo.<\/p>\n\n\n\n<h2 class=\"wp-block-heading\">Los boxeadores anfitriones<\/h2>\n\n\n\n<p>Entre los p\u00fagiles locales, el popular Jorge \u201cEl Picante\u201d Berm\u00fadez estar\u00e1 en la de Semi Fondo. Se enfrentar\u00e1 al oriundo de Olavarr\u00eda, Buenos Aires, Alan Randazzo Cos. Berm\u00fadez es aguerrido y nunca se da por vencido. Por eso es tan popular y populoso. Aparte del barrio Almirante Brown, que ya de por s\u00ed, es muy pasional y fervoroso.<\/p>\n\n\n\n<p>Otro de los combates destacados tendr\u00e1 como protagonista a Jonathan \u201cTin Tin\u201d Ruiz, quien se enfrentar\u00e1 a Mat\u00edas D\u00edaz, de Lobos, Buenos Aires. Lo trajo Walter Rodr\u00edguez, aquel que peleara por el t\u00edtulo argentino contra Diego Jaurena en el Ferro.<\/p>\n\n\n\n<p>Ruiz es oriundo de Carretera La Cruz, y es un pugilista espectacular y de temer. Tiene un \u00abca\u00f1\u00f3n\u00bb en las manos y tremendas victorias por \u00abla v\u00eda del sue\u00f1o\u00bb.<\/p>\n\n\n\n<figure class=\"wp-block-image aligncenter\"><img decoding=\"async\" src=\"http:\/\/lobomuller.com\/wp-content\/uploads\/2024\/01\/Jonathan-Tin-TIn-Ruiz-2-1024x576-1.jpg\" alt=\"\" class=\"wp-image-39772\"\/><\/figure>\n\n\n\n<p>Adem\u00e1s de estos duelos, la velada contar\u00e1 con otros dos combates destacados: Daniel \u201cOrteguita\u201d G\u00f3mez, que se medir\u00e1 con el curuzucuate\u00f1o Alejandro Taibo. \u00abOrteguita\u00bb, me dicen mis amigos, \u00abregalo peso\u00bb en aficionados muchas veces, es un gran jugador de futbol, y un ascendente boxeador. Tiene mucho tiempo y espacio para mejorar. Por eso se le da la oportunidad. Hay grandes esperanzas y deseos en el, de que le vaya bien.<\/p>\n\n\n\n<p>Mientras que en la categor\u00eda femenina, la boxeadora de Los Charr\u00faas, Erica \u201cLa Maquinita\u201d \u00c1lvarez, en gran momento, competir\u00e1 ante Mar\u00eda \u00abLa Mala\u00bb Ru\u00edz, de la zona sur de nuestra ciudad. Ya se conocen, ser\u00e1 la cuarta edici\u00f3n, y seguro protagonizar\u00e1n un enfrentamiento que promete ser vibrante. Una \u00abmoneda al aire\u00bb. Ya es un cl\u00e1sico de nuestra ciudad, y siempre vale la pena verlas enfrentarse. Con ese \u00abchoque de estilos\u00bb que la gente sigue \u00aba gritos\u00bb.<\/p>\n\n\n\n<figure class=\"wp-block-image aligncenter\"><img decoding=\"async\" src=\"http:\/\/lobomuller.com\/wp-content\/uploads\/2024\/10\/erica_alvarez.jpg\" alt=\"\" class=\"wp-image-43087\"\/><\/figure>\n\n\n\n<p>La velada del 28 de febrero tiene peleas de alta calidad. Con boxeadores de agresividad, altos porcentajes de knockouts, y muy entretenidos de ver. Es una velada que no te puedes perder. Anima \u00abEl Mota\u00bb Medina. El show va por el streaming de la Muni, donde relata Brilla y comenta Muller.<\/p>\n\n\n\n<blockquote class=\"wp-block-quote is-layout-flow wp-block-quote-is-layout-flow\">\n<p>www.lobomuller.com<\/p>\n<\/blockquote>\n","protected":false},"excerpt":{"rendered":"<p>El viernes 28 de febrero desde las 21 hs arranca una gran noche de boxeo&#8230;<\/p>\n","protected":false},"author":2,"featured_media":3135,"comment_status":"open","ping_status":"open","sticky":false,"template":"","format":"standard","meta":{"footnotes":""},"categories":[13],"tags":[],"class_list":["post-3134","post","type-post","status-publish","format-standard","has-post-thumbnail","hentry","category-boxeo"],"featured_image_urls":{"full":["https:\/\/deportodos.com.ar\/2023\/wp-content\/uploads\/2025\/02\/cuervotapa.png",1366,768,false],"thumbnail":["https:\/\/deportodos.com.ar\/2023\/wp-content\/uploads\/2025\/02\/cuervotapa-150x150.png",150,150,true],"medium":["https:\/\/deportodos.com.ar\/2023\/wp-content\/uploads\/2025\/02\/cuervotapa-300x169.png",300,169,true],"medium_large":["https:\/\/deportodos.com.ar\/2023\/wp-content\/uploads\/2025\/02\/cuervotapa-768x432.png",640,360,true],"large":["https:\/\/deportodos.com.ar\/2023\/wp-content\/uploads\/2025\/02\/cuervotapa-1024x576.png",640,360,true],"1536x1536":["https:\/\/deportodos.com.ar\/2023\/wp-content\/uploads\/2025\/02\/cuervotapa.png",1366,768,false],"2048x2048":["https:\/\/deportodos.com.ar\/2023\/wp-content\/uploads\/2025\/02\/cuervotapa.png",1366,768,false],"covernews-featured":["https:\/\/deportodos.com.ar\/2023\/wp-content\/uploads\/2025\/02\/cuervotapa-1024x576.png",1024,576,true],"covernews-medium":["https:\/\/deportodos.com.ar\/2023\/wp-content\/uploads\/2025\/02\/cuervotapa-540x340.png",540,340,true]},"author_info":{"display_name":"c2530142","author_link":"https:\/\/deportodos.com.ar\/2023\/author\/c2530142\/"},"category_info":"<a href=\"https:\/\/deportodos.com.ar\/2023\/category\/boxeo\/\" rel=\"category tag\">Boxeo<\/a>","tag_info":"Boxeo","comment_count":"0","_links":{"self":[{"href":"https:\/\/deportodos.com.ar\/2023\/wp-json\/wp\/v2\/posts\/3134","targetHints":{"allow":["GET"]}}],"collection":[{"href":"https:\/\/deportodos.com.ar\/2023\/wp-json\/wp\/v2\/posts"}],"about":[{"href":"https:\/\/deportodos.com.ar\/2023\/wp-json\/wp\/v2\/types\/post"}],"author":[{"embeddable":true,"href":"https:\/\/deportodos.com.ar\/2023\/wp-json\/wp\/v2\/users\/2"}],"replies":[{"embeddable":true,"href":"https:\/\/deportodos.com.ar\/2023\/wp-json\/wp\/v2\/comments?post=3134"}],"version-history":[{"count":1,"href":"https:\/\/deportodos.com.ar\/2023\/wp-json\/wp\/v2\/posts\/3134\/revisions"}],"predecessor-version":[{"id":3136,"href":"https:\/\/deportodos.com.ar\/2023\/wp-json\/wp\/v2\/posts\/3134\/revisions\/3136"}],"wp:featuredmedia":[{"embeddable":true,"href":"https:\/\/deportodos.com.ar\/2023\/wp-json\/wp\/v2\/media\/3135"}],"wp:attachment":[{"href":"https:\/\/deportodos.com.ar\/2023\/wp-json\/wp\/v2\/media?parent=3134"}],"wp:term":[{"taxonomy":"category","embeddable":true,"href":"https:\/\/deportodos.com.ar\/2023\/wp-json\/wp\/v2\/categories?post=3134"},{"taxonomy":"post_tag","embeddable":true,"href":"https:\/\/deportodos.com.ar\/2023\/wp-json\/wp\/v2\/tags?post=3134"}],"curies":[{"name":"wp","href":"https:\/\/api.w.org\/{rel}","templated":true}]}}