{"id":3143,"date":"2025-02-28T12:45:12","date_gmt":"2025-02-28T12:45:12","guid":{"rendered":"https:\/\/deportodos.com.ar\/2023\/?p=3143"},"modified":"2025-02-28T12:45:13","modified_gmt":"2025-02-28T12:45:13","slug":"tiempo-de-definicion","status":"publish","type":"post","link":"https:\/\/deportodos.com.ar\/2023\/tiempo-de-definicion\/","title":{"rendered":"TIEMPO DE DEFINICI\u00d3N"},"content":{"rendered":"\n<p>Los encuentros revancha de las semifinales en la Copa Entre R\u00edos masculina se desarrollar\u00e1n este domingo.<\/p>\n\n\n\n<p>Con la disputa de los mismos, ambas series semifinales quedar\u00e1n definidas y, por consiguiente, el torneo tendr\u00e1 clasificados a sus dos equipos finalistas.<\/p>\n\n\n\n<p>En Urdinarrain, Deportivo tendr\u00e1 la dif\u00edcil misi\u00f3n de remontar como local el 1-4 que Independiente le propin\u00f3 el pasado domingo en Villa del Rosario.<\/p>\n\n\n\n<p>Por su parte, Atl\u00e9tico Mar\u00eda Grande recibir\u00e1 a Lan\u00fas de Concepci\u00f3n del Uruguay con la tranquilidad del 3-2 obtenido en la ida como visitante.<\/p>\n\n\n\n<p>M\u00e1s all\u00e1 de los resultados registrados en los primeros noventa minutos, nada est\u00e1 definido. La actual edici\u00f3n de la Copa ya ha mostrado sorpresas y encuentros apasionantes.<\/p>\n\n\n\n<p>La gloria entrerriana est\u00e1 a la vuelta de la esquina, pero, para alcanzarla, los equipos deber\u00e1n dar un paso m\u00e1s este fin de semana.<\/p>\n\n\n\n<p>Los dos encuentros de este domingo fueron programados de la siguiente manera:<\/p>\n\n\n\n<p><strong>Deportivo Urdinarrain (1) \u2013 Independiente (VdR) (4)<\/strong><\/p>\n\n\n\n<p>Domingo 2\/3 \u2013 19 hs. Cancha de Deportivo Urdinarrarin<\/p>\n\n\n\n<p>\u00c1rbitro: Ricardo G\u00f3mez \u2013 Asistente 1: V\u00edctor Schneider \u2013 Asistente 2: Santino Gaioli \u2013 Cuarto \u00e1rbitro: Ramiro Nadal\u00edn.<\/p>\n\n\n\n<p><strong>Atl\u00e9tico Mar\u00eda Grande (3) \u2013 Lan\u00fas (CdU) (2)<\/strong><\/p>\n\n\n\n<p>Domingo 2\/3 \u2013 20 hs. Cancha de Atl\u00e9tico Mar\u00eda Grande<\/p>\n\n\n\n<p>\u00c1rbitro: Edgardo Teles Triunfo \u2013 Asistente 1: Ariel Guibaud \u2013 Asistente 2: Maximiliano Canti \u2013 Cuarto \u00e1rbitro: Lautaro Pralong.<\/p>\n\n\n\n<p><em>*Entre par\u00e9ntesis figuran los resultados registrados en la ida.<\/em><\/p>\n\n\n\n<blockquote class=\"wp-block-quote is-layout-flow wp-block-quote-is-layout-flow\">\n<p>www.federacionentrerrianadefutbol.org.ar<\/p>\n<\/blockquote>\n","protected":false},"excerpt":{"rendered":"<p>Los encuentros revancha de las semifinales en la Copa Entre R\u00edos masculina se desarrollar\u00e1n este&#8230;<\/p>\n","protected":false},"author":2,"featured_media":3145,"comment_status":"open","ping_status":"open","sticky":false,"template":"","format":"standard","meta":{"footnotes":""},"categories":[36],"tags":[],"class_list":["post-3143","post","type-post","status-publish","format-standard","has-post-thumbnail","hentry","category-futbol"],"featured_image_urls":{"full":["https:\/\/deportodos.com.ar\/2023\/wp-content\/uploads\/2025\/02\/FEF-16-1.png",600,380,false],"thumbnail":["https:\/\/deportodos.com.ar\/2023\/wp-content\/uploads\/2025\/02\/FEF-16-1-150x150.png",150,150,true],"medium":["https:\/\/deportodos.com.ar\/2023\/wp-content\/uploads\/2025\/02\/FEF-16-1-300x190.png",300,190,true],"medium_large":["https:\/\/deportodos.com.ar\/2023\/wp-content\/uploads\/2025\/02\/FEF-16-1.png",600,380,false],"large":["https:\/\/deportodos.com.ar\/2023\/wp-content\/uploads\/2025\/02\/FEF-16-1.png",600,380,false],"1536x1536":["https:\/\/deportodos.com.ar\/2023\/wp-content\/uploads\/2025\/02\/FEF-16-1.png",600,380,false],"2048x2048":["https:\/\/deportodos.com.ar\/2023\/wp-content\/uploads\/2025\/02\/FEF-16-1.png",600,380,false],"covernews-featured":["https:\/\/deportodos.com.ar\/2023\/wp-content\/uploads\/2025\/02\/FEF-16-1.png",600,380,false],"covernews-medium":["https:\/\/deportodos.com.ar\/2023\/wp-content\/uploads\/2025\/02\/FEF-16-1-540x340.png",540,340,true]},"author_info":{"display_name":"c2530142","author_link":"https:\/\/deportodos.com.ar\/2023\/author\/c2530142\/"},"category_info":"<a href=\"https:\/\/deportodos.com.ar\/2023\/category\/futbol\/\" rel=\"category tag\">Futbol<\/a>","tag_info":"Futbol","comment_count":"0","_links":{"self":[{"href":"https:\/\/deportodos.com.ar\/2023\/wp-json\/wp\/v2\/posts\/3143","targetHints":{"allow":["GET"]}}],"collection":[{"href":"https:\/\/deportodos.com.ar\/2023\/wp-json\/wp\/v2\/posts"}],"about":[{"href":"https:\/\/deportodos.com.ar\/2023\/wp-json\/wp\/v2\/types\/post"}],"author":[{"embeddable":true,"href":"https:\/\/deportodos.com.ar\/2023\/wp-json\/wp\/v2\/users\/2"}],"replies":[{"embeddable":true,"href":"https:\/\/deportodos.com.ar\/2023\/wp-json\/wp\/v2\/comments?post=3143"}],"version-history":[{"count":1,"href":"https:\/\/deportodos.com.ar\/2023\/wp-json\/wp\/v2\/posts\/3143\/revisions"}],"predecessor-version":[{"id":3146,"href":"https:\/\/deportodos.com.ar\/2023\/wp-json\/wp\/v2\/posts\/3143\/revisions\/3146"}],"wp:featuredmedia":[{"embeddable":true,"href":"https:\/\/deportodos.com.ar\/2023\/wp-json\/wp\/v2\/media\/3145"}],"wp:attachment":[{"href":"https:\/\/deportodos.com.ar\/2023\/wp-json\/wp\/v2\/media?parent=3143"}],"wp:term":[{"taxonomy":"category","embeddable":true,"href":"https:\/\/deportodos.com.ar\/2023\/wp-json\/wp\/v2\/categories?post=3143"},{"taxonomy":"post_tag","embeddable":true,"href":"https:\/\/deportodos.com.ar\/2023\/wp-json\/wp\/v2\/tags?post=3143"}],"curies":[{"name":"wp","href":"https:\/\/api.w.org\/{rel}","templated":true}]}}