{"id":3147,"date":"2025-03-02T14:18:29","date_gmt":"2025-03-02T14:18:29","guid":{"rendered":"https:\/\/deportodos.com.ar\/2023\/?p=3147"},"modified":"2025-03-02T14:18:31","modified_gmt":"2025-03-02T14:18:31","slug":"reprogramacion","status":"publish","type":"post","link":"https:\/\/deportodos.com.ar\/2023\/reprogramacion\/","title":{"rendered":"REPROGRAMACI\u00d3N"},"content":{"rendered":"\n<p>Se reprogramaron los partidos de la Copa ER de futbol. La Federaci\u00f3n Entrerriana de F\u00fatbol comunic\u00f3 la reprogramacion de las instancias finales de la Copa ER, debido al factor meteorol\u00f3gico reinante, en toda la Provincia. Estos son los nuevos d\u00edas y horarios de los partidos<\/p>\n\n\n\n<p>REPROGRAMACIONES<br>Atl. Mar\u00eda Grande \u2013 Lan\u00fas<br>Lunes 3\/3 \u2013 20hs<br>Deportivo Urdinarrain \u2013 Independiente<br>Martes 4\/3 21hs.<br><em>Final Ida Femenino<\/em><br>Malvinas \u2013 Santa Mar\u00eda<br>Martes 4\/3 \u2013 18hs<\/p>\n","protected":false},"excerpt":{"rendered":"<p>Se reprogramaron los partidos de la Copa ER de futbol. La Federaci\u00f3n Entrerriana de F\u00fatbol&#8230;<\/p>\n","protected":false},"author":2,"featured_media":3150,"comment_status":"open","ping_status":"open","sticky":false,"template":"","format":"standard","meta":{"footnotes":""},"categories":[36],"tags":[],"class_list":["post-3147","post","type-post","status-publish","format-standard","has-post-thumbnail","hentry","category-futbol"],"featured_image_urls":{"full":["https:\/\/deportodos.com.ar\/2023\/wp-content\/uploads\/2025\/03\/FB_IMG_1740925043506.jpg",600,380,false],"thumbnail":["https:\/\/deportodos.com.ar\/2023\/wp-content\/uploads\/2025\/03\/FB_IMG_1740925043506-150x150.jpg",150,150,true],"medium":["https:\/\/deportodos.com.ar\/2023\/wp-content\/uploads\/2025\/03\/FB_IMG_1740925043506-300x190.jpg",300,190,true],"medium_large":["https:\/\/deportodos.com.ar\/2023\/wp-content\/uploads\/2025\/03\/FB_IMG_1740925043506.jpg",600,380,false],"large":["https:\/\/deportodos.com.ar\/2023\/wp-content\/uploads\/2025\/03\/FB_IMG_1740925043506.jpg",600,380,false],"1536x1536":["https:\/\/deportodos.com.ar\/2023\/wp-content\/uploads\/2025\/03\/FB_IMG_1740925043506.jpg",600,380,false],"2048x2048":["https:\/\/deportodos.com.ar\/2023\/wp-content\/uploads\/2025\/03\/FB_IMG_1740925043506.jpg",600,380,false],"covernews-featured":["https:\/\/deportodos.com.ar\/2023\/wp-content\/uploads\/2025\/03\/FB_IMG_1740925043506.jpg",600,380,false],"covernews-medium":["https:\/\/deportodos.com.ar\/2023\/wp-content\/uploads\/2025\/03\/FB_IMG_1740925043506-540x340.jpg",540,340,true]},"author_info":{"display_name":"c2530142","author_link":"https:\/\/deportodos.com.ar\/2023\/author\/c2530142\/"},"category_info":"<a href=\"https:\/\/deportodos.com.ar\/2023\/category\/futbol\/\" rel=\"category tag\">Futbol<\/a>","tag_info":"Futbol","comment_count":"0","_links":{"self":[{"href":"https:\/\/deportodos.com.ar\/2023\/wp-json\/wp\/v2\/posts\/3147","targetHints":{"allow":["GET"]}}],"collection":[{"href":"https:\/\/deportodos.com.ar\/2023\/wp-json\/wp\/v2\/posts"}],"about":[{"href":"https:\/\/deportodos.com.ar\/2023\/wp-json\/wp\/v2\/types\/post"}],"author":[{"embeddable":true,"href":"https:\/\/deportodos.com.ar\/2023\/wp-json\/wp\/v2\/users\/2"}],"replies":[{"embeddable":true,"href":"https:\/\/deportodos.com.ar\/2023\/wp-json\/wp\/v2\/comments?post=3147"}],"version-history":[{"count":1,"href":"https:\/\/deportodos.com.ar\/2023\/wp-json\/wp\/v2\/posts\/3147\/revisions"}],"predecessor-version":[{"id":3151,"href":"https:\/\/deportodos.com.ar\/2023\/wp-json\/wp\/v2\/posts\/3147\/revisions\/3151"}],"wp:featuredmedia":[{"embeddable":true,"href":"https:\/\/deportodos.com.ar\/2023\/wp-json\/wp\/v2\/media\/3150"}],"wp:attachment":[{"href":"https:\/\/deportodos.com.ar\/2023\/wp-json\/wp\/v2\/media?parent=3147"}],"wp:term":[{"taxonomy":"category","embeddable":true,"href":"https:\/\/deportodos.com.ar\/2023\/wp-json\/wp\/v2\/categories?post=3147"},{"taxonomy":"post_tag","embeddable":true,"href":"https:\/\/deportodos.com.ar\/2023\/wp-json\/wp\/v2\/tags?post=3147"}],"curies":[{"name":"wp","href":"https:\/\/api.w.org\/{rel}","templated":true}]}}