{"id":3167,"date":"2025-03-05T12:42:16","date_gmt":"2025-03-05T12:42:16","guid":{"rendered":"https:\/\/deportodos.com.ar\/2023\/?p=3167"},"modified":"2025-03-05T12:42:18","modified_gmt":"2025-03-05T12:42:18","slug":"maria-grande-e-independiente-definiran-la-copa","status":"publish","type":"post","link":"https:\/\/deportodos.com.ar\/2023\/maria-grande-e-independiente-definiran-la-copa\/","title":{"rendered":"MAR\u00cdA GRANDE E INDEPENDIENTE DEFINIR\u00c1N LA COPA"},"content":{"rendered":"\n<p>La edici\u00f3n 2024\/25 de la la Copa Entre R\u00edos masculina ya tiene definidos a los dos equipos que disputar\u00e1n la serie final.<\/p>\n\n\n\n<p>Con los juegos revanchas de semifinales, disputados durante este feriado de carnaval, Atl\u00e9tico Mar\u00eda Grande e Independiente de Villa del Rosario lograron el pase a la llave definitoria del certamen entrerriano.<\/p>\n\n\n\n<p>Tras las suspensiones del d\u00eda domingo, debido a las intensas lluvias registradas en nuestra provincia, sendos encuentros fueron reprogramados para lunes y martes.<\/p>\n\n\n\n<p>En el primero de ellos, Atl\u00e9tico Mar\u00eda Grande venci\u00f3 2 a 1 a Lan\u00fas, mostrando superioridad absoluta en la serie, la cual cerr\u00f3 con puntaje ideal.<\/p>\n\n\n\n<p>Diego L\u00f3pez y Leandro Figueroa marcaron para el representativo de Paran\u00e1 Campa\u00f1a, en tanto que Fernando Gonz\u00e1lez le daba esperanzas al Granate.<\/p>\n\n\n\n<p>Un d\u00eda despu\u00e9s, Deportivo Urdinarrain venci\u00f3 2 a 0 a Independiente, aunque se trat\u00f3 de un triunfo poco festejado. La diferencia de tres goles obtenida por el Diablo en la ida hizo que la victoria del Depor no alcanzara para lograr el objetivo. David Telechea fue el autor de ambos goles en la noche urdinarraense.<\/p>\n\n\n\n<p>De esta manera, la presente edici\u00f3n copera tendr\u00e1 una final \u201cal rojo vivo\u201d. El pr\u00f3ximo fin de semana comenzar\u00e1 a desarrollarse la \u00faltima instancia del torneo. En el encuentro de ida, Atl\u00e9tico Mar\u00eda Grande ser\u00e1 local en el estadio Conrado Schamle.<\/p>\n\n\n\n<p>Una semana despu\u00e9s, la serie tendr\u00e1 su cap\u00edtulo final en La Caldera de Villa del Rosario.<\/p>\n\n\n\n<p>En s\u00edntesis, estos fueron los resultados y el detalle de c\u00f3mo se defini\u00f3 cada serie semifinal:<\/p>\n\n\n\n<p>Deportivo Urdinarrain 2 (3) \u2013<strong>&nbsp;Independiente (VdR)&nbsp;<\/strong>0 (4)<\/p>\n\n\n\n<p><em>Diego L\u00f3pez y Leandro Figueroa (DU)<\/em><\/p>\n\n\n\n<p><strong>Atl\u00e9tico Mar\u00eda Grande&nbsp;<\/strong>2 (5) \u2013 Lan\u00fas (CdU) 1 (3)<\/p>\n\n\n\n<p><em>Diego L\u00f3pez y Leandro Figueroa (AMG) \u2013 Fernando Gonz\u00e1lez (L)<\/em><\/p>\n\n\n\n<p><em>*Entre par\u00e9ntesis figuran los resultados globales de la serie.<\/em><\/p>\n\n\n\n<p><em>**En negrita, los clasificados a la final.<\/em><\/p>\n\n\n\n<blockquote class=\"wp-block-quote is-layout-flow wp-block-quote-is-layout-flow\">\n<p>www.federacionentrerrianadefutbol.org.ar<\/p>\n<\/blockquote>\n","protected":false},"excerpt":{"rendered":"<p>La edici\u00f3n 2024\/25 de la la Copa Entre R\u00edos masculina ya tiene definidos a los&#8230;<\/p>\n","protected":false},"author":2,"featured_media":3168,"comment_status":"open","ping_status":"open","sticky":false,"template":"","format":"standard","meta":{"footnotes":""},"categories":[36],"tags":[],"class_list":["post-3167","post","type-post","status-publish","format-standard","has-post-thumbnail","hentry","category-futbol"],"featured_image_urls":{"full":["https:\/\/deportodos.com.ar\/2023\/wp-content\/uploads\/2025\/03\/FEF-1.png",600,380,false],"thumbnail":["https:\/\/deportodos.com.ar\/2023\/wp-content\/uploads\/2025\/03\/FEF-1-150x150.png",150,150,true],"medium":["https:\/\/deportodos.com.ar\/2023\/wp-content\/uploads\/2025\/03\/FEF-1-300x190.png",300,190,true],"medium_large":["https:\/\/deportodos.com.ar\/2023\/wp-content\/uploads\/2025\/03\/FEF-1.png",600,380,false],"large":["https:\/\/deportodos.com.ar\/2023\/wp-content\/uploads\/2025\/03\/FEF-1.png",600,380,false],"1536x1536":["https:\/\/deportodos.com.ar\/2023\/wp-content\/uploads\/2025\/03\/FEF-1.png",600,380,false],"2048x2048":["https:\/\/deportodos.com.ar\/2023\/wp-content\/uploads\/2025\/03\/FEF-1.png",600,380,false],"covernews-featured":["https:\/\/deportodos.com.ar\/2023\/wp-content\/uploads\/2025\/03\/FEF-1.png",600,380,false],"covernews-medium":["https:\/\/deportodos.com.ar\/2023\/wp-content\/uploads\/2025\/03\/FEF-1-540x340.png",540,340,true]},"author_info":{"display_name":"c2530142","author_link":"https:\/\/deportodos.com.ar\/2023\/author\/c2530142\/"},"category_info":"<a href=\"https:\/\/deportodos.com.ar\/2023\/category\/futbol\/\" rel=\"category tag\">Futbol<\/a>","tag_info":"Futbol","comment_count":"0","_links":{"self":[{"href":"https:\/\/deportodos.com.ar\/2023\/wp-json\/wp\/v2\/posts\/3167","targetHints":{"allow":["GET"]}}],"collection":[{"href":"https:\/\/deportodos.com.ar\/2023\/wp-json\/wp\/v2\/posts"}],"about":[{"href":"https:\/\/deportodos.com.ar\/2023\/wp-json\/wp\/v2\/types\/post"}],"author":[{"embeddable":true,"href":"https:\/\/deportodos.com.ar\/2023\/wp-json\/wp\/v2\/users\/2"}],"replies":[{"embeddable":true,"href":"https:\/\/deportodos.com.ar\/2023\/wp-json\/wp\/v2\/comments?post=3167"}],"version-history":[{"count":1,"href":"https:\/\/deportodos.com.ar\/2023\/wp-json\/wp\/v2\/posts\/3167\/revisions"}],"predecessor-version":[{"id":3169,"href":"https:\/\/deportodos.com.ar\/2023\/wp-json\/wp\/v2\/posts\/3167\/revisions\/3169"}],"wp:featuredmedia":[{"embeddable":true,"href":"https:\/\/deportodos.com.ar\/2023\/wp-json\/wp\/v2\/media\/3168"}],"wp:attachment":[{"href":"https:\/\/deportodos.com.ar\/2023\/wp-json\/wp\/v2\/media?parent=3167"}],"wp:term":[{"taxonomy":"category","embeddable":true,"href":"https:\/\/deportodos.com.ar\/2023\/wp-json\/wp\/v2\/categories?post=3167"},{"taxonomy":"post_tag","embeddable":true,"href":"https:\/\/deportodos.com.ar\/2023\/wp-json\/wp\/v2\/tags?post=3167"}],"curies":[{"name":"wp","href":"https:\/\/api.w.org\/{rel}","templated":true}]}}