{"id":3170,"date":"2025-03-13T15:35:54","date_gmt":"2025-03-13T15:35:54","guid":{"rendered":"https:\/\/deportodos.com.ar\/2023\/?p=3170"},"modified":"2025-03-13T15:35:55","modified_gmt":"2025-03-13T15:35:55","slug":"independiente-se-lo-llevo-sobre-el-final","status":"publish","type":"post","link":"https:\/\/deportodos.com.ar\/2023\/independiente-se-lo-llevo-sobre-el-final\/","title":{"rendered":"INDEPENDIENTE SE LO LLEV\u00d3 SOBRE EL FINAL"},"content":{"rendered":"\n<p>El Rojo de Villa del Rosario consigui\u00f3 un ag\u00f3nico triunfo por 1 a 0 ante Atl\u00e9tico Mar\u00eda Grande, en la final de ida de la Copa Entre R\u00edos masculina.<\/p>\n\n\n\n<p>C\u00e9sar Gonz\u00e1lez, cuando se jugaban cuarenta y nueve minutos del complemento, capitaliz\u00f3 un rebote tras un remate de Nazareno Chaparro y anot\u00f3 el gol de la victoria.<\/p>\n\n\n\n<p>Tras la conquista, Lautaro Casta\u00f1ola marc\u00f3 el final del encuentro y no hubo tiempo para m\u00e1s. De esta manera, el equipo que representa a la Liga de Chajar\u00ed se lleva una m\u00ednima ventaja del Conrado Schamle, de cara a la revancha.<\/p>\n\n\n\n<p>En un juego que careci\u00f3 de jugadas de riesgo durante casi todo su tr\u00e1mite, Independiente fue algo m\u00e1s, aunque reci\u00e9n pudo rubricarlo sobre el final.<\/p>\n\n\n\n<p>La presente edici\u00f3n de la Copa tendr\u00e1 su \u00faltimo cap\u00edtulo el pr\u00f3ximo fin de semana, cuando se dispute la revancha de la serie en La Nueva Caldera de Villa del Rosario.<\/p>\n\n\n\n<p>Aunque Independiente tendr\u00e1 la chanche de defender esta ventaja como local en su reducto y ante su gente, la definici\u00f3n de la Copa se encuentra abierta y promete nuevas emociones.<\/p>\n\n\n\n<blockquote class=\"wp-block-quote is-layout-flow wp-block-quote-is-layout-flow\">\n<p>www.federacionentrerrianadefutbol.org.ar<\/p>\n<\/blockquote>\n","protected":false},"excerpt":{"rendered":"<p>El Rojo de Villa del Rosario consigui\u00f3 un ag\u00f3nico triunfo por 1 a 0 ante&#8230;<\/p>\n","protected":false},"author":2,"featured_media":3172,"comment_status":"open","ping_status":"open","sticky":false,"template":"","format":"standard","meta":{"footnotes":""},"categories":[36],"tags":[],"class_list":["post-3170","post","type-post","status-publish","format-standard","has-post-thumbnail","hentry","category-futbol"],"featured_image_urls":{"full":["https:\/\/deportodos.com.ar\/2023\/wp-content\/uploads\/2025\/03\/FEF-4.png",600,380,false],"thumbnail":["https:\/\/deportodos.com.ar\/2023\/wp-content\/uploads\/2025\/03\/FEF-4-150x150.png",150,150,true],"medium":["https:\/\/deportodos.com.ar\/2023\/wp-content\/uploads\/2025\/03\/FEF-4-300x190.png",300,190,true],"medium_large":["https:\/\/deportodos.com.ar\/2023\/wp-content\/uploads\/2025\/03\/FEF-4.png",600,380,false],"large":["https:\/\/deportodos.com.ar\/2023\/wp-content\/uploads\/2025\/03\/FEF-4.png",600,380,false],"1536x1536":["https:\/\/deportodos.com.ar\/2023\/wp-content\/uploads\/2025\/03\/FEF-4.png",600,380,false],"2048x2048":["https:\/\/deportodos.com.ar\/2023\/wp-content\/uploads\/2025\/03\/FEF-4.png",600,380,false],"covernews-featured":["https:\/\/deportodos.com.ar\/2023\/wp-content\/uploads\/2025\/03\/FEF-4.png",600,380,false],"covernews-medium":["https:\/\/deportodos.com.ar\/2023\/wp-content\/uploads\/2025\/03\/FEF-4-540x340.png",540,340,true]},"author_info":{"display_name":"c2530142","author_link":"https:\/\/deportodos.com.ar\/2023\/author\/c2530142\/"},"category_info":"<a href=\"https:\/\/deportodos.com.ar\/2023\/category\/futbol\/\" rel=\"category tag\">Futbol<\/a>","tag_info":"Futbol","comment_count":"0","_links":{"self":[{"href":"https:\/\/deportodos.com.ar\/2023\/wp-json\/wp\/v2\/posts\/3170","targetHints":{"allow":["GET"]}}],"collection":[{"href":"https:\/\/deportodos.com.ar\/2023\/wp-json\/wp\/v2\/posts"}],"about":[{"href":"https:\/\/deportodos.com.ar\/2023\/wp-json\/wp\/v2\/types\/post"}],"author":[{"embeddable":true,"href":"https:\/\/deportodos.com.ar\/2023\/wp-json\/wp\/v2\/users\/2"}],"replies":[{"embeddable":true,"href":"https:\/\/deportodos.com.ar\/2023\/wp-json\/wp\/v2\/comments?post=3170"}],"version-history":[{"count":1,"href":"https:\/\/deportodos.com.ar\/2023\/wp-json\/wp\/v2\/posts\/3170\/revisions"}],"predecessor-version":[{"id":3173,"href":"https:\/\/deportodos.com.ar\/2023\/wp-json\/wp\/v2\/posts\/3170\/revisions\/3173"}],"wp:featuredmedia":[{"embeddable":true,"href":"https:\/\/deportodos.com.ar\/2023\/wp-json\/wp\/v2\/media\/3172"}],"wp:attachment":[{"href":"https:\/\/deportodos.com.ar\/2023\/wp-json\/wp\/v2\/media?parent=3170"}],"wp:term":[{"taxonomy":"category","embeddable":true,"href":"https:\/\/deportodos.com.ar\/2023\/wp-json\/wp\/v2\/categories?post=3170"},{"taxonomy":"post_tag","embeddable":true,"href":"https:\/\/deportodos.com.ar\/2023\/wp-json\/wp\/v2\/tags?post=3170"}],"curies":[{"name":"wp","href":"https:\/\/api.w.org\/{rel}","templated":true}]}}