{"id":3223,"date":"2025-03-20T22:24:17","date_gmt":"2025-03-20T22:24:17","guid":{"rendered":"https:\/\/deportodos.com.ar\/2023\/?p=3223"},"modified":"2025-03-20T22:24:19","modified_gmt":"2025-03-20T22:24:19","slug":"gimnasia-se-estrenara-como-local-el-domingo","status":"publish","type":"post","link":"https:\/\/deportodos.com.ar\/2023\/gimnasia-se-estrenara-como-local-el-domingo\/","title":{"rendered":"GIMNASIA SE ESTRENAR\u00c1 COMO LOCAL EL DOMINGO"},"content":{"rendered":"\n<p>De manera oficial, el Consejo Federal del F\u00fatbol Argentino (CFFA) confirm\u00f3 c\u00f3mo se disputar\u00e1 la segunda fecha de la Zona 3 del Torneo Federal A. En ese marco, se determin\u00f3 el horario en el que Gimnasia de Concepci\u00f3n del Uruguay har\u00e1 su estreno como local. Tambi\u00e9n definieron al cuerpo arbitral que estar\u00e1 en&nbsp;<em>La Hist\u00f3rica<\/em>.<\/p>\n\n\n\n<p>El&nbsp;<em>Lobo<\/em>&nbsp;uruguayense jugar\u00e1 su primer partido como local este domingo 23 de marzo, desde las 15.30, ante Defensores de Belgrano de Villa Ramallo. En el partido que se disputar\u00e1 en el estadio Manuel y Ram\u00f3n N\u00fa\u00f1ez, el equipo de Diego Tonelotto intentar\u00e1 repetir el \u00e9xito de la primera jornada: en el debut venci\u00f3 1-0 a El Linque\u00f1o.<\/p>\n\n\n\n<p>Para este partido, el \u00e1rbitro ser\u00e1 Pablo N\u00fa\u00f1ez, acompa\u00f1ado por Marcelo Gonz\u00e1lez y Hern\u00e1n Salado Paz como jueces asistentes. El cuarto \u00e1rbitro ser\u00e1 Jes\u00fas Allegue. N\u00fa\u00f1ez, Gonz\u00e1lez y Allegue son de la Liga de San Juan; mientras que Salado Paz proviene de Tucum\u00e1n.<\/p>\n\n\n\n<p>La fecha tendr\u00e1 tres partidos m\u00e1s el domingo 23 y uno que se disputar\u00e1 el mi\u00e9rcoles 26. Los cotejos ser\u00e1n los siguientes:<br>-Domingo 23\/3:<br>16: Independiente (Chivilcoy) &#8211; El Linque\u00f1o.&nbsp;<strong>\u00c1rbitro:<\/strong>&nbsp;Juan Nebbietti (R\u00edo Colorado).<br>16.30: Douglas Haig &#8211; Gimnasia (Chivilcoy).&nbsp;<strong>\u00c1rbitro:<\/strong>&nbsp;Jos\u00e9 D\u00edaz (Villa Mercedes).<br>19.30: Ben Hur &#8211; Sportivo Belgrano.&nbsp;<strong>\u00c1rbitro:<\/strong>&nbsp;Luis Mart\u00ednez (San Rafael).<\/p>\n\n\n\n<p>-Mi\u00e9rcoles 26\/3:<br>21: Sportivo AC &#8211; 9 de Julio.&nbsp;<strong>\u00c1rbitro:<\/strong>&nbsp;Guillermo Gonz\u00e1lez (Resistencia).<\/p>\n\n\n\n<blockquote class=\"wp-block-quote is-layout-flow wp-block-quote-is-layout-flow\">\n<p>www.analisisdigital.com.ar<\/p>\n<\/blockquote>\n","protected":false},"excerpt":{"rendered":"<p>De manera oficial, el Consejo Federal del F\u00fatbol Argentino (CFFA) confirm\u00f3 c\u00f3mo se disputar\u00e1 la&#8230;<\/p>\n","protected":false},"author":2,"featured_media":3225,"comment_status":"open","ping_status":"open","sticky":false,"template":"","format":"standard","meta":{"footnotes":""},"categories":[36],"tags":[],"class_list":["post-3223","post","type-post","status-publish","format-standard","has-post-thumbnail","hentry","category-futbol"],"featured_image_urls":{"full":["https:\/\/deportodos.com.ar\/2023\/wp-content\/uploads\/2025\/03\/gimnasia_-_defensores_vr_0.jpg",450,300,false],"thumbnail":["https:\/\/deportodos.com.ar\/2023\/wp-content\/uploads\/2025\/03\/gimnasia_-_defensores_vr_0-150x150.jpg",150,150,true],"medium":["https:\/\/deportodos.com.ar\/2023\/wp-content\/uploads\/2025\/03\/gimnasia_-_defensores_vr_0-300x200.jpg",300,200,true],"medium_large":["https:\/\/deportodos.com.ar\/2023\/wp-content\/uploads\/2025\/03\/gimnasia_-_defensores_vr_0.jpg",450,300,false],"large":["https:\/\/deportodos.com.ar\/2023\/wp-content\/uploads\/2025\/03\/gimnasia_-_defensores_vr_0.jpg",450,300,false],"1536x1536":["https:\/\/deportodos.com.ar\/2023\/wp-content\/uploads\/2025\/03\/gimnasia_-_defensores_vr_0.jpg",450,300,false],"2048x2048":["https:\/\/deportodos.com.ar\/2023\/wp-content\/uploads\/2025\/03\/gimnasia_-_defensores_vr_0.jpg",450,300,false],"covernews-featured":["https:\/\/deportodos.com.ar\/2023\/wp-content\/uploads\/2025\/03\/gimnasia_-_defensores_vr_0.jpg",450,300,false],"covernews-medium":["https:\/\/deportodos.com.ar\/2023\/wp-content\/uploads\/2025\/03\/gimnasia_-_defensores_vr_0.jpg",450,300,false]},"author_info":{"display_name":"c2530142","author_link":"https:\/\/deportodos.com.ar\/2023\/author\/c2530142\/"},"category_info":"<a href=\"https:\/\/deportodos.com.ar\/2023\/category\/futbol\/\" rel=\"category tag\">Futbol<\/a>","tag_info":"Futbol","comment_count":"0","_links":{"self":[{"href":"https:\/\/deportodos.com.ar\/2023\/wp-json\/wp\/v2\/posts\/3223","targetHints":{"allow":["GET"]}}],"collection":[{"href":"https:\/\/deportodos.com.ar\/2023\/wp-json\/wp\/v2\/posts"}],"about":[{"href":"https:\/\/deportodos.com.ar\/2023\/wp-json\/wp\/v2\/types\/post"}],"author":[{"embeddable":true,"href":"https:\/\/deportodos.com.ar\/2023\/wp-json\/wp\/v2\/users\/2"}],"replies":[{"embeddable":true,"href":"https:\/\/deportodos.com.ar\/2023\/wp-json\/wp\/v2\/comments?post=3223"}],"version-history":[{"count":1,"href":"https:\/\/deportodos.com.ar\/2023\/wp-json\/wp\/v2\/posts\/3223\/revisions"}],"predecessor-version":[{"id":3224,"href":"https:\/\/deportodos.com.ar\/2023\/wp-json\/wp\/v2\/posts\/3223\/revisions\/3224"}],"wp:featuredmedia":[{"embeddable":true,"href":"https:\/\/deportodos.com.ar\/2023\/wp-json\/wp\/v2\/media\/3225"}],"wp:attachment":[{"href":"https:\/\/deportodos.com.ar\/2023\/wp-json\/wp\/v2\/media?parent=3223"}],"wp:term":[{"taxonomy":"category","embeddable":true,"href":"https:\/\/deportodos.com.ar\/2023\/wp-json\/wp\/v2\/categories?post=3223"},{"taxonomy":"post_tag","embeddable":true,"href":"https:\/\/deportodos.com.ar\/2023\/wp-json\/wp\/v2\/tags?post=3223"}],"curies":[{"name":"wp","href":"https:\/\/api.w.org\/{rel}","templated":true}]}}