{"id":3230,"date":"2025-03-21T12:15:04","date_gmt":"2025-03-21T12:15:04","guid":{"rendered":"https:\/\/deportodos.com.ar\/2023\/?p=3230"},"modified":"2025-03-21T12:15:07","modified_gmt":"2025-03-21T12:15:07","slug":"este-viernes-se-disputara-el-clasico-de-san-salvador","status":"publish","type":"post","link":"https:\/\/deportodos.com.ar\/2023\/este-viernes-se-disputara-el-clasico-de-san-salvador\/","title":{"rendered":"ESTE VIERNES SE DISPUTAR\u00c1 EL CLASICO DE SAN SALVADOR"},"content":{"rendered":"\n<p>ste viernes, la acci\u00f3n correspondiente a la Liga Federal de B\u00e1squet se ver\u00e1 reducida a solo un partido. En el estadio del Club Deportivo Ferrocarril de San Salvador se jugar\u00e1 el cl\u00e1sico de la ciudad entre Ferro y Sportivo San Salvador. El partido comenzar\u00e1 a las 21.30 y ser\u00e1 importante para ambos, de mal arranque en el certamen<\/p>\n\n\n\n<p>Hasta el momento los dos jugaron tres partidos, pero sus resultados no fueron los mismos. Sportivo fue el \u00faltimo en jugar y logr\u00f3 una victoria en condici\u00f3n de local a inicios de esta semana frente a Atl\u00e9tico Tala por 73-65. Ese \u00e9xito lo dej\u00f3 con un r\u00e9cord de 2-1 en la s\u00e9ptima posici\u00f3n de la tabla.<\/p>\n\n\n\n<p>Ferrocarril, por su parte, cay\u00f3 en su \u00faltima presentaci\u00f3n el viernes 14 frente a Ciclista de Paran\u00e1. Fue en condici\u00f3n de visitante, por 78-72, con lo que le qued\u00f3 un acumulado de 1-2 que lo releg\u00f3 al octavo lugar, solo por encima de Urquiza de Santa Elena, que perdi\u00f3 todos sus encuentros.<\/p>\n\n\n\n<p>Una victoria ser\u00eda clave para ambos con el af\u00e1n de acomodarse dentro de la tabla de posiciones de un grupo que con este partido ya habr\u00e1 disputado sus primeras cuatro fechas de manera \u00edntegra.<\/p>\n\n\n\n<p>La actividad continuar\u00e1 el s\u00e1bado tambi\u00e9n con un encuentro: BH de Gualeguay ser\u00e1 anfitri\u00f3n de Ciclista de Paran\u00e1 a partir de las 21.30 en el estadio Islas Malvinas.<\/p>\n\n\n\n<p><strong>Fixture &#8211; Conferencia Litoral &#8211; Liga Federal de B\u00e1squet<\/strong><br>-Viernes 21\/3:<br>21.30: Ferro &#8211; Sportivo.<\/p>\n\n\n\n<p>-S\u00e1bado 22\/3:<br>21.30: BH &#8211; Ciclista.<\/p>\n\n\n\n<p>-Domingo 23\/3:<br>21: Central Entrerriano &#8211; Sportivo San Salvador.<br>21.30: Luis Luciano &#8211; Atl\u00e9tico Tala.<\/p>\n\n\n\n<p>Foto:&nbsp;<em>Archivo &#8211; Sansa Deportes<\/em>.<\/p>\n\n\n\n<p><\/p>\n\n\n\n<blockquote class=\"wp-block-quote is-layout-flow wp-block-quote-is-layout-flow\">\n<p>www.analisisdigital.com.ar<\/p>\n<\/blockquote>\n","protected":false},"excerpt":{"rendered":"<p>ste viernes, la acci\u00f3n correspondiente a la Liga Federal de B\u00e1squet se ver\u00e1 reducida a&#8230;<\/p>\n","protected":false},"author":2,"featured_media":3231,"comment_status":"open","ping_status":"open","sticky":false,"template":"","format":"standard","meta":{"footnotes":""},"categories":[9],"tags":[],"class_list":["post-3230","post","type-post","status-publish","format-standard","has-post-thumbnail","hentry","category-basquet"],"featured_image_urls":{"full":["https:\/\/deportodos.com.ar\/2023\/wp-content\/uploads\/2025\/03\/ferro_-_sportivo.jpg",450,300,false],"thumbnail":["https:\/\/deportodos.com.ar\/2023\/wp-content\/uploads\/2025\/03\/ferro_-_sportivo-150x150.jpg",150,150,true],"medium":["https:\/\/deportodos.com.ar\/2023\/wp-content\/uploads\/2025\/03\/ferro_-_sportivo-300x200.jpg",300,200,true],"medium_large":["https:\/\/deportodos.com.ar\/2023\/wp-content\/uploads\/2025\/03\/ferro_-_sportivo.jpg",450,300,false],"large":["https:\/\/deportodos.com.ar\/2023\/wp-content\/uploads\/2025\/03\/ferro_-_sportivo.jpg",450,300,false],"1536x1536":["https:\/\/deportodos.com.ar\/2023\/wp-content\/uploads\/2025\/03\/ferro_-_sportivo.jpg",450,300,false],"2048x2048":["https:\/\/deportodos.com.ar\/2023\/wp-content\/uploads\/2025\/03\/ferro_-_sportivo.jpg",450,300,false],"covernews-featured":["https:\/\/deportodos.com.ar\/2023\/wp-content\/uploads\/2025\/03\/ferro_-_sportivo.jpg",450,300,false],"covernews-medium":["https:\/\/deportodos.com.ar\/2023\/wp-content\/uploads\/2025\/03\/ferro_-_sportivo.jpg",450,300,false]},"author_info":{"display_name":"c2530142","author_link":"https:\/\/deportodos.com.ar\/2023\/author\/c2530142\/"},"category_info":"<a href=\"https:\/\/deportodos.com.ar\/2023\/category\/basquet\/\" rel=\"category tag\">Basquet<\/a>","tag_info":"Basquet","comment_count":"0","_links":{"self":[{"href":"https:\/\/deportodos.com.ar\/2023\/wp-json\/wp\/v2\/posts\/3230","targetHints":{"allow":["GET"]}}],"collection":[{"href":"https:\/\/deportodos.com.ar\/2023\/wp-json\/wp\/v2\/posts"}],"about":[{"href":"https:\/\/deportodos.com.ar\/2023\/wp-json\/wp\/v2\/types\/post"}],"author":[{"embeddable":true,"href":"https:\/\/deportodos.com.ar\/2023\/wp-json\/wp\/v2\/users\/2"}],"replies":[{"embeddable":true,"href":"https:\/\/deportodos.com.ar\/2023\/wp-json\/wp\/v2\/comments?post=3230"}],"version-history":[{"count":1,"href":"https:\/\/deportodos.com.ar\/2023\/wp-json\/wp\/v2\/posts\/3230\/revisions"}],"predecessor-version":[{"id":3232,"href":"https:\/\/deportodos.com.ar\/2023\/wp-json\/wp\/v2\/posts\/3230\/revisions\/3232"}],"wp:featuredmedia":[{"embeddable":true,"href":"https:\/\/deportodos.com.ar\/2023\/wp-json\/wp\/v2\/media\/3231"}],"wp:attachment":[{"href":"https:\/\/deportodos.com.ar\/2023\/wp-json\/wp\/v2\/media?parent=3230"}],"wp:term":[{"taxonomy":"category","embeddable":true,"href":"https:\/\/deportodos.com.ar\/2023\/wp-json\/wp\/v2\/categories?post=3230"},{"taxonomy":"post_tag","embeddable":true,"href":"https:\/\/deportodos.com.ar\/2023\/wp-json\/wp\/v2\/tags?post=3230"}],"curies":[{"name":"wp","href":"https:\/\/api.w.org\/{rel}","templated":true}]}}