{"id":3234,"date":"2025-03-21T20:21:53","date_gmt":"2025-03-21T20:21:53","guid":{"rendered":"https:\/\/deportodos.com.ar\/2023\/?p=3234"},"modified":"2025-03-21T20:21:54","modified_gmt":"2025-03-21T20:21:54","slug":"parana-abre-la-temporadas-2025-del-karting-entrerriano","status":"publish","type":"post","link":"https:\/\/deportodos.com.ar\/2023\/parana-abre-la-temporadas-2025-del-karting-entrerriano\/","title":{"rendered":"PARAN\u00c1 ABRE LA TEMPORADAS 2025 DEL KARTING ENTRERRIANO"},"content":{"rendered":"\n<p><strong>El pr\u00f3ximo fin de semana, el Campeonato Entrerriano de Karting comenzar\u00e1 su temporada 2025 en el aut\u00f3dromo del Club de Volantes Entrerrianos, ser\u00e1 su regreso a la capital provincial luego de casi tres a\u00f1os de ausencia.<\/strong><\/p>\n\n\n\n<p>Despu\u00e9s de la reprogramaci\u00f3n de la primera fecha del campeonato ya que el factor metereologico no dej\u00f3 iniciar el campeonato en comienzos de marzo, tres semanas despues se pondr\u00e1 en marcha, en Paran\u00e1 la temporada 2025 que trae grandes novedades. Una de elllas es el cambio de neumaticos que a partir de este fin de semana ser\u00e1 la goma Maxxis Option Sello Rojo, neumatico que tambien se utiliza en el mundial de Karting organizado por la FIA. Otro de los cambios es la unificaci\u00f3n de la 150cc Master \u00abC\u00bb (mayores de 48 a\u00f1os) que a partir de este campeonato correr\u00e1 como categor\u00eda \u00fanica y separada de la Mayores \u00abC\u00bb. Y la gran innovaci\u00f3n, sin lugar a dudas, pasa por la creaci\u00f3n e incoporacii\u00f3n de la nueva divisional, la \u00ab150cc STD mejorada\u00bb que ser\u00e1 la mas potente de todas con un m\u00e1ximo de veinte caballos de fuerza.<\/p>\n\n\n\n<p>Hay una gran expectativa para el arranque, tanto por el parque automotor como por las renovaciones reglamentarias y el clima que se espera. Como agregado, ser\u00e1 el regreso del Campeonato Entrerriano de Karting a la \u201cCapital de la Provincia\u201d tras casi tres a\u00f1os, ya que la \u00faltima visita se dio en la primera fecha del 2022, los d\u00edas 2 y 3 de abril, con 150 karts. En esa ocasi\u00f3n, vencieron Juan Manuel Percara (125cc Internacional), Pablo Zapata y Leonardo Palombizio (150cc Mayores \u201cC\u201d), Brisa Ramos y Exequiel Bastidas (150cc Mayores \u201cB\u201d), Thiago Coffy (150cc Junior \u201cA), Felipe Saloj (150cc Promocional), Francesco Charreun (110cc Escuela) y Dario Dappen (150cc Master \u00abC\u00bb).<\/p>\n\n\n\n<p>En cuanto a las novedades entre los pilotos de cada categor\u00eda, destacamos las principales, basadas en los m\u00e1s de 150 inscriptos provisorios que hay al cierre de esta edici\u00f3n:<\/p>\n\n\n\n<p><strong><u>\u2013 150cc \u00abSTD MEJORADA\u00bb&nbsp;<\/u><\/strong>: Nueva dividisional que trae pilotos que provienen de las categor\u00edas 150cc \u00abA\u00bb, \u00abB\u00bb y \u00abC\u00bb<\/p>\n\n\n\n<p><strong><u>\u2013 150cc MAYORES \u201cC\u201d:<\/u><\/strong>&nbsp;se suman Sebasti\u00e1n Reynoso (Gualeguaych\u00fa), debuta el local Jose Almiron (Parana), regresan Jaun Manuel Franchini (Gualeguyach\u00fa), Walter Bianchini (Maria Grande), Lisandro Azcue (Concordia) y Mariano Kablan (Gualeguay) entre otros.<\/p>\n\n\n\n<p><strong><u>\u2013 150cc MASTER \u201cC\u201d:<\/u><\/strong>&nbsp;Regresa Joaqu\u00edn Veronesi (Gualeguaych\u00fa). Debuta Yamil Hamdan (Victoria).<\/p>\n\n\n\n<p><strong><u>\u2013 150cc MAYORES \u201cB\u201d:<\/u><\/strong>&nbsp;se estrenan Santiago Robolo (Santa F\u00e9), Segundo Barroso (Lucas Gonzalez), Francisco Canteros (General Galarza), Cristhian Pasqualini (Concordia), Uriel Schmukler (San Salvador), Heber Lamboglia (Paran\u00e1).<\/p>\n\n\n\n<p><strong><u>\u2013 150cc JUNIOR \u201cA\u201d:<\/u><\/strong>&nbsp;Debutan Tiago Uron Laurenzo (Concepci\u00f3n del Uruguay), El \u00faltimo campe\u00f3n de la Promocional Tiziano Cantero (Valle Maria), Luca Letroye (CABA) y Santino Canova (Nogoy\u00e1). Regresan Alejandro Correa (Gualeguay). Guido Gay (San jos\u00e9) y Bautista Mastroiacovo (Gualeguay).<\/p>\n\n\n\n<p><strong><u>\u2013 150cc PROMOCIONAL:<\/u><\/strong>&nbsp;se incorporan el local Ciro mizawak, Cipriano Rein (General Galarza), los provenientes de la 110 Escuela Maximo Montiel (Santa Fe), Gonzalo Callejas (Piriapolis, Uruguay), Benjamin Iglesias (Nogoy\u00e1), Alejandro Pralong Raviol (Hocker), Lorenzo Gonzalez Wernli (San Benito) y Benjamin Wagner Kler (Crespo). Tambien se daran los regresos de Eddy Mion (Pando, Uruguay) y Felipe Beade (Villaguay).<\/p>\n\n\n\n<p><strong><u>\u2013 110cc ESCUELA:<\/u><\/strong>&nbsp;debutan Salvador Werner (Paran\u00e1), Emilio Dermarlenge.<\/p>\n\n\n\n<p>La apertura del \u00e1utodromo ser\u00e1 desde las 13hs del Jueves 20, mientras que el viernes de 10 a 18hs seran los entrenamientos no oficiales a cargo del Club de Volantes Entrerrianos. La actividad oficial arrancar\u00e1 como siempre el d\u00eda s\u00e1bado con las pruebas oficiales (3 tandas) y las clasificaciones y continuar\u00e1 el domingo con la disputa de las series y las pruebas finales, que ser\u00e1n transmitidas en vivo y en directo por Perika Producciones en YouTube y en Televisi\u00f3n a traves de la AET (asociaci\u00f3n entrerriana de telecomunicaciones).<\/p>\n\n\n\n<blockquote class=\"wp-block-quote is-layout-flow wp-block-quote-is-layout-flow\">\n<p>www.kartingentrerriano.com.ar<\/p>\n<\/blockquote>\n","protected":false},"excerpt":{"rendered":"<p>El pr\u00f3ximo fin de semana, el Campeonato Entrerriano de Karting comenzar\u00e1 su temporada 2025 en&#8230;<\/p>\n","protected":false},"author":2,"featured_media":3235,"comment_status":"open","ping_status":"open","sticky":false,"template":"","format":"standard","meta":{"footnotes":""},"categories":[48],"tags":[],"class_list":["post-3234","post","type-post","status-publish","format-standard","has-post-thumbnail","hentry","category-karting"],"featured_image_urls":{"full":["https:\/\/deportodos.com.ar\/2023\/wp-content\/uploads\/2025\/03\/WhatsApp-Image-2025-03-19-at-7.02.02-PM.jpeg",1220,887,false],"thumbnail":["https:\/\/deportodos.com.ar\/2023\/wp-content\/uploads\/2025\/03\/WhatsApp-Image-2025-03-19-at-7.02.02-PM-150x150.jpeg",150,150,true],"medium":["https:\/\/deportodos.com.ar\/2023\/wp-content\/uploads\/2025\/03\/WhatsApp-Image-2025-03-19-at-7.02.02-PM-300x218.jpeg",300,218,true],"medium_large":["https:\/\/deportodos.com.ar\/2023\/wp-content\/uploads\/2025\/03\/WhatsApp-Image-2025-03-19-at-7.02.02-PM-768x558.jpeg",640,465,true],"large":["https:\/\/deportodos.com.ar\/2023\/wp-content\/uploads\/2025\/03\/WhatsApp-Image-2025-03-19-at-7.02.02-PM-1024x744.jpeg",640,465,true],"1536x1536":["https:\/\/deportodos.com.ar\/2023\/wp-content\/uploads\/2025\/03\/WhatsApp-Image-2025-03-19-at-7.02.02-PM.jpeg",1220,887,false],"2048x2048":["https:\/\/deportodos.com.ar\/2023\/wp-content\/uploads\/2025\/03\/WhatsApp-Image-2025-03-19-at-7.02.02-PM.jpeg",1220,887,false],"covernews-featured":["https:\/\/deportodos.com.ar\/2023\/wp-content\/uploads\/2025\/03\/WhatsApp-Image-2025-03-19-at-7.02.02-PM-1024x744.jpeg",1024,744,true],"covernews-medium":["https:\/\/deportodos.com.ar\/2023\/wp-content\/uploads\/2025\/03\/WhatsApp-Image-2025-03-19-at-7.02.02-PM-540x340.jpeg",540,340,true]},"author_info":{"display_name":"c2530142","author_link":"https:\/\/deportodos.com.ar\/2023\/author\/c2530142\/"},"category_info":"<a href=\"https:\/\/deportodos.com.ar\/2023\/category\/karting\/\" rel=\"category tag\">Karting<\/a>","tag_info":"Karting","comment_count":"0","_links":{"self":[{"href":"https:\/\/deportodos.com.ar\/2023\/wp-json\/wp\/v2\/posts\/3234","targetHints":{"allow":["GET"]}}],"collection":[{"href":"https:\/\/deportodos.com.ar\/2023\/wp-json\/wp\/v2\/posts"}],"about":[{"href":"https:\/\/deportodos.com.ar\/2023\/wp-json\/wp\/v2\/types\/post"}],"author":[{"embeddable":true,"href":"https:\/\/deportodos.com.ar\/2023\/wp-json\/wp\/v2\/users\/2"}],"replies":[{"embeddable":true,"href":"https:\/\/deportodos.com.ar\/2023\/wp-json\/wp\/v2\/comments?post=3234"}],"version-history":[{"count":1,"href":"https:\/\/deportodos.com.ar\/2023\/wp-json\/wp\/v2\/posts\/3234\/revisions"}],"predecessor-version":[{"id":3236,"href":"https:\/\/deportodos.com.ar\/2023\/wp-json\/wp\/v2\/posts\/3234\/revisions\/3236"}],"wp:featuredmedia":[{"embeddable":true,"href":"https:\/\/deportodos.com.ar\/2023\/wp-json\/wp\/v2\/media\/3235"}],"wp:attachment":[{"href":"https:\/\/deportodos.com.ar\/2023\/wp-json\/wp\/v2\/media?parent=3234"}],"wp:term":[{"taxonomy":"category","embeddable":true,"href":"https:\/\/deportodos.com.ar\/2023\/wp-json\/wp\/v2\/categories?post=3234"},{"taxonomy":"post_tag","embeddable":true,"href":"https:\/\/deportodos.com.ar\/2023\/wp-json\/wp\/v2\/tags?post=3234"}],"curies":[{"name":"wp","href":"https:\/\/api.w.org\/{rel}","templated":true}]}}