{"id":3254,"date":"2025-03-25T20:44:52","date_gmt":"2025-03-25T20:44:52","guid":{"rendered":"https:\/\/deportodos.com.ar\/2023\/?p=3254"},"modified":"2025-03-25T20:44:54","modified_gmt":"2025-03-25T20:44:54","slug":"exitoso-comienzo-de-temporada-en-el-regreso-a-parana","status":"publish","type":"post","link":"https:\/\/deportodos.com.ar\/2023\/exitoso-comienzo-de-temporada-en-el-regreso-a-parana\/","title":{"rendered":"EXITOSO COMIENZO DE TEMPORADA EN EL REGRESO A PARAN\u00c1"},"content":{"rendered":"\n<p><strong>Este pasado fin de semana, el Campeonato Entrerriano de Karting inici\u00f3 su Campeonato 2025 en el Club de Volantes Entrerrianos con mas de 150 Karts en pista en sus siete categor\u00edas. Santino Stuber, Gustavo Grimaldi, Joaqu\u00edn Pagola, Malco Estebenet, Alejo Weiss, Agust\u00edn Fabian, Thomas Carrancio y el \u00abGur\u00ed\u00bb Martinez fueron los primeros ganadores de la temporada en el Gran Premio Nexo Aberturas.<\/strong><\/p>\n\n\n\n<p>Despu\u00e9s de un gran viernes de acci\u00f3n, con los seis entrenamientos no oficiales organizado por el \u00c1utodormo de Parana, el s\u00e1bado se disputaron los ensayos oficiales y las primeras clasificaciones del a\u00f1o donde un a\u00f1o m\u00e1s, el Karting Entrerriano volvi\u00f3 a demostrar la paridad en cada una de sus categor\u00edas, sobresaliendo la 150cc Junior \u00abA\u00bb con 23 de 26 pilotos en un segundo y la 150cc Mayores \u00abB\u00bb donde 29 protagonistas se ubicaron en la misma diferencia.<\/p>\n\n\n\n<p>El domingo encumbr\u00f3 la actividad principal de esta primera fecha del Campeonato Entrerriano de Karting en el Club de Volantes Entrerrianos. Primero, con la realizaci\u00f3n de las trece series y, m\u00e1s tarde, con el plato fuerte de las ocho pruebas finales. Todo, bajo un clima que por momentos amenazaba con una peque\u00f1a gar\u00faa, que nunca logr\u00f3 transformarse en lluvia.<\/p>\n\n\n\n<p>Los ganadores de los trece parciales matutinos fueron los siguientes: Alejo Weiss, Malco Estebenet, Elias Minini (150cc Mayores \u201cB\u201d), Mario Gomez, Jorge Trabichet, Leandro Gonzalez (150cc Mayores \u201cC\u201d), Alvaro Sabisky (110cc Escuela), Gustavo Grimaldi, Kamila Lugrin (150cc Promocional), Benjamin Cordani, Joaqu\u00edn Pagola (150cc Junior \u201cA\u201d), Uriel Rodriguez (150cc STD Mejorada) y Omar Martinez (150cc Master \u00abC\u00bb). Una vez finalizada las series, la Escuela Light con 7 peque\u00f1os p\u00eclotos en pista cerr\u00f3 su participaci\u00f3n en la jornada con su exhibici\u00f3n.<\/p>\n\n\n\n<p>A continuaci\u00f3n, las pruebas finales. Como es habitual, el fuego lo abrieron las dos competencias de la numerosa 150cc Mayores \u201cB\u201d que present\u00f3 39 protagonistas. En la primera, el de Maria Grande Malco Estebenet la gan\u00f3 de principio a fin, aunque durante toda la carrera hubo lucha por la punta. Fue escoltado por Agust\u00edn Dezan y Andres Garcia, ya que Cabrol que fue tercero en pista, no pas\u00f3 el banco. Y en la carrera restante, El de Colonia Crespo Alejo Weiss fue contundente de semaforo a bandera, secundado por el actu\u00e1l campe\u00f3n Franco Balbuena y Luca Fiorotto.<\/p>\n\n\n\n<p>Lo siguiente fue la 150cc Mayores \u201cC\u201d que nos regal\u00f3 una vibrante y friccionada final con 32 pilotos en pista. Las emociones vendr\u00edan por el espect\u00e1culo a puro sobrepaso, ya que el chajariense Agust\u00edn Fabian que hab\u00eda largado sexto, se quedo con la primera victoria de la temporada. Leandro Gonz\u00e1lez y Mario Gomez completaron el podio. Los otros destacados fueron Sebasti\u00e1n Reynoso que desde el cajon 14 de largada, arrib\u00f3 4to. Omar el \u00abGur\u00ed\u00bb Martinez que trep\u00f3 del puesto 21 a 7mo. Y el campe\u00f3n de la divisional Pablo Zapata que pese a avanzar 14 puestos, se ubico P12 y no logr\u00f3 sumar puntos.<\/p>\n\n\n\n<p>Luego vinieron los m\u00e1s chicos, la 110cc Escuela brindo un gran espectaculo. Las primeras novedades llegaban rapidamente, porque en el primer giro ya se mostraba el cartel de cinco segundos de recargo para Sabisky y Piazcenza por falsa larga. Fue una final muy entretenida con muchos sobrepasos y roces. En pista gan\u00f3 Alvaro Sabisky, pero la sanci\u00f3n lo ubico segundo. El de Basavilbaso Santino Stuber hered\u00f3 su primera victoria en la categor\u00eda, luego de largar desde el quinto caj\u00f3n. Hab\u00eda llegado tercero en pista Valentino Benigni, pero tambien sufrio un recargo, lo que defini\u00f3 que Santiago Secchi complete el podio.<\/p>\n\n\n\n<p>Todo sigui\u00f3 con la 150cc Junior \u201cA\u201d, que tuvo batalla por la punta en los primeros giros sin cambios de posici\u00f3n, Cordani intento con Pagola pero nunca pudo y antes del ingreso a la recta principal cuando se iba a mostrar el cartel de \u00faltimo giro, el kart 54 dijo basta y debi\u00f3 abandonar. Finalmente, el de Federal Joaquin Pagola fue el ganador, Bautista Milevcic y Camila Cechini en su primer podio fueron los escoltas (en pista hab\u00eda sido tercero Guido Gay, luego excluido por pasarse en el banco).<\/p>\n\n\n\n<p>Aproximadamente a las 15hs se larg\u00f3 la 150cc Promocional que brindo un carreron desde que el semaforo se puso en verde. En todos los giros cambiaba la punta, sobrepasos, toques, errores y aciertos hicieron que fuera una de las mejores finales de la tarde. Por momentos lider\u00f3 Lugrin, por otros Carrillo y tambien Grimaldi, todo cambiaba vuelta a vuelta. Lamentablemente en los \u00faltimos metros de carrera y cuando eran nueve los pilotos peleando por la ganar la primera del a\u00f1o, lleg\u00f3 un fuerte accidente donde Juan Manuel Bruzzera se llev\u00f3 la peor parte. Para tranquilidad de todos, no pas\u00f3 a mayores y un d\u00eda despues fue dado de alta sin lesiones importantes. En lo deportivo que pas\u00f3 a segundo plano, se termin\u00f3 con roja y los resultados fueron determinados por el \u00faltimo paso por la recta principal. Kamila Lugrin fue la vencedora en pista, pero la tecnica y el banco dijeron lo contrario, por tolerancia cay\u00f3 al 6to puesto del clasificador. Finalmente el pace\u00f1o Gustavo Grimaldi hered\u00f3 su primer triunfo en la divisional. El correntino Tom\u00e1s Carrillo y el concordiense Gaspar Maschio completaron el podio.<\/p>\n\n\n\n<p>La categor\u00eda 150cc STD Mejorada hizo su debut absoluto en el Karting Entrerriano con once pilotos en pista. En un mano a mano vibrante por la victoria. Thomas Carrancio prevaleci\u00f3 sobre Uriel Rodriguez con una gran maniobra en el final de la carrera. En un lindo duelo de cinco maquinas, Sofia Percara se quedo con lo justo, con el ultimo escalon del podio.<\/p>\n\n\n\n<p>Por \u00faltimo, la 150cc Master \u00abC\u00bb (+ 48 a\u00f1os) unificada como \u00fanica categor\u00eda en pista. Omar \u00abGur\u00ed\u00bb Martinez mostr\u00f3 solidez absoluta para alzarse con la victoria con una tranquilizadora diferencia. Por su parte Mat\u00edas Iriarte pudo aguantar los embates de Francisco Michelli, segundo y tercero respectivamente en la primera de a\u00f1o del Campeonato Entrerriano de Karting.<\/p>\n\n\n\n<p>La pr\u00f3xima visita ser\u00e1 el 12 y 13 de Abril en Gualeguay, por la segunda fecha de la Temporada 2025.<\/p>\n\n\n\n<blockquote class=\"wp-block-quote is-layout-flow wp-block-quote-is-layout-flow\">\n<p>www.kartingentrerriano.com.ar<\/p>\n<\/blockquote>\n","protected":false},"excerpt":{"rendered":"<p>Este pasado fin de semana, el Campeonato Entrerriano de Karting inici\u00f3 su Campeonato 2025 en&#8230;<\/p>\n","protected":false},"author":2,"featured_media":3255,"comment_status":"open","ping_status":"open","sticky":false,"template":"","format":"standard","meta":{"footnotes":""},"categories":[6],"tags":[],"class_list":["post-3254","post","type-post","status-publish","format-standard","has-post-thumbnail","hentry","category-automovilismo"],"featured_image_urls":{"full":["https:\/\/deportodos.com.ar\/2023\/wp-content\/uploads\/2025\/03\/IMG-20250325-WA0100.jpg",1599,900,false],"thumbnail":["https:\/\/deportodos.com.ar\/2023\/wp-content\/uploads\/2025\/03\/IMG-20250325-WA0100-150x150.jpg",150,150,true],"medium":["https:\/\/deportodos.com.ar\/2023\/wp-content\/uploads\/2025\/03\/IMG-20250325-WA0100-300x169.jpg",300,169,true],"medium_large":["https:\/\/deportodos.com.ar\/2023\/wp-content\/uploads\/2025\/03\/IMG-20250325-WA0100-768x432.jpg",640,360,true],"large":["https:\/\/deportodos.com.ar\/2023\/wp-content\/uploads\/2025\/03\/IMG-20250325-WA0100-1024x576.jpg",640,360,true],"1536x1536":["https:\/\/deportodos.com.ar\/2023\/wp-content\/uploads\/2025\/03\/IMG-20250325-WA0100-1536x865.jpg",1536,865,true],"2048x2048":["https:\/\/deportodos.com.ar\/2023\/wp-content\/uploads\/2025\/03\/IMG-20250325-WA0100.jpg",1599,900,false],"covernews-featured":["https:\/\/deportodos.com.ar\/2023\/wp-content\/uploads\/2025\/03\/IMG-20250325-WA0100-1024x576.jpg",1024,576,true],"covernews-medium":["https:\/\/deportodos.com.ar\/2023\/wp-content\/uploads\/2025\/03\/IMG-20250325-WA0100-540x340.jpg",540,340,true]},"author_info":{"display_name":"c2530142","author_link":"https:\/\/deportodos.com.ar\/2023\/author\/c2530142\/"},"category_info":"<a href=\"https:\/\/deportodos.com.ar\/2023\/category\/automovilismo\/\" rel=\"category tag\">Automovilismo<\/a>","tag_info":"Automovilismo","comment_count":"0","_links":{"self":[{"href":"https:\/\/deportodos.com.ar\/2023\/wp-json\/wp\/v2\/posts\/3254","targetHints":{"allow":["GET"]}}],"collection":[{"href":"https:\/\/deportodos.com.ar\/2023\/wp-json\/wp\/v2\/posts"}],"about":[{"href":"https:\/\/deportodos.com.ar\/2023\/wp-json\/wp\/v2\/types\/post"}],"author":[{"embeddable":true,"href":"https:\/\/deportodos.com.ar\/2023\/wp-json\/wp\/v2\/users\/2"}],"replies":[{"embeddable":true,"href":"https:\/\/deportodos.com.ar\/2023\/wp-json\/wp\/v2\/comments?post=3254"}],"version-history":[{"count":1,"href":"https:\/\/deportodos.com.ar\/2023\/wp-json\/wp\/v2\/posts\/3254\/revisions"}],"predecessor-version":[{"id":3256,"href":"https:\/\/deportodos.com.ar\/2023\/wp-json\/wp\/v2\/posts\/3254\/revisions\/3256"}],"wp:featuredmedia":[{"embeddable":true,"href":"https:\/\/deportodos.com.ar\/2023\/wp-json\/wp\/v2\/media\/3255"}],"wp:attachment":[{"href":"https:\/\/deportodos.com.ar\/2023\/wp-json\/wp\/v2\/media?parent=3254"}],"wp:term":[{"taxonomy":"category","embeddable":true,"href":"https:\/\/deportodos.com.ar\/2023\/wp-json\/wp\/v2\/categories?post=3254"},{"taxonomy":"post_tag","embeddable":true,"href":"https:\/\/deportodos.com.ar\/2023\/wp-json\/wp\/v2\/tags?post=3254"}],"curies":[{"name":"wp","href":"https:\/\/api.w.org\/{rel}","templated":true}]}}